{"id":502762,"date":"2022-04-22T09:43:05","date_gmt":"2022-04-22T13:43:05","guid":{"rendered":"https:\/\/diarioelpopular.com\/?p=502762"},"modified":"2022-04-22T09:43:05","modified_gmt":"2022-04-22T13:43:05","slug":"colombia-el-pollo-carvajal-se-habria-negado-a-declarar-sobre-supuesta-financiacion-del-chavismo-a-petro","status":"publish","type":"post","link":"https:\/\/diarioelpopular.com\/index.php\/2022\/04\/22\/colombia-el-pollo-carvajal-se-habria-negado-a-declarar-sobre-supuesta-financiacion-del-chavismo-a-petro\/","title":{"rendered":"Colombia: \u201cEl Pollo\u201d Carvajal se habr\u00eda negado a declarar sobre supuesta financiaci\u00f3n del chavismo a Petro"},"content":{"rendered":"<p>&nbsp;<\/p>\n<p><img loading=\"lazy\" decoding=\"async\" class=\"alignnone size-custom-full-size wp-image-502763\" src=\"https:\/\/diarioelpopular.com\/wp-content\/uploads\/2022\/04\/pollo-carvajal-efe_39847786_20220422071728.jpg\" alt=\"\" width=\"580\" height=\"365\" srcset=\"https:\/\/diarioelpopular.com\/wp-content\/uploads\/2022\/04\/pollo-carvajal-efe_39847786_20220422071728.jpg 580w, https:\/\/diarioelpopular.com\/wp-content\/uploads\/2022\/04\/pollo-carvajal-efe_39847786_20220422071728-300x189.jpg 300w, https:\/\/diarioelpopular.com\/wp-content\/uploads\/2022\/04\/pollo-carvajal-efe_39847786_20220422071728-116x73.jpg 116w\" sizes=\"auto, (max-width: 580px) 100vw, 580px\" \/><\/p>\n<p><em>Carvajal ha buscado frenar su extradici\u00f3n pidiendo asilo pol\u00edtico a Espa\u00f1a, alegando \u201cpersecuci\u00f3n pol\u00edtica\u201d por parte de Estados Unidos. FOTO EFE<\/em><\/p>\n<h4 class=\"lead cita\"><em><strong>&#8211; En la ma\u00f1ana de este viernes, el exmilitar chavista se habr\u00eda abstenido de testificar ante la Corte Suprema de Justicia de Colombia.<\/strong><\/em><\/h4>\n<p><strong><em>MADRID, 22 ABR.-<\/em> <\/strong>La cita que tuvo el general (r) chavista Hugo \u201cEl Pollo\u201d Carvajal, preso en Espa\u00f1a, con la justicia colombiana no result\u00f3 como se esperaba. As\u00ed lo estableci\u00f3 el diario El Tiempo al conocer que el exmilitar venezolano se neg\u00f3 en la ma\u00f1ana de este viernes a entregar declaraciones a la Corte Suprema\u00a0colombiana debido a que est\u00e1 en proceso de extradici\u00f3n hacia Estados Unidos.<\/p>\n<p>Carvajal hab\u00eda sido citado por la magistrada Cristina Lombana para testificar sobre la supuesta financiaci\u00f3n a las campa\u00f1as del. izquierdista Gustavo Petro por parte del chavismo y, posteriormente, del presidente de Venezuela Nicol\u00e1s Maduro. Esto luego de que \u201cEl Pollo\u201d afirmara que ten\u00eda evidencia de que desde el 2008,varios pol\u00edticos latinoamericanos de izquierda recibieron millonarios giros del r\u00e9gimen venezolano, incluido el actual candidato presidencial del partido Pacto Hist\u00f3rico.<\/p>\n<p>Sin embargo, el exmilitar chavista evit\u00f3 referirse al tema debido a su situaci\u00f3n actual con la justicia norteamericana, que lo reclama por delitos de narcotr\u00e1fico.<\/p>\n<p>De acuerdo con El Tiempo,\u00a0Carvajal alcanz\u00f3 a referirse respecto a preguntas del exmagistrado Julio C\u00e9sar Ortiz, abogado de Petro: \u00bfConoce al se\u00f1or Gustavo Petro de vista o ha tenido alg\u00fan contacto con \u00e9l?\u201d y \u201c\u00bfTuvo conocimiento directo o a trav\u00e9s de interpuesta persona o de o\u00eddas de que el se\u00f1or Petro recibi\u00f3 dinero para sus campa\u00f1as?<\/p>\n<p>Seg\u00fan El Tiempo, Carvajar respondi\u00f3 que\u00a0no iba a entregar declaraciones en Espa\u00f1a ni a la justicia colombiana\u00a0porque estaba en un proceso de extradici\u00f3n hacia Estados Unidos.<\/p>\n<p>La cita se dio en una sala espa\u00f1ola, ante miembros del Juzgado sexto de instrucci\u00f3n de Madrid, como lo hab\u00eda solicitado la Corte Suprema de Justicia colombiana.<\/p>\n<p>Las afirmaciones de Carvajal sobre Gustavo Petro se suman a las de Diosdado Cabello\u00a0\u2013segundo hombre del r\u00e9gimen chavista\u2013, que hab\u00eda asegurado p\u00fablicamente que el candidato presidencial del Pacto Hist\u00f3rico les pidi\u00f3 dinero para su campa\u00f1a.<\/p>\n<p>&nbsp;<\/p>\n","protected":false},"excerpt":{"rendered":"<p>&nbsp; Carvajal ha buscado frenar su extradici\u00f3n pidiendo asilo pol\u00edtico a Espa\u00f1a, alegando \u201cpersecuci\u00f3n pol\u00edtica\u201d por parte de Estados Unidos. FOTO EFE &#8211; En la&hellip;<\/p>\n","protected":false},"author":99,"featured_media":502763,"comment_status":"open","ping_status":"open","sticky":false,"template":"","format":"standard","meta":{"footnotes":""},"categories":[23,24],"tags":[],"class_list":["post-502762","post","type-post","status-publish","format-standard","has-post-thumbnail","hentry","category-latinoamerica","category-mundo"],"_links":{"self":[{"href":"https:\/\/diarioelpopular.com\/index.php\/wp-json\/wp\/v2\/posts\/502762","targetHints":{"allow":["GET"]}}],"collection":[{"href":"https:\/\/diarioelpopular.com\/index.php\/wp-json\/wp\/v2\/posts"}],"about":[{"href":"https:\/\/diarioelpopular.com\/index.php\/wp-json\/wp\/v2\/types\/post"}],"author":[{"embeddable":true,"href":"https:\/\/diarioelpopular.com\/index.php\/wp-json\/wp\/v2\/users\/99"}],"replies":[{"embeddable":true,"href":"https:\/\/diarioelpopular.com\/index.php\/wp-json\/wp\/v2\/comments?post=502762"}],"version-history":[{"count":1,"href":"https:\/\/diarioelpopular.com\/index.php\/wp-json\/wp\/v2\/posts\/502762\/revisions"}],"predecessor-version":[{"id":502764,"href":"https:\/\/diarioelpopular.com\/index.php\/wp-json\/wp\/v2\/posts\/502762\/revisions\/502764"}],"wp:featuredmedia":[{"embeddable":true,"href":"https:\/\/diarioelpopular.com\/index.php\/wp-json\/wp\/v2\/media\/502763"}],"wp:attachment":[{"href":"https:\/\/diarioelpopular.com\/index.php\/wp-json\/wp\/v2\/media?parent=502762"}],"wp:term":[{"taxonomy":"category","embeddable":true,"href":"https:\/\/diarioelpopular.com\/index.php\/wp-json\/wp\/v2\/categories?post=502762"},{"taxonomy":"post_tag","embeddable":true,"href":"https:\/\/diarioelpopular.com\/index.php\/wp-json\/wp\/v2\/tags?post=502762"}],"curies":[{"name":"wp","href":"https:\/\/api.w.org\/{rel}","templated":true}]}}