{"id":502783,"date":"2022-04-23T11:45:19","date_gmt":"2022-04-23T15:45:19","guid":{"rendered":"https:\/\/diarioelpopular.com\/?p=502783"},"modified":"2022-04-23T11:45:19","modified_gmt":"2022-04-23T15:45:19","slug":"colombia-los-dichos-de-un-general-inquietan","status":"publish","type":"post","link":"https:\/\/diarioelpopular.com\/index.php\/2022\/04\/23\/colombia-los-dichos-de-un-general-inquietan\/","title":{"rendered":"Colombia: Los dichos de un general inquietan"},"content":{"rendered":"<p>&nbsp;<\/p>\n<p><img loading=\"lazy\" decoding=\"async\" class=\"alignnone size-custom-full-size wp-image-502784\" src=\"https:\/\/diarioelpopular.com\/wp-content\/uploads\/2022\/04\/cfb7828ed6fbad91ce9513b9fce5352b.jpg\" alt=\"\" width=\"476\" height=\"312\" srcset=\"https:\/\/diarioelpopular.com\/wp-content\/uploads\/2022\/04\/cfb7828ed6fbad91ce9513b9fce5352b.jpg 476w, https:\/\/diarioelpopular.com\/wp-content\/uploads\/2022\/04\/cfb7828ed6fbad91ce9513b9fce5352b-300x197.jpg 300w, https:\/\/diarioelpopular.com\/wp-content\/uploads\/2022\/04\/cfb7828ed6fbad91ce9513b9fce5352b-85x55.jpg 85w, https:\/\/diarioelpopular.com\/wp-content\/uploads\/2022\/04\/cfb7828ed6fbad91ce9513b9fce5352b-111x73.jpg 111w\" sizes=\"auto, (max-width: 476px) 100vw, 476px\" \/><\/p>\n<p><em>Ivan Duque, presidente de Colombia<\/em><\/p>\n<h4><em><strong>&#8211; La Constituci\u00f3n proh\u00edbe a los militares participar en pol\u00edtica<\/strong><\/em><\/h4>\n<p><em><strong>BOGOTA 23 ABR &#8211;<\/strong> <\/em>No para la controversia por la respuesta del comandante del Ej\u00e9rcito de Colombia, general Eduardo Zapateiro, a un mensaje en Twitter del candidato presidencial de izquierda, y aliado de Maduro, Gustavo Petro, en el que hablaba de supuesta corrupci\u00f3n de altos oficiales.<br \/>\nLas posiciones de defensa y ataque de unos y otros volvi\u00f3 evidenciar la fractura pol\u00edtica que vive el pa\u00eds, en medio de unas elecciones presidenciales en las que ha brillado la pugnacidad por encima de las ideas y las propuestas, y pese a que los militares est\u00e1n obligados por la Constituci\u00f3n a no participar en pol\u00edtica.<br \/>\nLa situaci\u00f3n la desat\u00f3 un mensaje de Petro en el que dijo que &#8220;mientras los soldados son asesinados por el clan del golfo, algunos de los generales est\u00e1n en la n\u00f3mina del Clan. La c\u00fapula se corrompe cuando son los politiqueros del narcotr\u00e1fico los que terminan ascendiendo a los generales&#8221;.<br \/>\nEn esa misma red social respondi\u00f3 el general Zapateiro: &#8220;Senador, no se valga de su investidura (inviolabilidad parlamentaria) para pretender hacer politiquer\u00eda con la muerte de nuestros soldados, m\u00e1s bien cumpla con su deber ciudadano de denuncia fundamentada ante la @FiscaliaCol de los hechos que usted menciona, sea quien sea&#8221;.<br \/>\nEl general no se qued\u00f3 ah\u00ed, tambi\u00e9n us\u00f3 como argumento contra Petro un episodio que pol\u00edticos de derecha suelen enrostrarle derivado de un video del dirigente pol\u00edtico contando dinero y meti\u00e9ndolo en bolsas de pl\u00e1stico.<br \/>\n&#8220;A ning\u00fan general he visto en televisi\u00f3n recibiendo dinero mal habido. Los colombianos lo han visto a usted recibir dinero en bolsas de basura&#8221;, dispar\u00f3 el Comandante del Ej\u00e9rcito al candidato presidencial, que seg\u00fan las encuestas es el favorito para convertirse en presidente.<br \/>\nDuque no guard\u00f3 silenci\u00f3 frente a lo ocurrido y al ser interrogado por las declaraciones del general lanz\u00f3 cr\u00edticas contra Petro.<br \/>\nPara el Jefe de Estado &#8220;un senador&#8221;, sin mencionar el nombre de Petro, agredi\u00f3 a los militares &#8220;se\u00f1al\u00e1ndolos de c\u00f3mplices del narcotr\u00e1fico&#8221; y agreg\u00f3 que ante una &#8220;acusaci\u00f3n de ese nivel&#8221;, ese congresista deber\u00eda tener &#8220;la gallard\u00eda de denunciarlo&#8221; ante los tribunales, para no &#8220;hacer pol\u00edtica enredando una institucionalidad que pone su vida al servicio de Colombia&#8221;.<br \/>\nPetro no tard\u00f3 en afirmar que la respuesta de Duque era la demostraci\u00f3n de que &#8220;el presidente de Colombia ha roto la Constituci\u00f3n&#8221; y a\u00f1adi\u00f3 que &#8220;nosotros restauraremos el mandato constitucional y protegeremos la institucionalidad del pa\u00eds del quiebre que ha hecho del Estado de Derecho&#8221; el actual mandatario.<br \/>\nEn la discusi\u00f3n terci\u00f3 el candidato presidencial de la derecha, Federico Guti\u00e9rrez, segundo en la intencionalidad de los votantes a la presidenciales del pr\u00f3ximo 29 de mayo, seg\u00fan las encuestas.<br \/>\n&#8220;A m\u00ed s\u00ed me impresiona que indigne m\u00e1s un trino de un militar, que las decenas de polic\u00edas y soldados que han sido asesinados en la \u00faltima semana. La doble moral de algunos sectores pol\u00edticos del pa\u00eds es impresionante. \u00a1Ya ni pena les da! Apoyo a nuestras fuerzas militares&#8221;, escribi\u00f3 el aspirante.<br \/>\nPetro, evadiendo el tema de fondo, le respondi\u00f3: &#8220;A ver, le explicaree candidato; existe una Constituci\u00f3n y el presidente jura respetarla. Entonces si la Constituci\u00f3n ordena que la fuerza p\u00fablica no sea deliberante y no participe del debate electoral, el presidente debe hacer respetar ese mandato. \u00a1Respete la Constituci\u00f3n!&#8221;.<br \/>\nEl art\u00edculo 219 de la Carta Magna precisa que la &#8220;Fuerza P\u00fablica no es deliberante&#8221;, recuerda que los militares activos no tienen derecho al voto y no pueden &#8220;intervenir en actividades o debates de partidos o movimientos pol\u00edticos&#8221;.<br \/>\nPara el alcalde de Medell\u00edn, Daniel Quintero, &#8220;m\u00e1s grave que el comportamiento del General Zapateiro es que el Presidente Duque lo valide&#8221;, precis\u00f3 tambi\u00e9n en Twitter y advirti\u00f3 que &#8220;desde hoy todas las autoridades civiles estamos en riesgo de una intervenci\u00f3n militar. Hemos quedado a un paso de un golpe de Estado&#8221;.<br \/>\nMientras que el senador Rodrigo Lara Restrepo, del partido Cambio Radical (centro-derecha oficialista) y hermano de Rodrigo Lara S\u00e1nchez la f\u00f3rmula vicepresidencial del derechista Guti\u00e9rrez, afirm\u00f3 que &#8220;nunca, ni en los peores momentos de violencia, hab\u00edamos llegado a tal nivel de degradaci\u00f3n institucional&#8221;.<br \/>\nPara el acad\u00e9mico Jairo Libreros, experto en seguridad y defensa, el general Zapateiro debi\u00f3 &#8220;guardar silencio&#8221; frente a los dichos de Petro dado que &#8220;no est\u00e1 autorizado para intervenir en pol\u00edtica&#8221;, al precisar que era el ministro de Defensa, Diego Molano, el que debi\u00f3 encargarse de responderle al senador y candidato izquierdista.<\/p>\n","protected":false},"excerpt":{"rendered":"<p>&nbsp; Ivan Duque, presidente de Colombia &#8211; La Constituci\u00f3n proh\u00edbe a los militares participar en pol\u00edtica BOGOTA 23 ABR &#8211; No para la controversia por&hellip;<\/p>\n","protected":false},"author":99,"featured_media":502784,"comment_status":"open","ping_status":"open","sticky":false,"template":"","format":"standard","meta":{"footnotes":""},"categories":[23],"tags":[],"class_list":["post-502783","post","type-post","status-publish","format-standard","has-post-thumbnail","hentry","category-latinoamerica"],"_links":{"self":[{"href":"https:\/\/diarioelpopular.com\/index.php\/wp-json\/wp\/v2\/posts\/502783","targetHints":{"allow":["GET"]}}],"collection":[{"href":"https:\/\/diarioelpopular.com\/index.php\/wp-json\/wp\/v2\/posts"}],"about":[{"href":"https:\/\/diarioelpopular.com\/index.php\/wp-json\/wp\/v2\/types\/post"}],"author":[{"embeddable":true,"href":"https:\/\/diarioelpopular.com\/index.php\/wp-json\/wp\/v2\/users\/99"}],"replies":[{"embeddable":true,"href":"https:\/\/diarioelpopular.com\/index.php\/wp-json\/wp\/v2\/comments?post=502783"}],"version-history":[{"count":1,"href":"https:\/\/diarioelpopular.com\/index.php\/wp-json\/wp\/v2\/posts\/502783\/revisions"}],"predecessor-version":[{"id":502785,"href":"https:\/\/diarioelpopular.com\/index.php\/wp-json\/wp\/v2\/posts\/502783\/revisions\/502785"}],"wp:featuredmedia":[{"embeddable":true,"href":"https:\/\/diarioelpopular.com\/index.php\/wp-json\/wp\/v2\/media\/502784"}],"wp:attachment":[{"href":"https:\/\/diarioelpopular.com\/index.php\/wp-json\/wp\/v2\/media?parent=502783"}],"wp:term":[{"taxonomy":"category","embeddable":true,"href":"https:\/\/diarioelpopular.com\/index.php\/wp-json\/wp\/v2\/categories?post=502783"},{"taxonomy":"post_tag","embeddable":true,"href":"https:\/\/diarioelpopular.com\/index.php\/wp-json\/wp\/v2\/tags?post=502783"}],"curies":[{"name":"wp","href":"https:\/\/api.w.org\/{rel}","templated":true}]}}