{"id":502789,"date":"2022-04-23T11:59:24","date_gmt":"2022-04-23T15:59:24","guid":{"rendered":"https:\/\/diarioelpopular.com\/?p=502789"},"modified":"2022-04-23T11:59:24","modified_gmt":"2022-04-23T15:59:24","slug":"la-justicia-de-ecuador-firma-solicitud-de-extradicion-del-ex-presidente-correa","status":"publish","type":"post","link":"https:\/\/diarioelpopular.com\/index.php\/2022\/04\/23\/la-justicia-de-ecuador-firma-solicitud-de-extradicion-del-ex-presidente-correa\/","title":{"rendered":"La Justicia de Ecuador firma solicitud de extradici\u00f3n del ex presidente Correa"},"content":{"rendered":"<p><img loading=\"lazy\" decoding=\"async\" class=\"alignnone size-custom-full-size wp-image-502790\" src=\"https:\/\/diarioelpopular.com\/wp-content\/uploads\/2022\/04\/ECUADOR-CORREA_SENTENCIA_39337-636x358.jpg\" alt=\"\" width=\"636\" height=\"358\" srcset=\"https:\/\/diarioelpopular.com\/wp-content\/uploads\/2022\/04\/ECUADOR-CORREA_SENTENCIA_39337-636x358.jpg 636w, https:\/\/diarioelpopular.com\/wp-content\/uploads\/2022\/04\/ECUADOR-CORREA_SENTENCIA_39337-300x169.jpg 300w, https:\/\/diarioelpopular.com\/wp-content\/uploads\/2022\/04\/ECUADOR-CORREA_SENTENCIA_39337-768x432.jpg 768w, https:\/\/diarioelpopular.com\/wp-content\/uploads\/2022\/04\/ECUADOR-CORREA_SENTENCIA_39337-130x73.jpg 130w, https:\/\/diarioelpopular.com\/wp-content\/uploads\/2022\/04\/ECUADOR-CORREA_SENTENCIA_39337.jpg 1024w\" sizes=\"auto, (max-width: 636px) 100vw, 636px\" \/><\/p>\n<p><em>ARCHIVO &#8211; En esta foto de archivo del 5 de julio de 2018, el expresidente de Ecuador, Rafael Correa, da una entrevista en la casa de su familia cerca de Bruselas, B\u00e9lgica. Un tribunal ecuatoriano declar\u00f3 a Correa culpable de corrupci\u00f3n el 7 de abril de 2020 y lo sentenci\u00f3 a ocho a\u00f1os de prisi\u00f3n. AP FOTO, ARCHIVO Mark Carlson<\/em><\/p>\n<p>&nbsp;<\/p>\n<p><em><strong>&#8211; El presidente de la Corte Nacional de Justicia de Ecuador, Iv\u00e1n Saquicela, anunci\u00f3 que firm\u00f3 una providencia con la que solicita formalmente la extradici\u00f3n del expresidente Rafael Correa, pr\u00f3fugo de la Justicia en B\u00e9lgica y condenado en 2020 a ocho a\u00f1os de prisi\u00f3n por cohecho. <\/strong><\/em><\/p>\n<p>&nbsp;<\/p>\n<p><em><strong>QUITO, 23 ABR.-<\/strong> <\/em>El juez, que dijo haber firmado el documento en la v\u00edspera, lo revel\u00f3 en una entrevista con el canal de televisi\u00f3n local Teleamazonas, el mismo d\u00eda que se conoci\u00f3 que B\u00e9lgica otorg\u00f3 asilo pol\u00edtico con estatus de refugiado a Correa, quien niega las acusaciones y aduce ser objeto de una persecuci\u00f3n pol\u00edtica.<\/p>\n<p>Correa fue condenado por cohecho e inhabilitaci\u00f3n pol\u00edtica de 25 a\u00f1os en el caso \u201cSobornos 2012-2016\u201d, una trama en la que se recibieron aportes indebidos en el palacio presidencial de Carondelet para la financiaci\u00f3n irregular del movimiento oficialista Alianza Pa\u00eds, a cambio de la adjudicaci\u00f3n de millonarios contratos del Estado a diversas empresas, entre ellas la brasile\u00f1a Odebrecht.<\/p>\n<p>En ese mismo caso de corrupci\u00f3n fueron condenados una veintena de personas, entre ex altos funcionarios, como el exvicepresidente Jorge Glas, quien recientemente sali\u00f3 en libertad gracias a un pol\u00e9mico habeas corpus.<\/p>\n<p>Correa, que gobern\u00f3 Ecuador de 2007 a 2017, se instal\u00f3 en B\u00e9lgica poco despu\u00e9s de concluir su mandato y no ha regresado al pa\u00eds desde inicios de 2018, cuando comenzaron a abrirse procesos de investigaci\u00f3n contra \u00e9l y, en dos de ellos, se emitieron \u00f3rdenes de arresto preventiva.<\/p>\n<p>En una resoluci\u00f3n a la que tuvo acceso Efe y fechada el pasado 15 de abril, el comisariado general de refugiados y ap\u00e1tridas (CGRS) de B\u00e9lgica confirm\u00f3 que otorgaba a Correa el estatus de refugiado en este pa\u00eds, de donde es oriunda su esposa, Ann Malherbede.<\/p>\n<p>El abogado de Correa, Christophe Marchand, explic\u00f3 que la solicitud de asilo se hab\u00eda puesto en marcha tras iniciarse en 2018 en Ecuador un proceso legal que le relacionaba con el supuesto secuestro de un opositor en 2012, el llamado \u201ccaso Balda\u201d. Correa ya hab\u00eda sido requerido en 2018 por la Justicia ecuatoriana, entonces por el secuestro en Colombia del opositor pol\u00edtico Fernando Balda.<\/p>\n<p>En aquella ocasi\u00f3n, la Interpol rechaz\u00f3 la solicitud de arresto con fines de extradici\u00f3n desde B\u00e9lgica al considerar que \u201cla retenci\u00f3n de los datos no era compatible con su obligaci\u00f3n de asegurar la efectiva cooperaci\u00f3n entre autoridades policiales dentro del marco de respeto a la Declaraci\u00f3n Universal de Derechos Humanos\u201d.<\/p>\n<p>Sin embargo, en relaci\u00f3n al proceso del plagio del activista pol\u00edtico, el exjefe de la inteligencia ecuatoriana Pablo Romero s\u00ed fue aprehendido por las autoridades espa\u00f1olas tras ser ubicado por Interpol, y extraditado a Ecuador en 2020, donde fue condenado a nueve a\u00f1os de c\u00e1rcel por el delito de secuestro.<\/p>\n<p>&nbsp;<\/p>\n","protected":false},"excerpt":{"rendered":"<p>ARCHIVO &#8211; En esta foto de archivo del 5 de julio de 2018, el expresidente de Ecuador, Rafael Correa, da una entrevista en la casa&hellip;<\/p>\n","protected":false},"author":99,"featured_media":502790,"comment_status":"open","ping_status":"open","sticky":false,"template":"","format":"standard","meta":{"footnotes":""},"categories":[23],"tags":[],"class_list":["post-502789","post","type-post","status-publish","format-standard","has-post-thumbnail","hentry","category-latinoamerica"],"_links":{"self":[{"href":"https:\/\/diarioelpopular.com\/index.php\/wp-json\/wp\/v2\/posts\/502789","targetHints":{"allow":["GET"]}}],"collection":[{"href":"https:\/\/diarioelpopular.com\/index.php\/wp-json\/wp\/v2\/posts"}],"about":[{"href":"https:\/\/diarioelpopular.com\/index.php\/wp-json\/wp\/v2\/types\/post"}],"author":[{"embeddable":true,"href":"https:\/\/diarioelpopular.com\/index.php\/wp-json\/wp\/v2\/users\/99"}],"replies":[{"embeddable":true,"href":"https:\/\/diarioelpopular.com\/index.php\/wp-json\/wp\/v2\/comments?post=502789"}],"version-history":[{"count":1,"href":"https:\/\/diarioelpopular.com\/index.php\/wp-json\/wp\/v2\/posts\/502789\/revisions"}],"predecessor-version":[{"id":502791,"href":"https:\/\/diarioelpopular.com\/index.php\/wp-json\/wp\/v2\/posts\/502789\/revisions\/502791"}],"wp:featuredmedia":[{"embeddable":true,"href":"https:\/\/diarioelpopular.com\/index.php\/wp-json\/wp\/v2\/media\/502790"}],"wp:attachment":[{"href":"https:\/\/diarioelpopular.com\/index.php\/wp-json\/wp\/v2\/media?parent=502789"}],"wp:term":[{"taxonomy":"category","embeddable":true,"href":"https:\/\/diarioelpopular.com\/index.php\/wp-json\/wp\/v2\/categories?post=502789"},{"taxonomy":"post_tag","embeddable":true,"href":"https:\/\/diarioelpopular.com\/index.php\/wp-json\/wp\/v2\/tags?post=502789"}],"curies":[{"name":"wp","href":"https:\/\/api.w.org\/{rel}","templated":true}]}}