{"id":502835,"date":"2022-04-26T08:12:27","date_gmt":"2022-04-26T12:12:27","guid":{"rendered":"https:\/\/diarioelpopular.com\/?p=502835"},"modified":"2022-04-26T08:13:04","modified_gmt":"2022-04-26T12:13:04","slug":"venezuela-carvajal-dice-tener-informacion-sobre-vinculos-entre-petro-y-maduro","status":"publish","type":"post","link":"https:\/\/diarioelpopular.com\/index.php\/2022\/04\/26\/venezuela-carvajal-dice-tener-informacion-sobre-vinculos-entre-petro-y-maduro\/","title":{"rendered":"VENEZUELA: Carvajal dice tener informaci\u00f3n sobre v\u00ednculos entre Petro y Maduro"},"content":{"rendered":"<h4><img loading=\"lazy\" decoding=\"async\" class=\"alignnone size-custom-full-size wp-image-502836\" src=\"https:\/\/diarioelpopular.com\/wp-content\/uploads\/2022\/04\/caracoltv.brightspotcdn-636x334.jpg\" alt=\"\" width=\"636\" height=\"334\" srcset=\"https:\/\/diarioelpopular.com\/wp-content\/uploads\/2022\/04\/caracoltv.brightspotcdn-636x334.jpg 636w, https:\/\/diarioelpopular.com\/wp-content\/uploads\/2022\/04\/caracoltv.brightspotcdn-300x158.jpg 300w, https:\/\/diarioelpopular.com\/wp-content\/uploads\/2022\/04\/caracoltv.brightspotcdn-768x403.jpg 768w, https:\/\/diarioelpopular.com\/wp-content\/uploads\/2022\/04\/caracoltv.brightspotcdn-1200x630.jpg 1200w, https:\/\/diarioelpopular.com\/wp-content\/uploads\/2022\/04\/caracoltv.brightspotcdn-139x73.jpg 139w, https:\/\/diarioelpopular.com\/wp-content\/uploads\/2022\/04\/caracoltv.brightspotcdn.jpg 1024w\" sizes=\"auto, (max-width: 636px) 100vw, 636px\" \/><\/h4>\n<h4><em><strong>&#8211; El ex jefe de esp\u00edas venezolano Hugo \u2018El Pollo\u2019 Carvajal tiene informaci\u00f3n que vincula al candidato izquierdista colombiano Gustavo Petro y el r\u00e9gimen de Nicol\u00e1s Maduro en Venezuela, asegur\u00f3 su abogada. <\/strong><\/em><\/h4>\n<p>Carvajal, quien entabla una lucha legal en Espa\u00f1a para evitar ser extraditado a Estados Unidos, ha brindado detalles en los \u00faltimos meses sobre c\u00f3mo el r\u00e9gimen socialista de Venezuela ha financiado a candidatos y partidos de izquierda en Espa\u00f1a e Italia y varios pa\u00edses de Am\u00e9rica Latina.<\/p>\n<p>En una entrevista brindada a RCN y NTN24, la abogada de Carvajal, Mar\u00eda Dolores de Arguelles, reiter\u00f3 que el militar venezolano tiene informaci\u00f3n sobre la injerencia del r\u00e9gimen de Maduro en la pol\u00edtica de Colombia. \u201c\u00c9l (Carvajal) tiene informaci\u00f3n importante sobre Gustavo Petro y (la ex senadora) Piedad C\u00f3rdoba, por ello pide reunirse con el embajador de Colombia en Espa\u00f1a y delegados de su caso en Estados Unidos, para que una vez lleguen a un acuerdo, \u00e9l revele lo que sabe\u201d, manifest\u00f3 de Arguelles en la entrevista telef\u00f3nica. Las declaraciones de la abogada desestiman las declaraciones previas del propio Petro, quien hab\u00eda manifestado que Carvajal no ten\u00eda nada que declarar sobre Colombia.<\/p>\n<p>Petro, quien encabeza la intenci\u00f3n de voto de cara a las elecciones presidenciales del 29 de mayo en Colombia, ha intentando distanciarse del r\u00e9gimen socialista de Caracas aunque en el pasado se hab\u00eda resistido a calificar al fallecido presidente Hugo Ch\u00e1vez como un dictador.<\/p>\n<p>Las declaraciones la abogada se producen pocos d\u00edas despu\u00e9s que Carvajal se negara a contestar preguntas de la magistrada de la Corte Suprema de Justicia, Cristina Lombana, quien hab\u00eda viajado hasta Espa\u00f1a para interrogar al militar venezolano. En la entrevista, De Arguelles explic\u00f3 que la negativa no se trataba de que Carvajal no quisiera colaborar, sino que en este momento est\u00e1 concentrado en su lucha por evitar su extradici\u00f3n a Estados Unidos. Agreg\u00f3 que una vez resuelto ese tema, el ex general mayor venezolano estar\u00eda dispuesto a colaborar con Colombia.<\/p>\n<p>\u201cMi cliente asegura que tiene con Colombia un deber especial de rendici\u00f3n de cuentas y de colaboraci\u00f3n por tantos a\u00f1os que ha maltratado Venezuela a Colombia, que \u00e9l estar\u00eda dispuesto a ayudar en cualquier caso pero que su situaci\u00f3n ahora mismo es complicada porque depende de lo que pueda pasar en su proceso con Estados Unidos\u201d, dijo De Arguelles. Carvajal, hombre de confianza de Ch\u00e1vez que encabez\u00f3 por m\u00e1s de una d\u00e9cada la Direcci\u00f3n General de Contrainteligencia Militar (DGCIM), enfrenta cargos de narcotr\u00e1fico en Estados Unidos.<\/p>\n<p>Previamente, el ex jefe de esp\u00edas venezolano hab\u00eda dado detalles sobre el financiamiento ilegal de Caracas al partido izquierdista espa\u00f1ol Podemos y a su similar italiano Cinco Estrellas. El militar tambi\u00e9n hab\u00eda se\u00f1alado que el financiamiento il\u00edcito desde Venezuela favoreci\u00f3 a una extensa lista de l\u00edderes latinoamericanos y que la maleta llena de d\u00f3lares enviada a Fern\u00e1ndez de Kirchner en el famoso esc\u00e1ndalo del 2007 era solo una de muchas otras.<\/p>\n<p>Seg\u00fan el militar venezolano, el r\u00e9gimen de Caracas otorg\u00f3 cerca de $20 millones a los movimientos de izquierda argentinos a trav\u00e9s del env\u00edo regular de las maletas. Carvajal, capturado en septiembre tras permanecer pr\u00f3fugo por casi dos a\u00f1os en Espa\u00f1a, es acusado de haber coordinado el env\u00edo de 5.6 toneladas de coca\u00edna, encontradas en M\u00e9xico dentro de un avi\u00f3n DC-9 que parti\u00f3 de Venezuela en el 2006, en un famoso caso que tambi\u00e9n vincula al conocido narcotraficante Walid Makled.<\/p>\n<p>En otro caso en su contra preparado por la Fiscal\u00eda Federal del Distrito Sur de Florida, el militar es acusado de asistir en las operaciones en Venezuela del Cartel del Norte del Valle y, en particular, asistir al narcotraficante colombiano Wilber Arilio Varela Fajardo, tambi\u00e9n conocido como \u201cJab\u00f3n\u201d, antes de que \u00e9ste apareciera muerto en la ciudad venezolana de M\u00e9rida en el 2008. Seg\u00fan las investigaciones estadounidenses, Carvajal es uno de los miembros fundadores del denominado Cartel de Los Soles y era la persona encargada de brindar seguridad a los env\u00edos de droga a trav\u00e9s de territorio venezolano, en operaciones que eran coordinadas con las Fuerzas Armadas Revolucionarias de Colombia y que en ocasiones implicaban el intercambio de coca\u00edna por armamento de guerra.<\/p>\n","protected":false},"excerpt":{"rendered":"<p>&#8211; El ex jefe de esp\u00edas venezolano Hugo \u2018El Pollo\u2019 Carvajal tiene informaci\u00f3n que vincula al candidato izquierdista colombiano Gustavo Petro y el r\u00e9gimen de&hellip;<\/p>\n","protected":false},"author":99,"featured_media":502836,"comment_status":"open","ping_status":"open","sticky":false,"template":"","format":"standard","meta":{"footnotes":""},"categories":[23],"tags":[],"class_list":["post-502835","post","type-post","status-publish","format-standard","has-post-thumbnail","hentry","category-latinoamerica"],"_links":{"self":[{"href":"https:\/\/diarioelpopular.com\/index.php\/wp-json\/wp\/v2\/posts\/502835","targetHints":{"allow":["GET"]}}],"collection":[{"href":"https:\/\/diarioelpopular.com\/index.php\/wp-json\/wp\/v2\/posts"}],"about":[{"href":"https:\/\/diarioelpopular.com\/index.php\/wp-json\/wp\/v2\/types\/post"}],"author":[{"embeddable":true,"href":"https:\/\/diarioelpopular.com\/index.php\/wp-json\/wp\/v2\/users\/99"}],"replies":[{"embeddable":true,"href":"https:\/\/diarioelpopular.com\/index.php\/wp-json\/wp\/v2\/comments?post=502835"}],"version-history":[{"count":2,"href":"https:\/\/diarioelpopular.com\/index.php\/wp-json\/wp\/v2\/posts\/502835\/revisions"}],"predecessor-version":[{"id":502838,"href":"https:\/\/diarioelpopular.com\/index.php\/wp-json\/wp\/v2\/posts\/502835\/revisions\/502838"}],"wp:featuredmedia":[{"embeddable":true,"href":"https:\/\/diarioelpopular.com\/index.php\/wp-json\/wp\/v2\/media\/502836"}],"wp:attachment":[{"href":"https:\/\/diarioelpopular.com\/index.php\/wp-json\/wp\/v2\/media?parent=502835"}],"wp:term":[{"taxonomy":"category","embeddable":true,"href":"https:\/\/diarioelpopular.com\/index.php\/wp-json\/wp\/v2\/categories?post=502835"},{"taxonomy":"post_tag","embeddable":true,"href":"https:\/\/diarioelpopular.com\/index.php\/wp-json\/wp\/v2\/tags?post=502835"}],"curies":[{"name":"wp","href":"https:\/\/api.w.org\/{rel}","templated":true}]}}