{"id":502843,"date":"2022-04-26T08:59:55","date_gmt":"2022-04-26T12:59:55","guid":{"rendered":"https:\/\/diarioelpopular.com\/?p=502843"},"modified":"2022-04-26T08:59:55","modified_gmt":"2022-04-26T12:59:55","slug":"el-salvador-sigue-bajo-regimen-de-excepcion-y-registra-mas-de-17-000-capturas","status":"publish","type":"post","link":"https:\/\/diarioelpopular.com\/index.php\/2022\/04\/26\/el-salvador-sigue-bajo-regimen-de-excepcion-y-registra-mas-de-17-000-capturas\/","title":{"rendered":"El Salvador sigue bajo r\u00e9gimen de excepci\u00f3n y registra m\u00e1s de 17.000 capturas"},"content":{"rendered":"<p><img loading=\"lazy\" decoding=\"async\" class=\"alignnone size-custom-full-size wp-image-502844\" src=\"https:\/\/diarioelpopular.com\/wp-content\/uploads\/2022\/04\/fqrkdt1wuaiquo2_39867214_20220425155453-636x461.jpg\" alt=\"\" width=\"636\" height=\"461\" srcset=\"https:\/\/diarioelpopular.com\/wp-content\/uploads\/2022\/04\/fqrkdt1wuaiquo2_39867214_20220425155453-636x461.jpg 636w, https:\/\/diarioelpopular.com\/wp-content\/uploads\/2022\/04\/fqrkdt1wuaiquo2_39867214_20220425155453-300x217.jpg 300w, https:\/\/diarioelpopular.com\/wp-content\/uploads\/2022\/04\/fqrkdt1wuaiquo2_39867214_20220425155453-768x556.jpg 768w, https:\/\/diarioelpopular.com\/wp-content\/uploads\/2022\/04\/fqrkdt1wuaiquo2_39867214_20220425155453-101x73.jpg 101w, https:\/\/diarioelpopular.com\/wp-content\/uploads\/2022\/04\/fqrkdt1wuaiquo2_39867214_20220425155453.jpg 780w\" sizes=\"auto, (max-width: 636px) 100vw, 636px\" \/><\/p>\n<p><em>Supuestos miembros de pandillas en El Salvador. <\/em><\/p>\n<p><em>FOTO: TOMADA DE TWITTER @NAYIBBUKELE.<\/em><\/p>\n<p>&nbsp;<\/p>\n<h4 class=\"lead cita\"><em><strong>&#8211; La medida fue ampliada por el Congreso este domingo a pesar de los cuestionamientos de Amnist\u00eda Internacional.<\/strong><\/em><\/h4>\n<p>El Salvador\u00a0super\u00f3 las 17.000 capturas de supuestos pandilleros\u00a0bajo un r\u00e9gimen de excepci\u00f3n\u00a0que se acerca al fin de su primer t\u00e9rmino, pero, que continuar\u00e1 hasta finales de mayo tras la aprobaci\u00f3n de su extensi\u00f3n en el Congreso. La medida ha sido denominada por Amnist\u00eda Internacional (AI) como una \u201ctormenta perfecta de violaciones de derechos humanos\u201d.<\/p>\n<p>El Legislativo otorg\u00f3 poderes especiales al gobierno del presidente Nayib Bukele a finales de marzo para lanzar su \u201cguerra contra las pandillas\u201d y este domingo le garantiz\u00f3 la continuidad, pero, dicha ampliaci\u00f3n entrar\u00e1 en vigor cuando se publique en el Diario Oficial.<\/p>\n<p>La Asamblea Legislativa aprob\u00f3 el 27 de marzo pasado el estado de excepci\u00f3n por 30 d\u00edas luego de una oleada de asesinatos que en tres d\u00edas cobr\u00f3 la vida de\u00a087 personas, asesinatos que solo el d\u00eda 26 de marzo llegaron a 62. Esta es la cifra m\u00e1s alta en la historia reciente del pa\u00eds centroamericano registrada en un solo d\u00eda.<\/p>\n<p>El vencimiento de los primeros 30 d\u00edas de la suspensi\u00f3n de garant\u00edas constitucionales se cumplir\u00eda este mi\u00e9rcoles 27 de abril, pero el s\u00e1bado por la noche el presidente Bukele convoc\u00f3 al Consejo de Ministro para que solicitara al Congreso la\u00a0ampliaci\u00f3n del estado de excepci\u00f3n.<\/p>\n<p>La Constituci\u00f3n salvadore\u00f1a se\u00f1ala que se deben mantener las mismas condiciones que propiciaron la aprobaci\u00f3n del r\u00e9gimen de excepci\u00f3n para que este se pueda ampliar.<\/p>\n<p>El Gobierno de Bukele se\u00f1al\u00f3 en la solicitud de ampliaci\u00f3n que a pesar de haber controlado la ola de asesinatos, era necesario ampliar la suspensi\u00f3n de derechos constitucionales\u00a0por la cantidad de pandilleros en libertad.<\/p>\n<p>El Ejecutivo, que cifra en m\u00e1s de 70.000 la cantidad de pandilleros en territorio salvadore\u00f1o, argument\u00f3 que la \u201cola criminal\u201d se mantiene \u201ca pesar de las capturas y la disminuci\u00f3n de homicidios\u201d.<\/p>\n<p>La nueva propuesta lleg\u00f3 la tarde del domingo y fue aprobada en la noche por el oficialismo con el apoyo de partidos aliados y sin an\u00e1lisis ni discusi\u00f3n parlamentaria.<\/p>\n<p>Con esta ampliaci\u00f3n, quedar\u00e1n suspendidos hasta finales de mayo los\u00a0derechos a la asociaci\u00f3n y reuni\u00f3n\u00a0y\u00a0a la defensa en caso de detenci\u00f3n.Tambi\u00e9n, la detenci\u00f3n administrativa pasa de un plazo m\u00e1ximo de 3 d\u00edas a 15 d\u00edas.<\/p>\n<p>Tambi\u00e9n se suspende la inviolabilidad de la correspondencia y de las telecomunicaciones sin orden judicial.<\/p>\n<p><b>La \u201ctormenta perfecta\u201d<\/b><\/p>\n<p>Erika Guevara-Rosas, directora para las Am\u00e9ricas de Amnist\u00eda Internacional, se\u00f1al\u00f3 en un comunicado de la organizaci\u00f3n que \u201cen los \u00faltimos 30 d\u00edas, el Gobierno de Bukele\u00a0ha pisoteado los derechos del pueblo salvadore\u00f1o\u201d.<\/p>\n<p>\u201cDesde reformas legales que incumplen las normas internacionales, hasta detenciones arbitrarias masivas y malos tratos a los detenidos, las autoridades salvadore\u00f1as han creado una tormenta perfecta de violaciones de derechos humanos, que ahora se espera que contin\u00fae con la pr\u00f3rroga del decreto de emergencia\u201d, indic\u00f3 Guevara-Rosas.<\/p>\n<p>Record\u00f3 que bajo el r\u00e9gimen de excepci\u00f3n se aprobaron reformas penales con las que \u201clos ni\u00f1os de\u00a0entre 12 y 16 a\u00f1os\u00a0est\u00e1n sometidos a penas de prisi\u00f3n de hasta 10 a\u00f1os\u201d<\/p>\n<p>Agreg\u00f3 que en este contexto \u201clas personas de las comunidades pobres y marginadas pueden ser detenidas arbitrariamente sin derecho a la defensa legal, los presos pueden ser retenidos sin suficiente comida o aire fresco, y los periodistas pueden ser encarcelados simplemente por informar sobre actividades relacionadas con las pandillas\u201d.<\/p>\n<p>\u201cEl gobierno debe poner fin a su postura hostil contra la sociedad civil y la comunidad internacional y hacer un balance de los terribles efectos que sus pol\u00edticas est\u00e1n teniendo sobre los derechos humanos\u201d, subray\u00f3.<\/p>\n<p><b>M\u00e1s de 17.000 detenidos<\/b><\/p>\n<p>De acuerdo con el presidente Bukele, hasta el domingo han sido capturados m\u00e1s de 17.000\u00a0supuestos miembros de pandillas\u00a0o personas vinculadas a estas bandas.<\/p>\n<p>Sin embargo, hasta el momento las autoridades de Seguridad no han especificado cu\u00e1ntos de los capturados, en su mayor\u00eda\u00a0j\u00f3venes y hombres adultos, pertenecen a pandillas y cu\u00e1ntas son personas afines.<\/p>\n<p>En redes sociales, principalmente en Twitter, contin\u00faan las denuncias de capturas de salvadore\u00f1os que, de acuerdo con las publicaciones,\u00a0no tienen alg\u00fan vinculo con dichas estructuras, se\u00f1aladas de ser las responsables de la escalada de homicidios a finales de marzo.<\/p>\n<p>Mientras, la Procuradur\u00eda para la Defensa de los Derechos Humanos (PDDH) y organizaciones humanitarias han recibido unas\u00a0200 denuncias de abusos de las fuerzas de seguridad, principalmente por detenciones arbitrarias.<\/p>\n","protected":false},"excerpt":{"rendered":"<p>Supuestos miembros de pandillas en El Salvador. FOTO: TOMADA DE TWITTER @NAYIBBUKELE. &nbsp; &#8211; La medida fue ampliada por el Congreso este domingo a pesar&hellip;<\/p>\n","protected":false},"author":99,"featured_media":502844,"comment_status":"open","ping_status":"open","sticky":false,"template":"","format":"standard","meta":{"footnotes":""},"categories":[23],"tags":[],"class_list":["post-502843","post","type-post","status-publish","format-standard","has-post-thumbnail","hentry","category-latinoamerica"],"_links":{"self":[{"href":"https:\/\/diarioelpopular.com\/index.php\/wp-json\/wp\/v2\/posts\/502843","targetHints":{"allow":["GET"]}}],"collection":[{"href":"https:\/\/diarioelpopular.com\/index.php\/wp-json\/wp\/v2\/posts"}],"about":[{"href":"https:\/\/diarioelpopular.com\/index.php\/wp-json\/wp\/v2\/types\/post"}],"author":[{"embeddable":true,"href":"https:\/\/diarioelpopular.com\/index.php\/wp-json\/wp\/v2\/users\/99"}],"replies":[{"embeddable":true,"href":"https:\/\/diarioelpopular.com\/index.php\/wp-json\/wp\/v2\/comments?post=502843"}],"version-history":[{"count":1,"href":"https:\/\/diarioelpopular.com\/index.php\/wp-json\/wp\/v2\/posts\/502843\/revisions"}],"predecessor-version":[{"id":502845,"href":"https:\/\/diarioelpopular.com\/index.php\/wp-json\/wp\/v2\/posts\/502843\/revisions\/502845"}],"wp:featuredmedia":[{"embeddable":true,"href":"https:\/\/diarioelpopular.com\/index.php\/wp-json\/wp\/v2\/media\/502844"}],"wp:attachment":[{"href":"https:\/\/diarioelpopular.com\/index.php\/wp-json\/wp\/v2\/media?parent=502843"}],"wp:term":[{"taxonomy":"category","embeddable":true,"href":"https:\/\/diarioelpopular.com\/index.php\/wp-json\/wp\/v2\/categories?post=502843"},{"taxonomy":"post_tag","embeddable":true,"href":"https:\/\/diarioelpopular.com\/index.php\/wp-json\/wp\/v2\/tags?post=502843"}],"curies":[{"name":"wp","href":"https:\/\/api.w.org\/{rel}","templated":true}]}}