{"id":502891,"date":"2022-04-27T09:52:33","date_gmt":"2022-04-27T13:52:33","guid":{"rendered":"https:\/\/diarioelpopular.com\/?p=502891"},"modified":"2022-04-27T09:52:33","modified_gmt":"2022-04-27T13:52:33","slug":"ecuador-detienen-a-mujer-que-intento-vender-a-su-hija-de-2-anos-por-us-400-a-traves-de-facebook","status":"publish","type":"post","link":"https:\/\/diarioelpopular.com\/index.php\/2022\/04\/27\/ecuador-detienen-a-mujer-que-intento-vender-a-su-hija-de-2-anos-por-us-400-a-traves-de-facebook\/","title":{"rendered":"Ecuador: Detienen a mujer que intent\u00f3 vender a su hija de 2 a\u00f1os por US$ 400 a trav\u00e9s de Facebook"},"content":{"rendered":"<p>&nbsp;<\/p>\n<p><img loading=\"lazy\" decoding=\"async\" class=\"alignnone size-custom-full-size wp-image-502892\" src=\"https:\/\/diarioelpopular.com\/wp-content\/uploads\/2022\/04\/1.QCSU_-636x362.jpg\" alt=\"\" width=\"636\" height=\"362\" srcset=\"https:\/\/diarioelpopular.com\/wp-content\/uploads\/2022\/04\/1.QCSU_-636x362.jpg 636w, https:\/\/diarioelpopular.com\/wp-content\/uploads\/2022\/04\/1.QCSU_-300x171.jpg 300w, https:\/\/diarioelpopular.com\/wp-content\/uploads\/2022\/04\/1.QCSU_-768x437.jpg 768w, https:\/\/diarioelpopular.com\/wp-content\/uploads\/2022\/04\/1.QCSU_-128x73.jpg 128w, https:\/\/diarioelpopular.com\/wp-content\/uploads\/2022\/04\/1.QCSU_.jpg 800w\" sizes=\"auto, (max-width: 636px) 100vw, 636px\" \/><\/p>\n<h4 class=\"sht__summary\"><em><strong>&#8211; La mujer puso un anuncio en Facebook ofertando a su hija porque no pod\u00eda mantenerla. La menor fue entregada a su abuela, quien no ten\u00eda conocimiento del hecho.<\/strong><\/em><\/h4>\n<p class=\"story-contents__font-paragraph \">Una mujer fue detenida en\u00a0<a href=\"https:\/\/elcomercio.pe\/noticias\/ecuador\/\" target=\"_blank\" rel=\"noopener\">Ecuador\u00a0<\/a>luego que las autoridades descubrieran que intent\u00f3 vender a su hija de dos a\u00f1os por 400 d\u00f3lares a trav\u00e9s de las redes sociales. En la publicaci\u00f3n de\u00a0<a href=\"https:\/\/elcomercio.pe\/noticias\/Facebook\/\" target=\"_blank\" rel=\"noopener\">Facebook<\/a>, ella dej\u00f3 el n\u00famero de tel\u00e9fono para que la contactaran.<\/p>\n<div class=\"content_gpt_caja3\">\n<div id=\"gpt_caja3\" data-ads-name=\"\/28253241\/elcomercio\/web\/post\/mundo\/caja3\" data-ads-dimensions-m=\"[[300, 100], [320, 50], [300, 50], [320, 100], [300, 250]]\" data-bloque=\"3\" data-prebid-enabled=\"true\">Los agentes de la Direcci\u00f3n Nacional de Polic\u00eda Especializada para Ni\u00f1os, Ni\u00f1as y Adolescentes (Dinapen) de Ecuador arrestaron a la mujer luego de coordinar un encuentro a trav\u00e9s del n\u00famero que dej\u00f3 registrado, el mismo que fue utilizado por la polic\u00eda para atraparla, se\u00f1ala\u00a0<a href=\"https:\/\/www.eluniverso.com\/noticias\/ecuador\/aprehenden-a-mujer-que-supuestamente-intentaba-vender-a-su-hija-de-dos-anos-a-traves-de-red-social-nota\/\" target=\"_blank\" rel=\"noopener\">El Universo<\/a>.<\/div>\n<div data-ads-name=\"\/28253241\/elcomercio\/web\/post\/mundo\/caja3\" data-ads-dimensions-m=\"[[300, 100], [320, 50], [300, 50], [320, 100], [300, 250]]\" data-bloque=\"3\" data-prebid-enabled=\"true\">\n<p class=\"story-contents__font-paragraph \">\u201c<i>En las im\u00e1genes que nos llegaron ella pone su n\u00famero telef\u00f3nico para que las personas interesadas en comprar a la ni\u00f1a la contacten<\/i>\u201d, expres\u00f3 sorprendido \u00c1ngel Tandazo, director nacional de la Dinapen.<\/p>\n<p class=\"story-contents__font-paragraph \">\u201c<i>Despu\u00e9s de varias diligencias se supo que la ciudadana llegar\u00eda al terminal terrestre para tratar de ofrecer a la menor de edad y venderla<\/i>\u201d, relat\u00f3.<\/p>\n<p class=\"story-contents__font-paragraph \">En sus primeras declaraciones tras ser detenida, la mujer, cuyo nombre no ha sido revelado, se\u00f1al\u00f3 que la principal motivaci\u00f3n para cometer este delito fue no contar con la solvencia econ\u00f3mica para mantener a la peque\u00f1a.<\/p>\n<p class=\"story-contents__font-paragraph \">Asimismo, se\u00f1al\u00f3 que el padre de la menor la hab\u00eda abandonado meses atr\u00e1s.<\/p>\n<p class=\"story-contents__font-paragraph \">La mujer fue puesta a disposici\u00f3n de la Fiscal\u00eda de Familia y del juzgado; mientras que la ni\u00f1a fue entregada a su abuela hasta que se dicte una sentencia contra la detenida.<\/p>\n<p class=\"story-contents__font-paragraph \">La abuela manifest\u00f3 estar sorprendida y que no ten\u00eda conocimiento de que su hija intentar\u00eda comercializar a su nieta como si se tratara de cualquier objeto.<\/p>\n<\/div>\n<\/div>\n","protected":false},"excerpt":{"rendered":"<p>&nbsp; &#8211; La mujer puso un anuncio en Facebook ofertando a su hija porque no pod\u00eda mantenerla. La menor fue entregada a su abuela, quien&hellip;<\/p>\n","protected":false},"author":99,"featured_media":502892,"comment_status":"open","ping_status":"open","sticky":false,"template":"","format":"standard","meta":{"footnotes":""},"categories":[23],"tags":[],"class_list":["post-502891","post","type-post","status-publish","format-standard","has-post-thumbnail","hentry","category-latinoamerica"],"_links":{"self":[{"href":"https:\/\/diarioelpopular.com\/index.php\/wp-json\/wp\/v2\/posts\/502891","targetHints":{"allow":["GET"]}}],"collection":[{"href":"https:\/\/diarioelpopular.com\/index.php\/wp-json\/wp\/v2\/posts"}],"about":[{"href":"https:\/\/diarioelpopular.com\/index.php\/wp-json\/wp\/v2\/types\/post"}],"author":[{"embeddable":true,"href":"https:\/\/diarioelpopular.com\/index.php\/wp-json\/wp\/v2\/users\/99"}],"replies":[{"embeddable":true,"href":"https:\/\/diarioelpopular.com\/index.php\/wp-json\/wp\/v2\/comments?post=502891"}],"version-history":[{"count":1,"href":"https:\/\/diarioelpopular.com\/index.php\/wp-json\/wp\/v2\/posts\/502891\/revisions"}],"predecessor-version":[{"id":502893,"href":"https:\/\/diarioelpopular.com\/index.php\/wp-json\/wp\/v2\/posts\/502891\/revisions\/502893"}],"wp:featuredmedia":[{"embeddable":true,"href":"https:\/\/diarioelpopular.com\/index.php\/wp-json\/wp\/v2\/media\/502892"}],"wp:attachment":[{"href":"https:\/\/diarioelpopular.com\/index.php\/wp-json\/wp\/v2\/media?parent=502891"}],"wp:term":[{"taxonomy":"category","embeddable":true,"href":"https:\/\/diarioelpopular.com\/index.php\/wp-json\/wp\/v2\/categories?post=502891"},{"taxonomy":"post_tag","embeddable":true,"href":"https:\/\/diarioelpopular.com\/index.php\/wp-json\/wp\/v2\/tags?post=502891"}],"curies":[{"name":"wp","href":"https:\/\/api.w.org\/{rel}","templated":true}]}}