{"id":502927,"date":"2022-04-29T09:18:07","date_gmt":"2022-04-29T13:18:07","guid":{"rendered":"https:\/\/diarioelpopular.com\/?p=502927"},"modified":"2022-04-29T09:18:07","modified_gmt":"2022-04-29T13:18:07","slug":"chile-borrell-deploro-no-firmar-acuerdo","status":"publish","type":"post","link":"https:\/\/diarioelpopular.com\/index.php\/2022\/04\/29\/chile-borrell-deploro-no-firmar-acuerdo\/","title":{"rendered":"Chile: Borrell deplor\u00f3 no firmar acuerdo"},"content":{"rendered":"<p>&nbsp;<\/p>\n<p><img loading=\"lazy\" decoding=\"async\" class=\"alignnone size-custom-full-size wp-image-502928\" src=\"https:\/\/diarioelpopular.com\/wp-content\/uploads\/2022\/04\/e056313412e5cd48175898b1abbbb279.jpg\" alt=\"\" width=\"476\" height=\"279\" srcset=\"https:\/\/diarioelpopular.com\/wp-content\/uploads\/2022\/04\/e056313412e5cd48175898b1abbbb279.jpg 476w, https:\/\/diarioelpopular.com\/wp-content\/uploads\/2022\/04\/e056313412e5cd48175898b1abbbb279-300x176.jpg 300w, https:\/\/diarioelpopular.com\/wp-content\/uploads\/2022\/04\/e056313412e5cd48175898b1abbbb279-125x73.jpg 125w\" sizes=\"auto, (max-width: 476px) 100vw, 476px\" \/><\/p>\n<p><em>Josep Borrel habla durante la conferencia de prensa en Sanitago de Chile.\u00a0 \u00a0 \u00a0 \u00a0 \u00a0 \u00a0 \u00a0 \u00a0 \u00a0 \u00a0(foto: EPA)<\/em><\/p>\n<p>&nbsp;<\/p>\n<p><em><strong>SANTIAGO DE CHILE, 29 APR &#8211;<\/strong><\/em> El Alto Representante de la Uni\u00f3n Europea, Josep Borrell, lament\u00f3 no haber podido firmar durante su visita a Chile el acuerdo de modernizaci\u00f3n de Tratado de Asociaci\u00f3n suscrito hace 20 a\u00f1os &#8220;Me hubiese gustado que en esta visita hubiese podido coincidir con el anuncio de un acuerdo completo y total sobre este instrumento&#8221;, expreso el alto funcionario en rueda de prensa en Santiago.<br \/>\nNo obstante, dijo comprender que el nuevo gobierno chileno &#8220;necesite tiempo&#8221; para estudiar bien cu\u00e1l es el acuerdo a que lleg\u00f3 la anterior administraci\u00f3n del derechista Sebasti\u00e1n Pi\u00f1era.<br \/>\nBorrell alert\u00f3 enseguida que esperaba que la &#8220;reconsideraci\u00f3n no signifique reabrir las negociaciones sino entender mejor cu\u00e1les son los t\u00e9rminos concreto del acuerdo al que se ha llegado&#8221;.<br \/>\nEn ese sentido anunci\u00f3 que la pr\u00f3xima semana va a estar en Santiago una &#8220;potente comisi\u00f3n t\u00e9cnica&#8221;, la cual servir\u00e1 para &#8220;aclarar todos los problemas que puedan quedar pendientes, que de seguro no ser\u00e1n muy graves y que antes de fin de a\u00f1o, coincidiendo con el vig\u00e9simo aniversario, podamos firmar la modernizaci\u00f3n del mismo&#8221;.<br \/>\nBorrell defini\u00f3 que cuando se firme el nuevo acuerdo &#8220;ser\u00e1 el m\u00e1s completo y el m\u00e1s moderno que la Uni\u00f3n Europea tenga con ning\u00fan otro pa\u00eds y deber\u00e1 ser un modelo a seguir por otros&#8221;.<br \/>\nEl Alto Representante tuvo elogiosas palabras para graficar la relaci\u00f3n con Chile, &#8220;la m\u00e1s extraordinaria y vieja, la m\u00e1s antigua de todas las relaciones que tenemos con todos los pa\u00edses latinoamericanos&#8221;.<br \/>\n&#8220;Aqu\u00ed en Santiago, fue donde la Uni\u00f3n Europea abri\u00f3 su primera delegaci\u00f3n y fue con Chile con el que se firm\u00f3 el primer Acuerdo de Asociaci\u00f3n&#8221;, en 2002.<br \/>\nConsultado por la visi\u00f3n de la UE sobre el nuevo gobierno en Chile y la nueva izquierda latinoamericana que representa su presidente Gabriel Boric, Borrell coment\u00f3 que &#8220;estamos asistiendo en Europa, y las elecciones francesas han sido un buen ejemplo, de que los partidos tradicionales pierden peso en el panorama pol\u00edtico de distintos pa\u00edses y, al parecer, nuevas formas que responden a nuevas demandas de la poblaci\u00f3n&#8221;.<br \/>\nTanto en el caso chileno como el de pa\u00edses europeos, la gran preocupaci\u00f3n es &#8220;la creciente desigualdad&#8221;.<br \/>\n&#8220;Creo que ese es un mal end\u00e9mico e nuestras democracias, el crecimiento econ\u00f3mico no corrige las desigualdades, y eso tambi\u00e9n genera nuevas formas de expresi\u00f3n&#8221;, asever\u00f3.<br \/>\n&#8220;Siempre que estas nuevas formas de expresi\u00f3n se desarrollen de manera democr\u00e1tica no hay nada que objetar, cada pa\u00eds buscar\u00e1 la f\u00f3rmula m\u00e1s adecuada y Chile lo est\u00e1 haciendo a trav\u00e9s de una nueva Constituci\u00f3n&#8221;, a\u00f1adi\u00f3.<br \/>\nPrecis\u00f3 que las Cartas fundamentales &#8220;son marcos que expresan un gran consenso en la sociedad, las instituciones deben ser capaces de acoger pol\u00edticas de distinto signo; las constituciones son piedras fundamentales de la convivencia pol\u00edtica, por lo que necesitan un gran acuerdo y cuanto m\u00e1s grande, mejor&#8221;.<\/p>\n","protected":false},"excerpt":{"rendered":"<p>&nbsp; Josep Borrel habla durante la conferencia de prensa en Sanitago de Chile.\u00a0 \u00a0 \u00a0 \u00a0 \u00a0 \u00a0 \u00a0 \u00a0 \u00a0 \u00a0(foto: EPA) &nbsp; SANTIAGO&hellip;<\/p>\n","protected":false},"author":99,"featured_media":502928,"comment_status":"open","ping_status":"open","sticky":false,"template":"","format":"standard","meta":{"footnotes":""},"categories":[23],"tags":[],"class_list":["post-502927","post","type-post","status-publish","format-standard","has-post-thumbnail","hentry","category-latinoamerica"],"_links":{"self":[{"href":"https:\/\/diarioelpopular.com\/index.php\/wp-json\/wp\/v2\/posts\/502927","targetHints":{"allow":["GET"]}}],"collection":[{"href":"https:\/\/diarioelpopular.com\/index.php\/wp-json\/wp\/v2\/posts"}],"about":[{"href":"https:\/\/diarioelpopular.com\/index.php\/wp-json\/wp\/v2\/types\/post"}],"author":[{"embeddable":true,"href":"https:\/\/diarioelpopular.com\/index.php\/wp-json\/wp\/v2\/users\/99"}],"replies":[{"embeddable":true,"href":"https:\/\/diarioelpopular.com\/index.php\/wp-json\/wp\/v2\/comments?post=502927"}],"version-history":[{"count":1,"href":"https:\/\/diarioelpopular.com\/index.php\/wp-json\/wp\/v2\/posts\/502927\/revisions"}],"predecessor-version":[{"id":502929,"href":"https:\/\/diarioelpopular.com\/index.php\/wp-json\/wp\/v2\/posts\/502927\/revisions\/502929"}],"wp:featuredmedia":[{"embeddable":true,"href":"https:\/\/diarioelpopular.com\/index.php\/wp-json\/wp\/v2\/media\/502928"}],"wp:attachment":[{"href":"https:\/\/diarioelpopular.com\/index.php\/wp-json\/wp\/v2\/media?parent=502927"}],"wp:term":[{"taxonomy":"category","embeddable":true,"href":"https:\/\/diarioelpopular.com\/index.php\/wp-json\/wp\/v2\/categories?post=502927"},{"taxonomy":"post_tag","embeddable":true,"href":"https:\/\/diarioelpopular.com\/index.php\/wp-json\/wp\/v2\/tags?post=502927"}],"curies":[{"name":"wp","href":"https:\/\/api.w.org\/{rel}","templated":true}]}}