{"id":502981,"date":"2022-05-03T09:18:07","date_gmt":"2022-05-03T13:18:07","guid":{"rendered":"https:\/\/diarioelpopular.com\/?p=502981"},"modified":"2022-05-03T09:18:07","modified_gmt":"2022-05-03T13:18:07","slug":"ipsos-peru-el-73-de-los-peruanos-no-confia-en-el-presidente-pedro-castillo","status":"publish","type":"post","link":"https:\/\/diarioelpopular.com\/index.php\/2022\/05\/03\/ipsos-peru-el-73-de-los-peruanos-no-confia-en-el-presidente-pedro-castillo\/","title":{"rendered":"Ipsos Per\u00fa: el 73% de los peruanos no conf\u00eda en el presidente Pedro Castillo"},"content":{"rendered":"<p>&nbsp;<\/p>\n<p><img loading=\"lazy\" decoding=\"async\" class=\"alignnone size-custom-full-size wp-image-502982\" src=\"https:\/\/diarioelpopular.com\/wp-content\/uploads\/2022\/05\/ND7HNBLZMBALPCXP2PRFE7GZBQ-636x362.jpg\" alt=\"\" width=\"636\" height=\"362\" srcset=\"https:\/\/diarioelpopular.com\/wp-content\/uploads\/2022\/05\/ND7HNBLZMBALPCXP2PRFE7GZBQ-636x362.jpg 636w, https:\/\/diarioelpopular.com\/wp-content\/uploads\/2022\/05\/ND7HNBLZMBALPCXP2PRFE7GZBQ-300x171.jpg 300w, https:\/\/diarioelpopular.com\/wp-content\/uploads\/2022\/05\/ND7HNBLZMBALPCXP2PRFE7GZBQ-768x437.jpg 768w, https:\/\/diarioelpopular.com\/wp-content\/uploads\/2022\/05\/ND7HNBLZMBALPCXP2PRFE7GZBQ-128x73.jpg 128w, https:\/\/diarioelpopular.com\/wp-content\/uploads\/2022\/05\/ND7HNBLZMBALPCXP2PRFE7GZBQ.jpg 800w\" sizes=\"auto, (max-width: 636px) 100vw, 636px\" \/><\/p>\n<p>&nbsp;<\/p>\n<h4 class=\"sht__summary\"><em><strong>&#8211; El 76% se\u00f1ala que el presidente no tiene capacidad de liderazgo para resolver los problemas del pa\u00eds, de acuerdo con encuesta de Ipsos Per\u00fa.<\/strong><\/em><\/h4>\n<p>&nbsp;<\/p>\n<p class=\"story-contents__font-paragraph \">El 73% de los peruanos no conf\u00eda en el presidente\u00a0<a href=\"https:\/\/elcomercio.pe\/noticias\/pedro-castillo\/\" target=\"_blank\" rel=\"noopener\">Pedro Castillo<\/a>, seg\u00fan una encuesta nacional urbano-rural efectuada por\u00a0<a href=\"https:\/\/elcomercio.pe\/noticias\/encuesta-el-comercio-ipsos\/\" target=\"_blank\" rel=\"noopener\">Ipsos Per\u00fa<\/a>\u00a0para el portal Lampadia.<\/p>\n<div class=\"content_gpt_caja3\">\n<div id=\"gpt_caja3\" data-ads-name=\"\/28253241\/elcomercio\/web\/post\/politica\/caja3\" data-ads-dimensions-m=\"[[300, 100], [320, 50], [300, 50], [320, 100], [300, 250]]\" data-bloque=\"3\" data-prebid-enabled=\"true\">Solo el 23% cree en el jefe del Estado, mientras que el 4% no precisa.<\/div>\n<\/div>\n<p class=\"story-contents__font-paragraph \">El estudio muestra que el nivel de desconfianza hacia Castillo contin\u00faa en aumento: en noviembre pasado fue 58%; en enero, 60%; y en febrero, 70%.<\/p>\n<p class=\"story-contents__font-paragraph \">Adem\u00e1s, el 73% considera que el gobierno de Castillo va por el rumbo equivocado, mientras que el 21% se\u00f1ala que lo hace por el camino correcto.<\/p>\n<p class=\"story-contents__font-paragraph \">Castillo lleva nueve meses en el cargo. En ese lapso ha contado con m\u00e1s de 50 ministros de Estado en cuatro gabinetes.<\/p>\n<p class=\"story-contents__font-paragraph \">En tanto, el 76% opina que el mandatario no tiene capacidad de liderazgo para resolver los problemas del pa\u00eds, mientras que el 20% se\u00f1ala que s\u00ed la tiene.<\/p>\n<p class=\"story-contents__font-paragraph \">Entre los temas que consideran prioritarios, se encuentran la lucha contra la delincuencia y la corrupci\u00f3n, la generaci\u00f3n de empleo, la reducci\u00f3n de la pobreza y el control de la inflaci\u00f3n.<\/p>\n<h2 class=\"\"><b>Percepci\u00f3n<\/b><\/h2>\n<p class=\"story-contents__font-paragraph \">El 58% de los peruanos est\u00e1 de acuerdo con la orden de detenci\u00f3n contra los\u00a0sobrinos del presidente\u00a0porque estima que cometieron actos de corrupci\u00f3n.<\/p>\n<p class=\"story-contents__font-paragraph \">El 30% est\u00e1 en desacuerdo porque cree que no hay evidencia y que se tratar\u00eda de una persecuci\u00f3n pol\u00edtica contra Castillo y su familia.<\/p>\n<p class=\"story-contents__font-paragraph \"><a href=\"https:\/\/elcomercio.pe\/politica\/gobierno\/pedro-castillo-quienes-son-fray-vasquez-castillo-y-los-otros-sobrinos-del-presidente-fany-oblitas-paredes-sobrina-lilina-paredes-gian-marco-castillo-gomez-rudbel-oblitas-paredes-cledin-vasquez-castillo-noticia\/\" target=\"_blank\" rel=\"noopener\">Fray V\u00e1squez Castillo y Gian Marco Castillo G\u00f3mez<\/a>, sobrinos del mandatario, permanecen pr\u00f3fugos de la justicia desde marzo, cuando se dispuso un operativo de detenci\u00f3n preliminar. El pasado 12 de abril, el juez Manuel Chuyo les emiti\u00f3 una orden de prisi\u00f3n preventiva.<\/p>\n<p>&nbsp;<\/p>\n","protected":false},"excerpt":{"rendered":"<p>&nbsp; &nbsp; &#8211; El 76% se\u00f1ala que el presidente no tiene capacidad de liderazgo para resolver los problemas del pa\u00eds, de acuerdo con encuesta de&hellip;<\/p>\n","protected":false},"author":99,"featured_media":502982,"comment_status":"open","ping_status":"open","sticky":false,"template":"","format":"standard","meta":{"footnotes":""},"categories":[23],"tags":[],"class_list":["post-502981","post","type-post","status-publish","format-standard","has-post-thumbnail","hentry","category-latinoamerica"],"_links":{"self":[{"href":"https:\/\/diarioelpopular.com\/index.php\/wp-json\/wp\/v2\/posts\/502981","targetHints":{"allow":["GET"]}}],"collection":[{"href":"https:\/\/diarioelpopular.com\/index.php\/wp-json\/wp\/v2\/posts"}],"about":[{"href":"https:\/\/diarioelpopular.com\/index.php\/wp-json\/wp\/v2\/types\/post"}],"author":[{"embeddable":true,"href":"https:\/\/diarioelpopular.com\/index.php\/wp-json\/wp\/v2\/users\/99"}],"replies":[{"embeddable":true,"href":"https:\/\/diarioelpopular.com\/index.php\/wp-json\/wp\/v2\/comments?post=502981"}],"version-history":[{"count":1,"href":"https:\/\/diarioelpopular.com\/index.php\/wp-json\/wp\/v2\/posts\/502981\/revisions"}],"predecessor-version":[{"id":502983,"href":"https:\/\/diarioelpopular.com\/index.php\/wp-json\/wp\/v2\/posts\/502981\/revisions\/502983"}],"wp:featuredmedia":[{"embeddable":true,"href":"https:\/\/diarioelpopular.com\/index.php\/wp-json\/wp\/v2\/media\/502982"}],"wp:attachment":[{"href":"https:\/\/diarioelpopular.com\/index.php\/wp-json\/wp\/v2\/media?parent=502981"}],"wp:term":[{"taxonomy":"category","embeddable":true,"href":"https:\/\/diarioelpopular.com\/index.php\/wp-json\/wp\/v2\/categories?post=502981"},{"taxonomy":"post_tag","embeddable":true,"href":"https:\/\/diarioelpopular.com\/index.php\/wp-json\/wp\/v2\/tags?post=502981"}],"curies":[{"name":"wp","href":"https:\/\/api.w.org\/{rel}","templated":true}]}}