{"id":502984,"date":"2022-05-03T09:24:54","date_gmt":"2022-05-03T13:24:54","guid":{"rendered":"https:\/\/diarioelpopular.com\/?p=502984"},"modified":"2022-05-03T09:24:54","modified_gmt":"2022-05-03T13:24:54","slug":"chile-las-medidas-con-las-que-boric-busca-frenar-la-inflacion","status":"publish","type":"post","link":"https:\/\/diarioelpopular.com\/index.php\/2022\/05\/03\/chile-las-medidas-con-las-que-boric-busca-frenar-la-inflacion\/","title":{"rendered":"Chile: las medidas con las que Boric busca frenar la inflaci\u00f3n"},"content":{"rendered":"<h4><img loading=\"lazy\" decoding=\"async\" class=\"alignnone size-custom-full-size wp-image-502985\" src=\"https:\/\/diarioelpopular.com\/wp-content\/uploads\/2022\/05\/624efb2ce3e54-636x318.jpg\" alt=\"\" width=\"636\" height=\"318\" srcset=\"https:\/\/diarioelpopular.com\/wp-content\/uploads\/2022\/05\/624efb2ce3e54-636x318.jpg 636w, https:\/\/diarioelpopular.com\/wp-content\/uploads\/2022\/05\/624efb2ce3e54-300x150.jpg 300w, https:\/\/diarioelpopular.com\/wp-content\/uploads\/2022\/05\/624efb2ce3e54-768x384.jpg 768w, https:\/\/diarioelpopular.com\/wp-content\/uploads\/2022\/05\/624efb2ce3e54-146x73.jpg 146w, https:\/\/diarioelpopular.com\/wp-content\/uploads\/2022\/05\/624efb2ce3e54.jpg 950w\" sizes=\"auto, (max-width: 636px) 100vw, 636px\" \/><\/h4>\n<h4><em><strong>&#8211; El gobierno har\u00e1 una fuerte inversi\u00f3n para estabilizar el precio del combustible.<\/strong><\/em><\/h4>\n<p>&nbsp;<\/p>\n<p>l presidente chileno,\u00a0Gabriel Boric, dijo que su gobierno tomar\u00e1 medidas para controlar los crecientes costos del combustible\u00a0que han llevado la inflaci\u00f3n anual a un m\u00e1ximo de 14 a\u00f1os y han presionado al Banco Central para que aumente las tasas de inter\u00e9s.<\/p>\n<p>Le explicamos, punto por punto, de qu\u00e9 se tratan estas medidas:<\/p>\n<p>Las autoridades inyectar\u00e1n USS $ 40 millones al fondo de estabilizaci\u00f3n de precios del combustible en Chile para mitigar las alzas de costo, se\u00f1al\u00f3 Boric el lunes durante una conferencia de prensa televisada.<\/p>\n<p>La administraci\u00f3n de Boric tambi\u00e9n presentar\u00e1 proyectos de ley para evitar fuertes alzas en la electricidad y para impulsar la competencia en el sector del gas, indico.\u00a0El Gobierno es consciente &#8220;de las dificultades que est\u00e1n viviendo nuestros ciudadanos&#8221;, dijo Boric.<\/p>\n<p>La inflaci\u00f3n anual de Chile est\u00e1 aumentando hacia los dos d\u00edgitos a medida que aumentan los costos mundiales de los productos b\u00e1sicos a ra\u00edz de la invasi\u00f3n rusa a Ucrania<\/p>\n<p>\u201c<a href=\"https:\/\/www.eltiempo.com\/mundo\/latinoamerica\/en-video-hombre-lanza-una-piedra-a-boric-en-su-visita-al-norte-de-chile-667011\" target=\"_blank\" rel=\"noopener\">Las y los trabajadores de Chile se merecen m\u00e1s y tenemos que redistribuir de manera m\u00e1s justa las riquezas (<\/a>&#8230;) en los pr\u00f3ximos d\u00edas vamos a enviar un proyecto de ley de estabilizaci\u00f3n de las cuentas de electricidad para evitar un alza brusca en el precio de la luz&#8221;, agreg\u00f3 el primer mandatario.<\/p>\n<p>Se espera que esta semana el Banco Central extienda las agresivas alzas de tasas de inter\u00e9s que ya han agregado 650 puntos b\u00e1sicos a los costos de endeudamiento. Los aumentos en el costo de vida tambi\u00e9n est\u00e1n haciendo caer el \u00edndice de aprobaci\u00f3n de Boric a poco m\u00e1s de un mes de haber asumido el cargo.<\/p>\n<p>De igual forma,\u00a0en el marco de un paquete de medidas para impulsar la recuperaci\u00f3n econ\u00f3mica equivalente a 3.700 millones de d\u00f3lares, Boric adelant\u00f3 la presentaci\u00f3n de un tercer proyecto de ley que buscar &#8220;mejorar la competencia en el mercado del gas&#8221;.<\/p>\n<p>&#8220;No queremos ning\u00fan tipo de colusi\u00f3n&#8221;, enfatiz\u00f3 el jefe de Estado, haciendo referencia a las irregularidades detectadas por una comisi\u00f3n investigadora de la Fiscal\u00eda Nacional Econ\u00f3mica en este mercado, hechos descartados por las empresas involucradas.<\/p>\n<p>Con 3,5 millones de infectados de covid-19 y m\u00e1s de 57.000 decesos confirmados,\u00a0<a href=\"https:\/\/www.eltiempo.com\/economia\/como-se-encuentra-latinoamerica-en-politica-y-economia-665954\" target=\"_blank\" rel=\"noopener\">Chile lleva m\u00e1s de un mes con la pandemia bajo control\u00a0<\/a>despu\u00e9s de dejar atr\u00e1s una grave ola provocada por la contagiosa variante \u00f3micron en febrero.<\/p>\n<p>El pa\u00eds, que ha implementado uno de los procesos de vacunaci\u00f3n m\u00e1s exitosos del mundo -con m\u00e1s el 80 % de la poblaci\u00f3n objetivo con una dosis de refuerzo-, se encuentra con menos restricciones que nunca, aunque todav\u00eda mantiene la mascarilla en interiores y estrictos aforos en lugares p\u00fablicos.<\/p>\n<p>El pa\u00eds, que ha implementado uno de los procesos de vacunaci\u00f3n m\u00e1s exitosos del mundo -con m\u00e1s el 80 % de la poblaci\u00f3n objetivo con una dosis de refuerzo-, se encuentra con menos restricciones que nunca, aunque todav\u00eda mantiene la mascarilla en interiores y estrictos aforos en lugares p\u00fablicos.<\/p>\n<p>La Administraci\u00f3n de Boric est\u00e1 intensificando sus esfuerzos para ayudar a la poblaci\u00f3n a hacer frente a la desaceleraci\u00f3n del crecimiento y el alza de la inflaci\u00f3n por encima de la meta.<\/p>\n<p>Sin embargo,\u00a0<a href=\"https:\/\/www.eltiempo.com\/mundo\/latinoamerica\/chile-los-obstaculos-que-enfrenta-la-escritura-de-su-nueva-constitucion-664851\" target=\"_blank\" rel=\"noopener\">el 86% de los chilenos cree que la econom\u00eda se ha estancado o est\u00e1 empeorando<\/a>, seg\u00fan una encuesta Cadem publicada tarde el domingo. La misma encuesta mostro que el 53% de los encuestados desaprueba la gesti\u00f3n del Gobierno de Boric, frente al 20% de mediados de marzo, poco despu\u00e9s de que asumiera el cargo.<\/p>\n<p>La econom\u00eda chilena anot\u00f3 un alza del 11,7 % en 2021 pese a la pandemia y el Banco Central proyecta para este a\u00f1o un crecimiento de entre el 1 % y el 2 %.<\/p>\n","protected":false},"excerpt":{"rendered":"<p>&#8211; El gobierno har\u00e1 una fuerte inversi\u00f3n para estabilizar el precio del combustible. &nbsp; l presidente chileno,\u00a0Gabriel Boric, dijo que su gobierno tomar\u00e1 medidas para&hellip;<\/p>\n","protected":false},"author":99,"featured_media":502985,"comment_status":"open","ping_status":"open","sticky":false,"template":"","format":"standard","meta":{"footnotes":""},"categories":[23],"tags":[],"class_list":["post-502984","post","type-post","status-publish","format-standard","has-post-thumbnail","hentry","category-latinoamerica"],"_links":{"self":[{"href":"https:\/\/diarioelpopular.com\/index.php\/wp-json\/wp\/v2\/posts\/502984","targetHints":{"allow":["GET"]}}],"collection":[{"href":"https:\/\/diarioelpopular.com\/index.php\/wp-json\/wp\/v2\/posts"}],"about":[{"href":"https:\/\/diarioelpopular.com\/index.php\/wp-json\/wp\/v2\/types\/post"}],"author":[{"embeddable":true,"href":"https:\/\/diarioelpopular.com\/index.php\/wp-json\/wp\/v2\/users\/99"}],"replies":[{"embeddable":true,"href":"https:\/\/diarioelpopular.com\/index.php\/wp-json\/wp\/v2\/comments?post=502984"}],"version-history":[{"count":1,"href":"https:\/\/diarioelpopular.com\/index.php\/wp-json\/wp\/v2\/posts\/502984\/revisions"}],"predecessor-version":[{"id":502986,"href":"https:\/\/diarioelpopular.com\/index.php\/wp-json\/wp\/v2\/posts\/502984\/revisions\/502986"}],"wp:featuredmedia":[{"embeddable":true,"href":"https:\/\/diarioelpopular.com\/index.php\/wp-json\/wp\/v2\/media\/502985"}],"wp:attachment":[{"href":"https:\/\/diarioelpopular.com\/index.php\/wp-json\/wp\/v2\/media?parent=502984"}],"wp:term":[{"taxonomy":"category","embeddable":true,"href":"https:\/\/diarioelpopular.com\/index.php\/wp-json\/wp\/v2\/categories?post=502984"},{"taxonomy":"post_tag","embeddable":true,"href":"https:\/\/diarioelpopular.com\/index.php\/wp-json\/wp\/v2\/tags?post=502984"}],"curies":[{"name":"wp","href":"https:\/\/api.w.org\/{rel}","templated":true}]}}