{"id":502999,"date":"2022-05-04T09:19:03","date_gmt":"2022-05-04T13:19:03","guid":{"rendered":"https:\/\/diarioelpopular.com\/?p=502999"},"modified":"2022-05-04T09:19:03","modified_gmt":"2022-05-04T13:19:03","slug":"eeuu-no-invita-a-cuba-nicaragua-y-venezuela","status":"publish","type":"post","link":"https:\/\/diarioelpopular.com\/index.php\/2022\/05\/04\/eeuu-no-invita-a-cuba-nicaragua-y-venezuela\/","title":{"rendered":"EEUU no invita a Cuba, Nicaragua y Venezuela"},"content":{"rendered":"<h4><\/h4>\n<p><img loading=\"lazy\" decoding=\"async\" class=\"alignnone size-custom-full-size wp-image-503000\" src=\"https:\/\/diarioelpopular.com\/wp-content\/uploads\/2022\/05\/6b024abf8cb54e069ca5ba9ad9261df0.jpg\" alt=\"\" width=\"476\" height=\"317\" srcset=\"https:\/\/diarioelpopular.com\/wp-content\/uploads\/2022\/05\/6b024abf8cb54e069ca5ba9ad9261df0.jpg 476w, https:\/\/diarioelpopular.com\/wp-content\/uploads\/2022\/05\/6b024abf8cb54e069ca5ba9ad9261df0-300x200.jpg 300w, https:\/\/diarioelpopular.com\/wp-content\/uploads\/2022\/05\/6b024abf8cb54e069ca5ba9ad9261df0-110x73.jpg 110w\" sizes=\"auto, (max-width: 476px) 100vw, 476px\" \/><\/p>\n<p><em>EEUU no invita a Cuba, Nicaragua y Venezuela a la Cumbre de las Am\u00e9ricas.<\/em><\/p>\n<h4><em><strong>&#8211; EEUU, No respetan la carta democr\u00e1tica de las Am\u00e9ricas<\/strong><\/em><\/h4>\n<p><em><strong>NUEVA YORK 4 MAY &#8211;<\/strong><\/em>\u00a0Estados Unidos descart\u00f3 invitar a los gobiernos de Cuba, Nicaragua y Venezuela a la Cumbre de las Am\u00e9ricas de junio, que se celebrar\u00e1 en Los Angeles, California, porque considera que &#8220;no respetan&#8221; la democracia.<br \/>\n&#8220;Cuba, Nicaragua y el r\u00e9gimen de (Nicol\u00e1s) Maduro no respetan la carta democr\u00e1tica de las Am\u00e9ricas y, por lo tanto, no esperamos su presencia&#8221;, anunci\u00f3 el subsecretario estadounidense para Am\u00e9rica Latina y el Caribe, Brian Nichols, en entrevista con NTN24.<br \/>\nEl funcionario subray\u00f3 que el presidente Joe Biden &#8220;ha sido bien claro de que los pa\u00edses que no respeten la democracia no van a recibir su invitaci\u00f3n&#8221; a la cumbre, que reunir\u00e1 a jefes de Estado y de gobierno de la regi\u00f3n.<br \/>\nLa reacci\u00f3n de los pa\u00edses involucrados no se hizo esperar.<br \/>\nEl presidente cubano, Miguel D\u00edaz-Canel, exigi\u00f3 la participaci\u00f3n de su pa\u00eds en la cumbre, y denunci\u00f3 que Washington pretende organizar una reuni\u00f3n de &#8220;estados selectivos&#8221;.<br \/>\n&#8220;Los grandes retos de la humanidad no se solucionan mediante la confrontaci\u00f3n y la violencia, sino mediante la solidaridad y la cooperaci\u00f3n&#8221;, a\u00f1adi\u00f3 D\u00edaz-Canel.<br \/>\nTambi\u00e9n se pronunci\u00f3 el presidente de M\u00e9xico, Andr\u00e9s Manuel L\u00f3pez Obrador, quien afirm\u00f3 que la semana pasada pidi\u00f3 en una llamada con Biden que invite a &#8220;todos los pueblos de Am\u00e9rica&#8221;.<br \/>\n&#8220;\u00bfC\u00f3mo es que convocamos a una Cumbre de las Am\u00e9ricas, pero no invitamos a todos? \u00bfEntonces de d\u00f3nde son los que no est\u00e1n invitados? \u00bfDe qu\u00e9 continente? \u00bfDe qu\u00e9 galaxia? \u00bfDe qu\u00e9 sat\u00e9lite?&#8221;, cuestion\u00f3 el mandatario mexicano.<br \/>\nLa Casa Blanca ya avis\u00f3 la semana pasada de que ve\u00eda &#8220;improbable&#8221; invitar a Cuba, Nicaragua y Venezuela, pa\u00edses que s\u00ed asistieron a la Cumbre de las Am\u00e9ricas celebrada en Ciudad de Panam\u00e1 en 2015.<br \/>\nEl gobierno de Biden no confirm\u00f3 todav\u00eda si invitar\u00e1 al opositor venezolano Juan Guaid\u00f3, a quien reconoce como presidente desde 2019.<br \/>\nLa IX Cumbre de las Am\u00e9ricas, que se celebrar\u00e1 en Los Angeles del 6 al 10 de junio, ser\u00e1 la segunda organizada por Estados Unidos despu\u00e9s de la edici\u00f3n original en Miami en 1994, y su objetivo principal es dise\u00f1ar un pacto migratorio regional.<br \/>\nHasta ahora se han realizado ocho cumbres ordinarias: Miami (1994), Santiago de Chile (1998), Qu\u00e9bec (Canad\u00e1, 2001), Mar del Plata (Argentina, 2005), Puerto Espa\u00f1a (Trinidad y Tobago, 2009), Cartagena de Indias (Colombia, 2012), Panam\u00e1 (2015) y Lima (2018).<br \/>\nBajo el lema &#8220;Construir un futuro sostenible, resiliente y equitativo&#8221;, la cumbre se centrar\u00e1 en los crecientes flujos migratorios en la regi\u00f3n, pero tambi\u00e9n tratar\u00e1 la crisis clim\u00e1tica, la transici\u00f3n hacia energ\u00edas limpias y el crecimiento econ\u00f3mico equitativo y el papel de la sociedad civil y los medios independientes, seg\u00fan la Casa Blanca.<br \/>\nBiden nombr\u00f3 semanas atr\u00e1s a sus dos asesores especiales para la cumbre: el ex senador estadounidense Christopher Dodd, con quien el presidente trabaj\u00f3 en el Comit\u00e9 de Relaciones Exteriores del Senado durante m\u00e1s de 28 a\u00f1os; y la ex congresista, de origen ecuatoriano, Debbie Mucarsel-Powell.<\/p>\n","protected":false},"excerpt":{"rendered":"<p>EEUU no invita a Cuba, Nicaragua y Venezuela a la Cumbre de las Am\u00e9ricas. &#8211; EEUU, No respetan la carta democr\u00e1tica de las Am\u00e9ricas NUEVA&hellip;<\/p>\n","protected":false},"author":99,"featured_media":503000,"comment_status":"open","ping_status":"open","sticky":false,"template":"","format":"standard","meta":{"footnotes":""},"categories":[23],"tags":[],"class_list":["post-502999","post","type-post","status-publish","format-standard","has-post-thumbnail","hentry","category-latinoamerica"],"_links":{"self":[{"href":"https:\/\/diarioelpopular.com\/index.php\/wp-json\/wp\/v2\/posts\/502999","targetHints":{"allow":["GET"]}}],"collection":[{"href":"https:\/\/diarioelpopular.com\/index.php\/wp-json\/wp\/v2\/posts"}],"about":[{"href":"https:\/\/diarioelpopular.com\/index.php\/wp-json\/wp\/v2\/types\/post"}],"author":[{"embeddable":true,"href":"https:\/\/diarioelpopular.com\/index.php\/wp-json\/wp\/v2\/users\/99"}],"replies":[{"embeddable":true,"href":"https:\/\/diarioelpopular.com\/index.php\/wp-json\/wp\/v2\/comments?post=502999"}],"version-history":[{"count":1,"href":"https:\/\/diarioelpopular.com\/index.php\/wp-json\/wp\/v2\/posts\/502999\/revisions"}],"predecessor-version":[{"id":503001,"href":"https:\/\/diarioelpopular.com\/index.php\/wp-json\/wp\/v2\/posts\/502999\/revisions\/503001"}],"wp:featuredmedia":[{"embeddable":true,"href":"https:\/\/diarioelpopular.com\/index.php\/wp-json\/wp\/v2\/media\/503000"}],"wp:attachment":[{"href":"https:\/\/diarioelpopular.com\/index.php\/wp-json\/wp\/v2\/media?parent=502999"}],"wp:term":[{"taxonomy":"category","embeddable":true,"href":"https:\/\/diarioelpopular.com\/index.php\/wp-json\/wp\/v2\/categories?post=502999"},{"taxonomy":"post_tag","embeddable":true,"href":"https:\/\/diarioelpopular.com\/index.php\/wp-json\/wp\/v2\/tags?post=502999"}],"curies":[{"name":"wp","href":"https:\/\/api.w.org\/{rel}","templated":true}]}}