{"id":503056,"date":"2022-05-06T10:20:05","date_gmt":"2022-05-06T14:20:05","guid":{"rendered":"https:\/\/diarioelpopular.com\/?p=503056"},"modified":"2022-05-06T10:20:05","modified_gmt":"2022-05-06T14:20:05","slug":"la-estetica-contemplativa","status":"publish","type":"post","link":"https:\/\/diarioelpopular.com\/index.php\/2022\/05\/06\/la-estetica-contemplativa\/","title":{"rendered":"LA EST\u00c9TICA CONTEMPLATIVA"},"content":{"rendered":"<p class=\"p4\"><b><i>\u201cCada d\u00eda son m\u00e1s los que necesitan una v\u00eda de escape para salvar sus vidas, por lo que toda pol\u00edtica ha de ser m\u00e1s po\u00e9tica que poderosa, centrada en las desigualdades e integradora, para huir de los males que nos asolan\u201d.<span class=\"Apple-converted-space\">\u00a0<\/span><\/i><\/b><\/p>\n<p class=\"p6\"><b><i>=============================<\/i><\/b><\/p>\n<p class=\"p6\"><b><i>V\u00edctor CORCOBA HERRERO\/ Escritor<\/i><\/b><\/p>\n<p class=\"p6\"><b><i>corcoba@telefonica.net <\/i><\/b><\/p>\n<p class=\"p6\"><b>=============================<\/b><span class=\"Apple-converted-space\">\u00a0<\/span><\/p>\n<p class=\"p7\">En los tiempos actuales me quedo con la l\u00facida sensaci\u00f3n del intelecto; puesto que, tan significativo como rebajarse para sentir la verdadera grandeza, despojados de los deleites y los vicios mundanos, es bajarse del motor de la cotidianidad para despertar el sentido est\u00e9tico y contemplativo, que es lo que verdaderamente nos pone en sano movimiento, con su providencial abecedario de asombros. Muchas veces pienso que nos falta di\u00e1logo social, concebirnos como ciudadanos del mundo, sentirnos familia, que es lo que contribuye a encontrar formas de uni\u00f3n y unidad y de observaci\u00f3n conjunta. Aqu\u00ed debe comenzar el sue\u00f1o, un anhelo que ha de ser posible; se trata de sembrar sin apartar, de desarrollarse sin debilitar los v\u00ednculos de la identidad, y de suscitar entusiasmo sin irrumpir en la libertad de cada cual, due\u00f1o de su propia existencia en todo momento y lugar.<span class=\"Apple-converted-space\">\u00a0<\/span><\/p>\n<p class=\"p9\">De nada sirve el galopar, el precipitarse, sino entramos en comuni\u00f3n con otros estilos de vida<span class=\"Apple-converted-space\">\u00a0 <\/span>m\u00e1s responsables. Ahora, lo que nos conviene es saber detenernos a tiempo, disfrutar de aquello que nos circunda y nos habla vadeando el silencio, alimentarnos de su esp\u00edritu y alentarnos con su fortaleza, para poder reencontrarnos con ese espacio interior, que es el que nos da vida y nos hace humanos. Indudablemente, hoy m\u00e1s que nunca, necesitamos saciarnos de esa observaci\u00f3n esplendorosa y resplandeciente que se sumerge en el canto del universo, en la naturaleza de la que formamos parte y a la que nos debemos,<span class=\"Apple-converted-space\">\u00a0 <\/span>lo que nos exige una mayor protecci\u00f3n nuestra. En el fondo, las mundanidades son una cuesti\u00f3n de decencia o indecencia de nuestras propias estructuras mentales y experiencias.<\/p>\n<p class=\"p9\">Sea como fuere, y antes de que el estr\u00e9s nos lleve a todos a la horca de la desesperaci\u00f3n; y, por ende, a la desaparici\u00f3n; hemos de valorar la riqueza natural y cultural de sus territorios. Todos estamos vinculados a todo. Hagamos corredores humanitarios, pero tambi\u00e9n biol\u00f3gicos, en favor de todos los procesos y sistemas relacionados con la savia. Fraternic\u00e9monos con pr\u00e1cticas de escucharnos. Salgamos de los extremos. Creemos entornos m\u00e1s saludables. El clamor desgarrador est\u00e1 ah\u00ed, en cualquier lugar del globo hay un enorme vac\u00edo y una enorme multitud de obst\u00e1culos que nos dejan sin palabras, a la espera de una mano consoladora, ante el aluvi\u00f3n de masacres que a diario producimos. S\u00f3lo hay que ver el sufrimiento de las poblaciones. Cada d\u00eda son m\u00e1s los que necesitan una v\u00eda de escape para salvar sus vidas, por lo que toda pol\u00edtica ha de ser m\u00e1s po\u00e9tica que poderosa, centrada en las desigualdades e integradora, para huir de los males que nos asolan.<\/p>\n<p class=\"p9\">Ante esta atm\u00f3sfera de crisis, dentro de otros trances, que avivan la desmoralizaci\u00f3n e impotencia; hemos de buscar el modo y la manera de elevarnos, no para apartarnos de las situaciones concretas, sino para volver a ellas con otro semblante, deseosos de vencer el miedo y la angustia, mediante formas sensibles al servicio de una humanidad necesitada de bondad y armon\u00eda. Ojal\u00e1 retornemos al esp\u00edritu est\u00e9tico de los valores, maduremos en reverenciar la estima, el embellecernos explor\u00e1ndonos internamente, corrigiendo andares<span class=\"Apple-converted-space\">\u00a0 <\/span>y ratificando visiones con otra m\u00edstica m\u00e1s donante y sublime, fruto de una imaginaci\u00f3n que va m\u00e1s all\u00e1 de lo habitual. <span class=\"Apple-converted-space\">\u00a0<\/span><\/p>\n<p class=\"p9\">L\u00f3gicamente, tenemos que ser restauradores cabales ante el c\u00famulo de discordancias que nos destruyen o de temores que nos inundan. Personalmente, la mejor est\u00e9tica contemplativa que yo veo, es la de una sociedad libre y democr\u00e1tica, en la que todos podamos vernos con iguales posibilidades para hacer tronco com\u00fan, y as\u00ed poder reconstruir el \u00e1rbol de la concordia, en un mundo diverso, en el que no pueden caber fronteras ni frentes. El hermoso esp\u00edritu de la globalizaci\u00f3n, formulado a trav\u00e9s de la avenencia de todos los pueblos, nos favorecer\u00e1 como generaci\u00f3n, en la medida en que activemos el v\u00ednculo de la fidelidad. Al fin y al cabo, sabemos ya que no podemos estar aislados, que nos necesitamos unos a otros, pues hag\u00e1moslo realidad. No dejemos para ma\u00f1ana, entonces, la reconstrucci\u00f3n de la ornamental viviente; esa art\u00edstica luz, que nos llama a saber vivir seriamente por dentro y a convivir hermanados, en una ennoblecida pi\u00f1a comunitaria.<\/p>\n<p class=\"p11\"><span class=\"Apple-converted-space\">\u00a0<\/span><\/p>\n<p class=\"p12\"><b>V\u00edctor CORCOBA HERRERO \/ Escritor<\/b><\/p>\n<p class=\"p12\"><b><span class=\"Apple-converted-space\">\u00a0<\/span>HYPERLINK &#8220;mailto:corcoba@telefonica.net&#8221; <\/b><span class=\"s3\"><b>corcoba@telefonica.net<\/b><\/span><\/p>\n<p class=\"p12\"><b>06 de mayo de 2022<\/b><\/p>\n","protected":false},"excerpt":{"rendered":"<p>\u201cCada d\u00eda son m\u00e1s los que necesitan una v\u00eda de escape para salvar sus vidas, por lo que toda pol\u00edtica ha de ser m\u00e1s po\u00e9tica&hellip;<\/p>\n","protected":false},"author":99,"featured_media":0,"comment_status":"open","ping_status":"open","sticky":false,"template":"","format":"standard","meta":{"footnotes":""},"categories":[11353,81],"tags":[],"class_list":["post-503056","post","type-post","status-publish","format-standard","hentry","category-algo-mas-que-palabras","category-columnistas"],"_links":{"self":[{"href":"https:\/\/diarioelpopular.com\/index.php\/wp-json\/wp\/v2\/posts\/503056","targetHints":{"allow":["GET"]}}],"collection":[{"href":"https:\/\/diarioelpopular.com\/index.php\/wp-json\/wp\/v2\/posts"}],"about":[{"href":"https:\/\/diarioelpopular.com\/index.php\/wp-json\/wp\/v2\/types\/post"}],"author":[{"embeddable":true,"href":"https:\/\/diarioelpopular.com\/index.php\/wp-json\/wp\/v2\/users\/99"}],"replies":[{"embeddable":true,"href":"https:\/\/diarioelpopular.com\/index.php\/wp-json\/wp\/v2\/comments?post=503056"}],"version-history":[{"count":1,"href":"https:\/\/diarioelpopular.com\/index.php\/wp-json\/wp\/v2\/posts\/503056\/revisions"}],"predecessor-version":[{"id":503057,"href":"https:\/\/diarioelpopular.com\/index.php\/wp-json\/wp\/v2\/posts\/503056\/revisions\/503057"}],"wp:attachment":[{"href":"https:\/\/diarioelpopular.com\/index.php\/wp-json\/wp\/v2\/media?parent=503056"}],"wp:term":[{"taxonomy":"category","embeddable":true,"href":"https:\/\/diarioelpopular.com\/index.php\/wp-json\/wp\/v2\/categories?post=503056"},{"taxonomy":"post_tag","embeddable":true,"href":"https:\/\/diarioelpopular.com\/index.php\/wp-json\/wp\/v2\/tags?post=503056"}],"curies":[{"name":"wp","href":"https:\/\/api.w.org\/{rel}","templated":true}]}}