{"id":503097,"date":"2022-05-10T09:20:09","date_gmt":"2022-05-10T13:20:09","guid":{"rendered":"https:\/\/diarioelpopular.com\/?p=503097"},"modified":"2022-05-10T09:20:09","modified_gmt":"2022-05-10T13:20:09","slug":"ecuador-mas-de-40-muertos-en-motin-carcelario","status":"publish","type":"post","link":"https:\/\/diarioelpopular.com\/index.php\/2022\/05\/10\/ecuador-mas-de-40-muertos-en-motin-carcelario\/","title":{"rendered":"Ecuador: M\u00e1s de 40 muertos en mot\u00edn carcelario"},"content":{"rendered":"<p>&nbsp;<\/p>\n<p><img loading=\"lazy\" decoding=\"async\" class=\"alignnone size-custom-full-size wp-image-503098\" src=\"https:\/\/diarioelpopular.com\/wp-content\/uploads\/2022\/05\/eade2e17d123931f3b6107bd4674c1f5.jpg\" alt=\"\" width=\"476\" height=\"318\" srcset=\"https:\/\/diarioelpopular.com\/wp-content\/uploads\/2022\/05\/eade2e17d123931f3b6107bd4674c1f5.jpg 476w, https:\/\/diarioelpopular.com\/wp-content\/uploads\/2022\/05\/eade2e17d123931f3b6107bd4674c1f5-300x200.jpg 300w, https:\/\/diarioelpopular.com\/wp-content\/uploads\/2022\/05\/eade2e17d123931f3b6107bd4674c1f5-109x73.jpg 109w\" sizes=\"auto, (max-width: 476px) 100vw, 476px\" \/><\/p>\n<p><em>M\u00e1s de 40 muertos en mot\u00edn carcelario<\/em><\/p>\n<p>&nbsp;<\/p>\n<p><em><strong>QUITO, 10 MAYO &#8211;<\/strong><\/em>\u00a0Al menos 41 personas murieron en un mot\u00edn e intento de fuga que estall\u00f3 en la madrugada de este lunes en la c\u00e1rcel ecuatoriana de Bellavista, en la provincia de Santo Domingo de los Ts\u00e1chilas, a ochenta kil\u00f3metros de Quito, la capital del pa\u00eds informaron las autoridades locales.<br \/>\n&#8220;Lastimosamente, 41 personas privadas de la libertad han perdido la vida en este incidente. La mayor\u00eda de ellos, por no decir casi el cien por ciento, a simple vista se puede observar, fueron privados de la vida con arma blanca, no con arma de fuego&#8221;, dijo el ministro del Interior, Patricio Carrillo.<br \/>\nPor su parte, la Fiscal\u00eda sostuvo que los muertos eran 43.<br \/>\nDe acuerdo a las autoridades, el mot\u00edn estall\u00f3 cuando se enfrentaron las bandas de &#8220;Los lobos&#8221; y una de sus facciones denominada &#8220;R7&#8221;, seg\u00fan el ministro del Interior, Patricio Carrillo.<br \/>\n&#8220;Que lamentable la noticia del amotinamiento en la c\u00e1rcel de Santo Domingo. Es la consecuencia de la violencia entre bandas&#8221;, tuite\u00f3 el presidente de Ecuador, Guillermo Lasso, que extendi\u00f3 sus condolencias a los familiares de los fallecidos.<br \/>\nEn poco m\u00e1s de un a\u00f1o, en las prisiones ecuatorianas han muerto brutalmente 350 reclusos, en medio de una violencia sin freno que el gobierno atribuye al enfrentamiento de bandas criminales vinculadas al narcotr\u00e1fico.<br \/>\nPese a que tom\u00f3 medidas como aumentar el presupuesto, ubicar a los presos m\u00e1s peligrosos en una \u00fanica c\u00e1rcel e impulsar la creaci\u00f3n de una comisi\u00f3n de pacificaci\u00f3n, el gobierno del presidente Lasso no ha podido frenar las masacres carcelarias.<br \/>\nEn conferencia de prensa el Ministro del Interior, Patricio Carrillo. revel\u00f3 que durante el incidente se dieron a la fuga hasta 220 detenidos y que la polic\u00eda recaptur\u00f3 a 112.<br \/>\nEl jefe de Estado ecuatoriano, reci\u00e9n regresado de un viaje a Israel, expres\u00f3 su dolor por el incidente, argumentando que fue consecuencia de la persistente &#8220;violencia de pandillas&#8221;.<br \/>\nDesde el a\u00f1o pasado, el clima carcelario ecuatoriano creci\u00f3 candentemente, y en repetidos incidentes entre grupos de presos desde febrero de 2021 hasta la fecha murieron 350 personas en diferentes prisiones.<\/p>\n","protected":false},"excerpt":{"rendered":"<p>&nbsp; M\u00e1s de 40 muertos en mot\u00edn carcelario &nbsp; QUITO, 10 MAYO &#8211;\u00a0Al menos 41 personas murieron en un mot\u00edn e intento de fuga que&hellip;<\/p>\n","protected":false},"author":99,"featured_media":503098,"comment_status":"open","ping_status":"open","sticky":false,"template":"","format":"standard","meta":{"footnotes":""},"categories":[23],"tags":[],"class_list":["post-503097","post","type-post","status-publish","format-standard","has-post-thumbnail","hentry","category-latinoamerica"],"_links":{"self":[{"href":"https:\/\/diarioelpopular.com\/index.php\/wp-json\/wp\/v2\/posts\/503097","targetHints":{"allow":["GET"]}}],"collection":[{"href":"https:\/\/diarioelpopular.com\/index.php\/wp-json\/wp\/v2\/posts"}],"about":[{"href":"https:\/\/diarioelpopular.com\/index.php\/wp-json\/wp\/v2\/types\/post"}],"author":[{"embeddable":true,"href":"https:\/\/diarioelpopular.com\/index.php\/wp-json\/wp\/v2\/users\/99"}],"replies":[{"embeddable":true,"href":"https:\/\/diarioelpopular.com\/index.php\/wp-json\/wp\/v2\/comments?post=503097"}],"version-history":[{"count":1,"href":"https:\/\/diarioelpopular.com\/index.php\/wp-json\/wp\/v2\/posts\/503097\/revisions"}],"predecessor-version":[{"id":503099,"href":"https:\/\/diarioelpopular.com\/index.php\/wp-json\/wp\/v2\/posts\/503097\/revisions\/503099"}],"wp:featuredmedia":[{"embeddable":true,"href":"https:\/\/diarioelpopular.com\/index.php\/wp-json\/wp\/v2\/media\/503098"}],"wp:attachment":[{"href":"https:\/\/diarioelpopular.com\/index.php\/wp-json\/wp\/v2\/media?parent=503097"}],"wp:term":[{"taxonomy":"category","embeddable":true,"href":"https:\/\/diarioelpopular.com\/index.php\/wp-json\/wp\/v2\/categories?post=503097"},{"taxonomy":"post_tag","embeddable":true,"href":"https:\/\/diarioelpopular.com\/index.php\/wp-json\/wp\/v2\/tags?post=503097"}],"curies":[{"name":"wp","href":"https:\/\/api.w.org\/{rel}","templated":true}]}}