{"id":503115,"date":"2022-05-11T08:11:43","date_gmt":"2022-05-11T12:11:43","guid":{"rendered":"https:\/\/diarioelpopular.com\/?p=503115"},"modified":"2022-05-11T08:11:43","modified_gmt":"2022-05-11T12:11:43","slug":"la-convencion-constitucional-de-chile-aprueba-desmilitarizar-los-cuerpos-policiales","status":"publish","type":"post","link":"https:\/\/diarioelpopular.com\/index.php\/2022\/05\/11\/la-convencion-constitucional-de-chile-aprueba-desmilitarizar-los-cuerpos-policiales\/","title":{"rendered":"La Convenci\u00f3n Constitucional de Chile aprueba desmilitarizar los cuerpos policiales"},"content":{"rendered":"<p><img loading=\"lazy\" decoding=\"async\" class=\"alignnone size-custom-full-size wp-image-503116\" src=\"https:\/\/diarioelpopular.com\/wp-content\/uploads\/2022\/05\/convencion-constitucional-de-chile_39950591_20220510165137-636x461.jpg\" alt=\"\" width=\"636\" height=\"461\" srcset=\"https:\/\/diarioelpopular.com\/wp-content\/uploads\/2022\/05\/convencion-constitucional-de-chile_39950591_20220510165137-636x461.jpg 636w, https:\/\/diarioelpopular.com\/wp-content\/uploads\/2022\/05\/convencion-constitucional-de-chile_39950591_20220510165137-300x217.jpg 300w, https:\/\/diarioelpopular.com\/wp-content\/uploads\/2022\/05\/convencion-constitucional-de-chile_39950591_20220510165137-768x556.jpg 768w, https:\/\/diarioelpopular.com\/wp-content\/uploads\/2022\/05\/convencion-constitucional-de-chile_39950591_20220510165137-101x73.jpg 101w, https:\/\/diarioelpopular.com\/wp-content\/uploads\/2022\/05\/convencion-constitucional-de-chile_39950591_20220510165137.jpg 780w\" sizes=\"auto, (max-width: 636px) 100vw, 636px\" \/><\/p>\n<p><em>La Convenci\u00f3n Consititucional de Chile es la encargada de la redacci\u00f3n de una nueva constituci\u00f3n para ese pa\u00eds.FOTO: TOMADA DEL SITIO WEB DE LA CONVENCI\u00d3N CONSTITUCIONAL DE CHILE.<\/em><\/p>\n<div class=\"block-headline\">\n<h4 class=\"lead cita\"><em><strong>&#8211; La decisi\u00f3n fue tomada por las cr\u00edticas que recibieron los uniformados en el estallido social de 2019. La instituci\u00f3n tambi\u00e9n deber\u00e1 incorporar la perspectiva de g\u00e9nero en sus funciones.<\/strong><\/em><\/h4>\n<p>LaConvenci\u00f3n Constitucional de Chile, a cargo de la redacci\u00f3n de la nueva Carta Magna del pa\u00eds, ha aprobado la desmilitarizaci\u00f3n de Carabineros y la Polic\u00eda de Investigaciones (PDI), tras las cr\u00edticas recibidas por los excesos cometidos en el marco del llamado estallido social, en 2019.<\/p>\n<p>El art\u00edculo, el 19, se ha aprobado con\u00a0109 votos a favor,\u00a033 en contra\u00a0y\u00a014 abstenciones\u00a0y en concreto establece que \u201clas Polic\u00edas dependen del ministerio a cargo de la seguridad p\u00fablica y son instituciones policiales, no militares, de car\u00e1cter centralizado, con competencia en todo el territorio de Chile, y est\u00e1n destinadas para garantizar la seguridad p\u00fablica, dar eficacia al derecho y resguardar los derechos fundamentales, en el marco de sus competencias\u201d.<\/p>\n<p>Seg\u00fan la informaci\u00f3n recogida por el diario chileno \u2018La Tercera\u2019, la norma afectar\u00e1 principalmente a Carabineros, que actualmente es una instituci\u00f3n militar. De aprobarse la nueva Constituci\u00f3n, deber\u00e1 asimilar su estatuto al de la PDI, que es la \u00fanica pol\u00edtica civil chilena.<\/p>\n<p>La Convenci\u00f3n Constitucional tambi\u00e9n ha aprobado los incisos 3, 4 y 5 del mismo art\u00edculo, que establecen que las Polic\u00edas deber\u00e1n \u201cincorporar la\u00a0perspectiva de g\u00e9nero en el desempe\u00f1o de sus funciones y promover la paridad en espacios de toma de decisi\u00f3n\u201d y actuar \u201crespetando los principios de necesidad y proporcionalidad en el uso de la fuerza, con pleno respeto al Derecho Internacional y los derechos fundamentales garantizados\u201d en la nueva Constituci\u00f3n.<\/p>\n<p>En cuanto al inciso 5, establece que las Polic\u00edas estar\u00e1n \u201csujetas a controles en materia de probidad y transparencia\u201d y que sus integrantes \u201cno podr\u00e1n pertenecer a partidos pol\u00edticos, asociarse en organizaciones pol\u00edticas, gremiales o sindicales, ejercer el derecho a huelga ni postularse a cargos de elecci\u00f3n popular\u201d.<\/p>\n<p>Por otro lado, la Convenci\u00f3n Constitucional ha aprobadoeliminar el estado de emergencia, en el marco de la votaci\u00f3n sobre el art\u00edculo 22, que regula los estados de excepci\u00f3n constitucional. Actualmente, en Chile existen los estados de asamblea, sitio, cat\u00e1strofe y emergencia.<\/p>\n<p>El pleno ha rechazado la continuaci\u00f3n del estado de emergencia, contemplado en la Constituci\u00f3n actual. El art\u00edculo en cuesti\u00f3n sosten\u00eda que \u201cen caso de una situaci\u00f3n de epidemia, calamidad o emergencia sanitaria que amenace la vida o salubridad de la comunidad\u201d, el presidente podr\u00eda declarar su aplicaci\u00f3n\u00a0bajo una duraci\u00f3n de no m\u00e1s de 30 d\u00edas.<\/p>\n<p>El texto tambi\u00e9n contemplaba restringir las libertades de locomoci\u00f3n y de reuni\u00f3n, establecer limitaciones al ejercicio del derecho de propiedad, entre otras cosas.<\/p>\n<p>El pleno ha aprobado que el estado de asamblea pueda aplicarse\u00a0en caso de conflicto armado internacional, mientras que el estado de sitio se activar\u00eda en caso de un conflicto armado interno. Seg\u00fan el texto, s\u00f3lo podr\u00e1n ser declarados por \u201cla presidenta o presidente de la rep\u00fablica, con plena autorizaci\u00f3n del Congreso y la C\u00e1mara de las Regiones, en sesi\u00f3n conjunta\u201d.<\/p>\n<p>Adem\u00e1s, han aprobado que el Ejecutivo podr\u00e1 solicitar una pr\u00f3rroga del estado de cat\u00e1strofe, para lo que se requerir\u00e1 \u201cla aprobaci\u00f3n de la mayor\u00eda de los integrantes del Congreso de Diputados y la C\u00e1mara de las Regiones\u201d.<\/p>\n<p>La redacci\u00f3n de la nueva Constituci\u00f3n en Chile, que vendr\u00e1 a sustituir a la anterior\u00a0aprobada en 1980 bajo la dictadura del general Augusto Pinochet, es el resultado de las movilizaciones contra el Gobierno de Sebasti\u00e1n Pi\u00f1era que comenzaron en octubre de 2019 y que se prolongaron durante meses.<\/p>\n<\/div>\n","protected":false},"excerpt":{"rendered":"<p>La Convenci\u00f3n Consititucional de Chile es la encargada de la redacci\u00f3n de una nueva constituci\u00f3n para ese pa\u00eds.FOTO: TOMADA DEL SITIO WEB DE LA CONVENCI\u00d3N&hellip;<\/p>\n","protected":false},"author":99,"featured_media":503116,"comment_status":"open","ping_status":"open","sticky":false,"template":"","format":"standard","meta":{"footnotes":""},"categories":[23],"tags":[],"class_list":["post-503115","post","type-post","status-publish","format-standard","has-post-thumbnail","hentry","category-latinoamerica"],"_links":{"self":[{"href":"https:\/\/diarioelpopular.com\/index.php\/wp-json\/wp\/v2\/posts\/503115","targetHints":{"allow":["GET"]}}],"collection":[{"href":"https:\/\/diarioelpopular.com\/index.php\/wp-json\/wp\/v2\/posts"}],"about":[{"href":"https:\/\/diarioelpopular.com\/index.php\/wp-json\/wp\/v2\/types\/post"}],"author":[{"embeddable":true,"href":"https:\/\/diarioelpopular.com\/index.php\/wp-json\/wp\/v2\/users\/99"}],"replies":[{"embeddable":true,"href":"https:\/\/diarioelpopular.com\/index.php\/wp-json\/wp\/v2\/comments?post=503115"}],"version-history":[{"count":1,"href":"https:\/\/diarioelpopular.com\/index.php\/wp-json\/wp\/v2\/posts\/503115\/revisions"}],"predecessor-version":[{"id":503117,"href":"https:\/\/diarioelpopular.com\/index.php\/wp-json\/wp\/v2\/posts\/503115\/revisions\/503117"}],"wp:featuredmedia":[{"embeddable":true,"href":"https:\/\/diarioelpopular.com\/index.php\/wp-json\/wp\/v2\/media\/503116"}],"wp:attachment":[{"href":"https:\/\/diarioelpopular.com\/index.php\/wp-json\/wp\/v2\/media?parent=503115"}],"wp:term":[{"taxonomy":"category","embeddable":true,"href":"https:\/\/diarioelpopular.com\/index.php\/wp-json\/wp\/v2\/categories?post=503115"},{"taxonomy":"post_tag","embeddable":true,"href":"https:\/\/diarioelpopular.com\/index.php\/wp-json\/wp\/v2\/tags?post=503115"}],"curies":[{"name":"wp","href":"https:\/\/api.w.org\/{rel}","templated":true}]}}