{"id":503128,"date":"2022-05-12T09:26:03","date_gmt":"2022-05-12T13:26:03","guid":{"rendered":"https:\/\/diarioelpopular.com\/?p=503128"},"modified":"2022-05-12T09:26:03","modified_gmt":"2022-05-12T13:26:03","slug":"boric-duplicara-compra-de-tierras-para-indigenas","status":"publish","type":"post","link":"https:\/\/diarioelpopular.com\/index.php\/2022\/05\/12\/boric-duplicara-compra-de-tierras-para-indigenas\/","title":{"rendered":"Boric duplicar\u00e1 compra de tierras para ind\u00edgenas"},"content":{"rendered":"<p>&nbsp;<\/p>\n<p><img loading=\"lazy\" decoding=\"async\" class=\"alignnone size-custom-full-size wp-image-503129\" src=\"https:\/\/diarioelpopular.com\/wp-content\/uploads\/2022\/05\/162eee1e5ed0a50f752262f21926cf54.jpg\" alt=\"\" width=\"476\" height=\"317\" srcset=\"https:\/\/diarioelpopular.com\/wp-content\/uploads\/2022\/05\/162eee1e5ed0a50f752262f21926cf54.jpg 476w, https:\/\/diarioelpopular.com\/wp-content\/uploads\/2022\/05\/162eee1e5ed0a50f752262f21926cf54-300x200.jpg 300w, https:\/\/diarioelpopular.com\/wp-content\/uploads\/2022\/05\/162eee1e5ed0a50f752262f21926cf54-110x73.jpg 110w\" sizes=\"auto, (max-width: 476px) 100vw, 476px\" \/><\/p>\n<p><em>Miembros de la comunidad mapuche chilena (foto: ANSA)<\/em><\/p>\n<p>&nbsp;<\/p>\n<h4><em><strong>&#8211; Compromiso deuda hist\u00f3rica del estado con pueblos originarios<\/strong><\/em><\/h4>\n<p><em><strong>SANTIAGO DE CHILE, 12 MAYO &#8211;<\/strong><\/em> El gobierno del frenteamplista Gabriel Boric duplicar\u00e1 el presupuesto para la compra de tierras para ind\u00edgenas y as\u00ed paliar en parte la deuda hist\u00f3rica del Estado de Chile con pueblos originarios.<br \/>\nHoy se realiz\u00f3 la primera sesi\u00f3n del consejo asesor de la Corporaci\u00f3n Nacional de Desarrollo Ind\u00edgena (Conadi), de manera in\u00e9dita en el palacio de La Moneda y encabezada por el mandatario y la ministra de Desarrollo Social, Jeanette Vega.<br \/>\nLa ministra destac\u00f3 que &#8220;como Gobierno estamos tratando de avanzar en la deuda hist\u00f3rica que tiene el Estado de Chile con los pueblos originarios. Parte importante de esto tiene que ver con la entrega de las tierras que fueron usurpadas&#8221;.<br \/>\nAclar\u00f3 enseguida que &#8220;no estamos entregando tierras ni conversando a cambio de seguridad o que esas tierras se mantengan productivas. Estamos entregando las tierras porque es lo que corresponde hacer&#8221;.<br \/>\n&#8220;El Presidente ha comprometido hoy d\u00eda doblar el presupuesto para la compra de tierras, y nosotros como ministerio y Conadi, nos hemos comprometido avanzar en la compra de todas aquellas tierras que ya tenemos tasaci\u00f3n, aplicabilidad y que est\u00e1n listas para ser compradas, lo que es alrededor de 39 predios para este a\u00f1o, correspondiente a 19 comunidades&#8221;, detall\u00f3.<br \/>\nRespecto de los montos involucrados, la autoridad se\u00f1al\u00f3 que &#8220;cuando llegamos ten\u00edamos un monto de 18 millones de d\u00f3lares para la compra de tierras. Vamos a aumentarlo para llegar a los 42,1 millones de d\u00f3lares de aqu\u00ed a fin de a\u00f1o, porque esa es la capacidad de ejecuci\u00f3n de todas las tierras que est\u00e1n en un proceso en el cual ya podemos comprar&#8221;.<br \/>\nA\u00f1adi\u00f3 que &#8220;los a\u00f1os siguientes vamos a restituir el presupuesto a los niveles hist\u00f3ricos, y probablemente lo vamos a aumentar. Cada a\u00f1o vamos a ejecutar alrededor de 90,3 millones de d\u00f3lares&#8221;.<br \/>\nObserv\u00f3 tambi\u00e9n que &#8220;tenemos un desaf\u00edo, que es que esta compra de tierras vaya acompa\u00f1ada por que estas tierras se mantengan productivas, que tengan los servicios b\u00e1sicos, y asegurar que la inversi\u00f3n del Estado, alrededor de lo que estamos comprando, permita que se mantengan como tierras productivas&#8221;.<br \/>\nDetall\u00f3 que &#8220;tenemos en carpeta 957 aplicaciones, de esta la mitad tienen admisibilidad con respecto a sus t\u00edtulos, y de estas, que est\u00e1n en proceso, la gran mayor\u00eda, est\u00e1n en uno muy inicial, y por lo tanto, el director de Conadi tiene como uno de sus mandatos reorganizar la instituci\u00f3n y cambiar los procesos para que estos sean mucho m\u00e1s eficientes y r\u00e1pidos&#8221;.<br \/>\nEl director de Conadi, Luis Penchuleo, valor\u00f3 a su vez la cantidad de mujeres electas para el nuevo consejo, la integraci\u00f3n del pueblo diaguita y el aumento de presupuesto.<br \/>\nSobre esto \u00faltimo, aclar\u00f3 que aunque &#8220;tampoco es suficiente, no lo vamos a resolver, es un hito tremendamente importante&#8221;.<br \/>\nLa representante mapuche Francisca Huirilef expres\u00f3 que aguardaba con &#8220;ansias&#8221; este anuncio y sostuvo mientras &#8220;se inyecte m\u00e1s plata a esta instituci\u00f3n (Conadi) va a conllevar en que vamos a avanzar un poco m\u00e1s. No es la soluci\u00f3n en un 100%, lo tenemos claro, pero el hecho de hacer este gesto, ya podemos avanzar de a poco con este nuevo consejo&#8221;.<\/p>\n","protected":false},"excerpt":{"rendered":"<p>&nbsp; Miembros de la comunidad mapuche chilena (foto: ANSA) &nbsp; &#8211; Compromiso deuda hist\u00f3rica del estado con pueblos originarios SANTIAGO DE CHILE, 12 MAYO &#8211;&hellip;<\/p>\n","protected":false},"author":99,"featured_media":503129,"comment_status":"open","ping_status":"open","sticky":false,"template":"","format":"standard","meta":{"footnotes":""},"categories":[23],"tags":[],"class_list":["post-503128","post","type-post","status-publish","format-standard","has-post-thumbnail","hentry","category-latinoamerica"],"_links":{"self":[{"href":"https:\/\/diarioelpopular.com\/index.php\/wp-json\/wp\/v2\/posts\/503128","targetHints":{"allow":["GET"]}}],"collection":[{"href":"https:\/\/diarioelpopular.com\/index.php\/wp-json\/wp\/v2\/posts"}],"about":[{"href":"https:\/\/diarioelpopular.com\/index.php\/wp-json\/wp\/v2\/types\/post"}],"author":[{"embeddable":true,"href":"https:\/\/diarioelpopular.com\/index.php\/wp-json\/wp\/v2\/users\/99"}],"replies":[{"embeddable":true,"href":"https:\/\/diarioelpopular.com\/index.php\/wp-json\/wp\/v2\/comments?post=503128"}],"version-history":[{"count":1,"href":"https:\/\/diarioelpopular.com\/index.php\/wp-json\/wp\/v2\/posts\/503128\/revisions"}],"predecessor-version":[{"id":503130,"href":"https:\/\/diarioelpopular.com\/index.php\/wp-json\/wp\/v2\/posts\/503128\/revisions\/503130"}],"wp:featuredmedia":[{"embeddable":true,"href":"https:\/\/diarioelpopular.com\/index.php\/wp-json\/wp\/v2\/media\/503129"}],"wp:attachment":[{"href":"https:\/\/diarioelpopular.com\/index.php\/wp-json\/wp\/v2\/media?parent=503128"}],"wp:term":[{"taxonomy":"category","embeddable":true,"href":"https:\/\/diarioelpopular.com\/index.php\/wp-json\/wp\/v2\/categories?post=503128"},{"taxonomy":"post_tag","embeddable":true,"href":"https:\/\/diarioelpopular.com\/index.php\/wp-json\/wp\/v2\/tags?post=503128"}],"curies":[{"name":"wp","href":"https:\/\/api.w.org\/{rel}","templated":true}]}}