{"id":503134,"date":"2022-05-12T09:33:39","date_gmt":"2022-05-12T13:33:39","guid":{"rendered":"https:\/\/diarioelpopular.com\/?p=503134"},"modified":"2022-05-12T09:33:39","modified_gmt":"2022-05-12T13:33:39","slug":"el-nobel-vargas-llosa-en-uruguay-el-pais-ejemplo","status":"publish","type":"post","link":"https:\/\/diarioelpopular.com\/index.php\/2022\/05\/12\/el-nobel-vargas-llosa-en-uruguay-el-pais-ejemplo\/","title":{"rendered":"El nobel Vargas Llosa en Uruguay, el \u201cpa\u00eds ejemplo\u201d"},"content":{"rendered":"<p>&nbsp;<\/p>\n<p><img loading=\"lazy\" decoding=\"async\" class=\"alignnone size-custom-full-size wp-image-503135\" src=\"https:\/\/diarioelpopular.com\/wp-content\/uploads\/2022\/05\/EuropaPress_4013768_escritor_mario_vargas_llosa_interviene_acto_entrega_xiii_premios_taurinos-636x358.jpg\" alt=\"\" width=\"636\" height=\"358\" srcset=\"https:\/\/diarioelpopular.com\/wp-content\/uploads\/2022\/05\/EuropaPress_4013768_escritor_mario_vargas_llosa_interviene_acto_entrega_xiii_premios_taurinos-636x358.jpg 636w, https:\/\/diarioelpopular.com\/wp-content\/uploads\/2022\/05\/EuropaPress_4013768_escritor_mario_vargas_llosa_interviene_acto_entrega_xiii_premios_taurinos-300x169.jpg 300w, https:\/\/diarioelpopular.com\/wp-content\/uploads\/2022\/05\/EuropaPress_4013768_escritor_mario_vargas_llosa_interviene_acto_entrega_xiii_premios_taurinos-768x432.jpg 768w, https:\/\/diarioelpopular.com\/wp-content\/uploads\/2022\/05\/EuropaPress_4013768_escritor_mario_vargas_llosa_interviene_acto_entrega_xiii_premios_taurinos-130x73.jpg 130w, https:\/\/diarioelpopular.com\/wp-content\/uploads\/2022\/05\/EuropaPress_4013768_escritor_mario_vargas_llosa_interviene_acto_entrega_xiii_premios_taurinos.jpg 1024w\" sizes=\"auto, (max-width: 636px) 100vw, 636px\" \/><\/p>\n<p><em>El escritor Mar\u00edo Vargas Llosa, interviene en el acto de entrega de los XIII Premios Taurinos en el Senado, a 18 de octubre de 2021, en Madrid, (Espa\u00f1a).\u00a0 \u00a0 \u00a0 \u00a0 \u00a0 \u00a0 \u00a0 \u00a0 \u00a0 \u00a0 \u00a0 \u00a0 \u00a0 \u00a0 (Foto de ARCHIVO) EDUARDO PARRA \/ EUROPA PRESS<\/em><\/p>\n<p>&nbsp;<\/p>\n<h4><em><strong>&#8211; De uno de esos vetustos templos que en el laico Uruguay ofrecen adoraci\u00f3n al libro a un homenaje de la m\u00e1s alta instituci\u00f3n acad\u00e9mica del pa\u00eds, pasando por una charla sobre pol\u00edtica latinoamericana: as\u00ed transcurri\u00f3 la visita de Mario Vargas Llosa a esa naci\u00f3n que considera ejemplar en la regi\u00f3n. <\/strong><\/em><\/h4>\n<p>&nbsp;<\/p>\n<p>Destacado representante del denominado \u2018boom latinoamericano&#8217;, candidato presidencial en Per\u00fa en 1990 y Premio Nobel de Literatura en 2010, el escritor nacido en la peruana Arequipa hace 86 a\u00f1os y de nacionalidad espa\u00f1ola desde 1993 verti\u00f3 sus opiniones sobre la \u201ctriste\u201d Am\u00e9rica Latina en la que todos deber\u00edan \u201cimitar\u201d a Uruguay. Un tuit de su hijo y miembro, como \u00e9l, de la Fundaci\u00f3n Internacional para la Libertad (FIL), \u00c1lvaro Vargas Llosa, mostraba este mi\u00e9rcoles al nobel en su \u201cinfaltable visita\u201d a \u201cla librer\u00eda m\u00e1s hermosa del mundo\u201d, la hist\u00f3rica Linardi y Risso, instalada en la Ciudad Vieja, el casco hist\u00f3rico de Montevideo, a la que acude siempre que est\u00e1 en Uruguay. Posteriormente, y ante la atenta mirada del expresidente de Uruguay Luis Alberto Lacalle Herrera (1990-1995), padre del actual mandatario, Luis Lacalle Pou, el autor de \u201cLa fiesta del chivo\u201d, \u201cLa ciudad y los perros\u201d o \u201cConversaciones en La Catedral\u201d ofreci\u00f3 una charla invitado por el \u2018think tank&#8217; Centro de Estudios para el Desarrollo (liberal). Reci\u00e9n recuperado de la covid-19 que le oblig\u00f3 a estar internado en Madrid, donde vive, Vargas Llosa ofreci\u00f3 su mirada sobre la realidad latinoamericana ante representantes del mundo de la pol\u00edtica, las finanzas y el periodismo, y en el Hotel Sofitel Montevideo Casino Carrasco &amp;amp; Spa -que en el pasado lleg\u00f3 a albergar a personalidades como el f\u00edsico Albert Einstein o el escritor Federico Garc\u00eda Lorca-.<\/p>\n<p>\u201cAm\u00e9rica Latina atraviesa un muy mal momento, un momento de crisis bastante profunda en algunos pa\u00edses y en otros m\u00e1s superficial\u201d, indic\u00f3 el nobel, quien agreg\u00f3 que el continente \u201cest\u00e1 profundamente equivocado y est\u00e1 eligiendo las peores opciones\u201d. Especialmente acerado fue contra su pa\u00eds, del que dijo es \u201cel caso m\u00e1s triste\u201d, y contra quienes votaron por \u201clo peor\u201d, en referencia al actual presidente, Pedro Castillo. \u201c\u00bfHan sentido la verg\u00fcenza que he sentido yo escuch\u00e1ndolo? \u00bfEs eso un presidente de un pa\u00eds moderno? Es una verg\u00fcenza y yo, como peruano, lo reconozco inmediatamente. No podemos tener presidentes as\u00ed y pensar en el progreso. Quienes votaron se equivocaron radicalmente\u201d, dijo. Cuba, Venezuela y Nicaragua se llevaron los peores comentarios del escritor y periodista, quien insisti\u00f3 en varios momentos de la charla en la idea de que \u201cel socialismo no ha triunfado en ninguna parte\u201d y solo salv\u00f3 \u201cla socialdemocracia en Alemania, aunque no tiene nada que ver con el socialismo\u201d. \u201cNo sigamos los malos ejemplos, van a llevarnos a nuestra ruina, van a estimular una corrupci\u00f3n que, por desgracia, est\u00e1 muy enraizada en Am\u00e9rica Latina y fundamentalmente porque Am\u00e9rica Latina se ha empe\u00f1ado en defender el socialismo\u201d, argument\u00f3.<\/p>\n<p>Tambi\u00e9n se refiri\u00f3 a Argentina, pa\u00eds que visit\u00f3 recientemente y del que opin\u00f3 que \u201cmientras el peronismo represente lo que representa no hay esperanza\u201d. \u201cEs la cat\u00e1strofe que ha hundido a Argentina\u201d, espet\u00f3. Si bien atac\u00f3 personalmente a pocos pol\u00edticos, como el actual presidente de M\u00e9xico, Andr\u00e9s Manuel L\u00f3pez Obrador, o el fallecido presidente venezolano Hugo Ch\u00e1vez (1999-2013), pidi\u00f3 que en pa\u00edses donde pr\u00f3ximamente habr\u00e1 elecciones, como Colombia o Brasil, \u201cvoten bien\u201d, ya que, en su opini\u00f3n, no solo basta con que haya comicios libres en la regi\u00f3n, sino que los ciudadanos elijan bien. \u201cColombia es uno de los pa\u00edses m\u00e1s dram\u00e1ticos en estos momentos porque si Colombia, como desea Venezuela, vota mal en estas elecciones, Am\u00e9rica Latina se hunde\u201d, coment\u00f3. Frente a un panorama \u201ctriste\u201d de la regi\u00f3n, se mostr\u00f3 \u201centusiasta\u201d con Uruguay, que tiene \u201cuna democracia que funciona\u201d.<\/p>\n<p>\u201cEs un pa\u00eds sosegado, tranquilo, donde las leyes funcionan, los gobiernos trabajan por la mayor\u00eda. Es el ejemplo que hay que seguir, el ejemplo que debemos seguir en Am\u00e9rica Latina\u201d, coment\u00f3. El evento, que congreg\u00f3 a cientos de invitados, concluy\u00f3 con la concesi\u00f3n del t\u00edtulo de doctor honoris causa por la Universidad de la Rep\u00fablica (Udelar) al ganador del Premio Cervantes 1994, en una sencilla ceremonia en presencia de su rector, Rodrigo Arim, y del presidente de Uruguay, Luis Lacalle Pou. Y as\u00ed, el autor de \u201cLa t\u00eda Julia y el escribidor\u201d, \u201cPantale\u00f3n y las visitadoras\u201d o \u201cTravesuras de la ni\u00f1a mala\u201d cerr\u00f3 su visita a Uruguay, el \u201cpa\u00eds ejemplo\u201d.<\/p>\n","protected":false},"excerpt":{"rendered":"<p>&nbsp; El escritor Mar\u00edo Vargas Llosa, interviene en el acto de entrega de los XIII Premios Taurinos en el Senado, a 18 de octubre de&hellip;<\/p>\n","protected":false},"author":99,"featured_media":503135,"comment_status":"open","ping_status":"open","sticky":false,"template":"","format":"standard","meta":{"footnotes":""},"categories":[11358,23],"tags":[],"class_list":["post-503134","post","type-post","status-publish","format-standard","has-post-thumbnail","hentry","category-especiales","category-latinoamerica"],"_links":{"self":[{"href":"https:\/\/diarioelpopular.com\/index.php\/wp-json\/wp\/v2\/posts\/503134","targetHints":{"allow":["GET"]}}],"collection":[{"href":"https:\/\/diarioelpopular.com\/index.php\/wp-json\/wp\/v2\/posts"}],"about":[{"href":"https:\/\/diarioelpopular.com\/index.php\/wp-json\/wp\/v2\/types\/post"}],"author":[{"embeddable":true,"href":"https:\/\/diarioelpopular.com\/index.php\/wp-json\/wp\/v2\/users\/99"}],"replies":[{"embeddable":true,"href":"https:\/\/diarioelpopular.com\/index.php\/wp-json\/wp\/v2\/comments?post=503134"}],"version-history":[{"count":1,"href":"https:\/\/diarioelpopular.com\/index.php\/wp-json\/wp\/v2\/posts\/503134\/revisions"}],"predecessor-version":[{"id":503136,"href":"https:\/\/diarioelpopular.com\/index.php\/wp-json\/wp\/v2\/posts\/503134\/revisions\/503136"}],"wp:featuredmedia":[{"embeddable":true,"href":"https:\/\/diarioelpopular.com\/index.php\/wp-json\/wp\/v2\/media\/503135"}],"wp:attachment":[{"href":"https:\/\/diarioelpopular.com\/index.php\/wp-json\/wp\/v2\/media?parent=503134"}],"wp:term":[{"taxonomy":"category","embeddable":true,"href":"https:\/\/diarioelpopular.com\/index.php\/wp-json\/wp\/v2\/categories?post=503134"},{"taxonomy":"post_tag","embeddable":true,"href":"https:\/\/diarioelpopular.com\/index.php\/wp-json\/wp\/v2\/tags?post=503134"}],"curies":[{"name":"wp","href":"https:\/\/api.w.org\/{rel}","templated":true}]}}