{"id":503155,"date":"2022-05-13T09:17:27","date_gmt":"2022-05-13T13:17:27","guid":{"rendered":"https:\/\/diarioelpopular.com\/?p=503155"},"modified":"2022-05-13T09:17:27","modified_gmt":"2022-05-13T13:17:27","slug":"enorme-deslizamiento-de-tierra-captado-por-usuarios-tras-un-temblor-de-5-5-grados-en-peru","status":"publish","type":"post","link":"https:\/\/diarioelpopular.com\/index.php\/2022\/05\/13\/enorme-deslizamiento-de-tierra-captado-por-usuarios-tras-un-temblor-de-5-5-grados-en-peru\/","title":{"rendered":"Enorme deslizamiento de tierra captado por usuarios tras un temblor de 5.5 grados en Per\u00fa"},"content":{"rendered":"<p>&nbsp;<\/p>\n<p><img loading=\"lazy\" decoding=\"async\" class=\"alignnone size-custom-full-size wp-image-503156\" src=\"https:\/\/diarioelpopular.com\/wp-content\/uploads\/2022\/05\/Peru-636x434.jpg\" alt=\"\" width=\"636\" height=\"434\" srcset=\"https:\/\/diarioelpopular.com\/wp-content\/uploads\/2022\/05\/Peru-636x434.jpg 636w, https:\/\/diarioelpopular.com\/wp-content\/uploads\/2022\/05\/Peru-300x205.jpg 300w, https:\/\/diarioelpopular.com\/wp-content\/uploads\/2022\/05\/Peru-768x524.jpg 768w, https:\/\/diarioelpopular.com\/wp-content\/uploads\/2022\/05\/Peru-80x55.jpg 80w, https:\/\/diarioelpopular.com\/wp-content\/uploads\/2022\/05\/Peru-107x73.jpg 107w, https:\/\/diarioelpopular.com\/wp-content\/uploads\/2022\/05\/Peru.jpg 800w\" sizes=\"auto, (max-width: 636px) 100vw, 636px\" \/><\/p>\n<p><em>Un temblor de 5.5 grados se report\u00f3 en Lima Per\u00fa, y varios videos muestran un deslizamiento de tierra en la zona de la Costa Verde, el \u00e1rea m\u00e1s afectada.\u00a0 \u00a0 \u00a0 \u00a0 \u00a0 \u00a0 \u00a0 \u00a0 \u00a0(Foto: Twitter\/@ArmandoValdez)<\/em><\/p>\n<div class=\"sart-intro\">\n<h4><em><strong>&#8211; Varios videos publicados en las redes sociales muestran un deslave ocurrido en la Cosa Verde a causa del movimiento tel\u00farico.<\/strong><\/em><\/h4>\n<\/div>\n<div class=\"auth-info gi ten-sixteenths\">\n<div id=\"gradient-content\" class=\"sart-content\">\n<p>Un\u00a0<a href=\"https:\/\/www.prensalibre.com\/tema\/temblor\" target=\"_blank\" rel=\"noopener\">temblor<\/a>\u00a0de magnitud 5.5\u00a0se report\u00f3 a las 16.55 horas en la ciudad de\u00a0<a href=\"https:\/\/www.prensalibre.com\/tema\/peru\" target=\"_blank\" rel=\"noopener\">Lima, Per\u00fa<\/a>\u00a0de acuerdo a los datos proporcionados por el Instituto Geof\u00edsico del Per\u00fa (IGP) en sus portales oficiales.<\/p>\n<p>Los datos aseguran que el fen\u00f3meno\u00a0tuvo una profundidad de 49 kil\u00f3metros\u00a0y el epicentro se localiza al suroeste de la localidad de Chilca, en Ca\u00f1ete.<\/p>\n<\/div>\n<div id=\"tinypass_handler_single\" class=\"tinypass_handler_single sart-content\">\n<p>En una nota de prensa, el IGP\u00a0asegur\u00f3 que el temblor no liber\u00f3 energ\u00eda que se encuentra en la regi\u00f3n acumulada de Per\u00fa. De igual forma, el director de la instituci\u00f3n Hernando Tavera inform\u00f3 de los efectos que provoc\u00f3 el movimiento tel\u00farico.<\/p>\n<p>\u201cEste evento de magnitud moderada\u00a0ha generado desprendimientos de piedra y deslizamiento de tierra en carreteras y valles\u201c, afirma.<\/p>\n<p>Seg\u00fan el reporte de las autoridades del Instituto Nacional de Defensa Civil (Indeci)\u00a0no se han reportado da\u00f1os materiales o de personas heridas o fallecidas\u00a0durante el temblor.<\/p>\n<p>En las\u00a0<a href=\"https:\/\/www.prensalibre.com\/tema\/redes-sociales\" target=\"_blank\" rel=\"noopener\">redes sociales<\/a>\u00a0se han compartido varios videos de las personas reaccionando al temblor, siendo la Costa Verde la \u00e1rea m\u00e1s afectada debido a que\u00a0se observa el momento en que ocurre un deslizamiento de tierra.<\/p>\n<p>Muchos videos muestran c\u00f3mo las personas aleda\u00f1as a la zona afectada salen del lugar,\u00a0as\u00ed como otros captan el deslave desde varios \u00e1ngulos.<\/p>\n<p>Otros videos muestran c\u00f3mo\u00a0el deslizamiento de tierra afecta el tr\u00e1nsito vehicular, impidiendo el paso de los autom\u00f3viles.<\/p>\n<p>Otro momento captado es a partir de\u00a0las c\u00e1maras de seguridad de la Avenida Rep\u00fablica de\u00a0<a href=\"https:\/\/www.prensalibre.com\/tema\/panama\" target=\"_blank\" rel=\"noopener\">Panam\u00e1<\/a>, donde se registra el temblor y se observa una vibraci\u00f3n alrededor de las calles.<\/p>\n<p>Tambi\u00e9n se muestran videos de parte del canal de noticias<em>\u00a0Canal N<\/em>\u00a0en donde\u00a0presencian de primera mano el sismo dentro de los estudios, mientras transmit\u00edan en vivo una conferencia dentro del Congreso de Per\u00fa.<\/p>\n<p>Adem\u00e1s, se publicaron videos de\u00a0civiles que salen de sus hogares al momento de sentir el temblor. Uno de ellos, se escuchan varias personas sorprendidas y perros ladrando a los alrededores.<\/p>\n<p>&nbsp;<\/p>\n<\/div>\n<\/div>\n","protected":false},"excerpt":{"rendered":"<p>&nbsp; Un temblor de 5.5 grados se report\u00f3 en Lima Per\u00fa, y varios videos muestran un deslizamiento de tierra en la zona de la Costa&hellip;<\/p>\n","protected":false},"author":99,"featured_media":503156,"comment_status":"open","ping_status":"open","sticky":false,"template":"","format":"standard","meta":{"footnotes":""},"categories":[23],"tags":[],"class_list":["post-503155","post","type-post","status-publish","format-standard","has-post-thumbnail","hentry","category-latinoamerica"],"_links":{"self":[{"href":"https:\/\/diarioelpopular.com\/index.php\/wp-json\/wp\/v2\/posts\/503155","targetHints":{"allow":["GET"]}}],"collection":[{"href":"https:\/\/diarioelpopular.com\/index.php\/wp-json\/wp\/v2\/posts"}],"about":[{"href":"https:\/\/diarioelpopular.com\/index.php\/wp-json\/wp\/v2\/types\/post"}],"author":[{"embeddable":true,"href":"https:\/\/diarioelpopular.com\/index.php\/wp-json\/wp\/v2\/users\/99"}],"replies":[{"embeddable":true,"href":"https:\/\/diarioelpopular.com\/index.php\/wp-json\/wp\/v2\/comments?post=503155"}],"version-history":[{"count":1,"href":"https:\/\/diarioelpopular.com\/index.php\/wp-json\/wp\/v2\/posts\/503155\/revisions"}],"predecessor-version":[{"id":503157,"href":"https:\/\/diarioelpopular.com\/index.php\/wp-json\/wp\/v2\/posts\/503155\/revisions\/503157"}],"wp:featuredmedia":[{"embeddable":true,"href":"https:\/\/diarioelpopular.com\/index.php\/wp-json\/wp\/v2\/media\/503156"}],"wp:attachment":[{"href":"https:\/\/diarioelpopular.com\/index.php\/wp-json\/wp\/v2\/media?parent=503155"}],"wp:term":[{"taxonomy":"category","embeddable":true,"href":"https:\/\/diarioelpopular.com\/index.php\/wp-json\/wp\/v2\/categories?post=503155"},{"taxonomy":"post_tag","embeddable":true,"href":"https:\/\/diarioelpopular.com\/index.php\/wp-json\/wp\/v2\/tags?post=503155"}],"curies":[{"name":"wp","href":"https:\/\/api.w.org\/{rel}","templated":true}]}}