{"id":503171,"date":"2022-05-13T09:43:46","date_gmt":"2022-05-13T13:43:46","guid":{"rendered":"https:\/\/diarioelpopular.com\/?p=503171"},"modified":"2022-05-13T09:43:46","modified_gmt":"2022-05-13T13:43:46","slug":"momento-de-tribulacion","status":"publish","type":"post","link":"https:\/\/diarioelpopular.com\/index.php\/2022\/05\/13\/momento-de-tribulacion\/","title":{"rendered":"MOMENTO DE TRIBULACI\u00d3N"},"content":{"rendered":"<p class=\"p4\"><b><i>\u201cPorque somos \u00fanicos, debemos dignificarnos para estar por encima del nivel del miedo; y, porque tenemos una sola Madre Tierra, hemos de protegerla\u201d.<span class=\"Apple-converted-space\">\u00a0<\/span><\/i><\/b><\/p>\n<p class=\"p6\"><b><i>=============================<\/i><\/b><\/p>\n<p class=\"p6\"><b><i>V\u00edctor CORCOBA HERRERO\/ Escritor<\/i><\/b><\/p>\n<p class=\"p6\"><b><i>corcoba@telefonica.net <\/i><\/b><\/p>\n<p class=\"p6\"><b>=============================<\/b><span class=\"Apple-converted-space\">\u00a0<\/span><\/p>\n<p class=\"p7\">El momento actual no es m\u00e1s dif\u00edcil que en otras ocasiones. Por eso, tenemos que aprender a coexistir con los per\u00edodos de tribulaci\u00f3n, a no desfallecer jam\u00e1s; porque de la fortaleza de unidad entre todos, se sale siempre reforzado, en la medida en la que estemos dispuestos a aprender la lecci\u00f3n. S\u00f3lo as\u00ed creceremos internamente, que es lo que nos ayudar\u00e1 a fraternizarnos. Por desgracia, siempre hay algo que no funciona o entra en conflicto. Somos as\u00ed, la necedad nos acompa\u00f1a y la debilidad nos impide la curaci\u00f3n. En cualquier caso, todos en nuestro paso por la vida tendremos instantes de amargura y soplos de bienestar. Lo importante, en este caso, es saber dilucidar el camino en el momento exacto. De entrada, tomar el impulso para desbloquear nuestras emociones es primordial. Lo mismo que concienciarse consigo mismo para activar nuestra propia batalla interna y hacer frente al estr\u00e9s, la depresi\u00f3n o cualquier otro trauma. <span class=\"Apple-converted-space\">\u00a0<\/span><\/p>\n<p class=\"p7\">A mi juicio, lo significativo es centrarse y concentrarse en nuestras propias capacidades humanas, en perseverar reduciendo al mismo tiempo las tensiones. Quiz\u00e1s tengamos que hacer m\u00e1s silencios, intensificar los esfuerzos por entendernos, dejar de aborrecernos unos a otros, ser m\u00e1s aut\u00e9nticos, activar la capacidad de observaci\u00f3n y escucha. Hay muchas cosas que nos conversan a diario y no entramos en di\u00e1logo. La misma naturaleza con su lenguaje arm\u00f3nico. La soledad con su esp\u00edritu de reflexi\u00f3n. El arte nupcial del sue\u00f1o que nos insta a despertarnos. Este mismo art\u00edculo es un sue\u00f1o digerido mar adentro y dirigido en busca de ojos lectores. Tenemos que responder no s\u00f3lo como individuos, sino tambi\u00e9n como familia humana, compartir responsabilidades y enhebrar entusiasmos entre v\u00ednculos. Silenciemos las armas mientras tanto. Dej\u00e9moslas de usar. Fomentemos la cultura del abrazo, que la violencia es nuestra mayor torpeza de debilidad.<span class=\"Apple-converted-space\">\u00a0<\/span><\/p>\n<p class=\"p7\">No olvidemos que s\u00f3lo hay una ventana para salir de cualquier crisis, lo que significa mudar de aires, y el verdadero cambio ha de hacerse en comunidad. Reunidos todos bajo el esp\u00edritu de la solidaridad es como se consigue un orbe m\u00e1s habitable y un h\u00e1bitat m\u00e1s sano. Es cierto que nuestra casa com\u00fan se enfrenta a una triple crisis planetaria: la alteraci\u00f3n del clima, la p\u00e9rdida de naturaleza y biodiversidad, la contaminaci\u00f3n y los residuos. Tambi\u00e9n es verdad, que es preocupante la continuaci\u00f3n y posible extensi\u00f3n de los conflictos, la falta de adhesi\u00f3n de los ricos con los pobres, que los programas de asistencia cada d\u00eda sean m\u00e1s escasos y que las desigualdades entre moradores se acrecienten. Sin embargo, hemos visto lo que podemos lograr cuando nos ensamblamos, juntos podemos afrontar retos monumentales. Porque somos \u00fanicos, debemos dignificarnos para estar por encima del nivel del miedo; y, porque tenemos una sola Madre Tierra, hemos de protegerla.<span class=\"s2\"><span class=\"Apple-converted-space\">\u00a0<\/span><\/span><\/p>\n<p class=\"p7\">No destruyamos m\u00e1s existencia, que es como destruirnos a nosotros mismos, construyamos un futuro donde la dimensi\u00f3n \u00e9tica, active los gobiernos en todos los pa\u00edses. Estamos para auxiliarnos, donarnos y reconciliarnos, Tambi\u00e9n<span class=\"Apple-converted-space\">\u00a0 <\/span>para comprometernos, junto al renacer de cada aurora. Con la imaginaci\u00f3n siempre en guardia, se requiere una visi\u00f3n de conjunto, sin descartar a nadie, abriendo los corazones y las mentes. Es cuesti\u00f3n de hallar formas creativas de financiar el aumento de las necesidades de recuperaci\u00f3n humanitaria y de desarrollo en todo el astro o de convertir los terrenos \u00e1ridos en suelos f\u00e9rtiles, para que nos ayuden a descubrir esa paz interior que requieren los labios del alma. Para desgracia nuestra, el mundo actual ayuda muy poco a reencontrarse con uno mismo, m\u00e1s bien a perderse por las redes sociales, que son el blanco perfecto para deshumanizarnos y tomar todos los vicios. Hay manifestaciones de odio tan patentes, que se necesita una riada de simientes de efectivo afecto, cuando menos para darnos vida y poder revivir. La dicha s\u00f3lo es posible cuando me reconozco en los dem\u00e1s, conjugando el amor de amar amor. \u00a1Hag\u00e1moslo!<\/p>\n<p class=\"p10\"><b>V\u00edctor CORCOBA HERRERO \/ Escritor<\/b><\/p>\n<p class=\"p10\"><b><span class=\"Apple-converted-space\">\u00a0<\/span>HYPERLINK &#8220;mailto:corcoba@telefonica.net&#8221; <\/b><span class=\"s3\"><b>corcoba@telefonica.net<\/b><\/span><\/p>\n<p class=\"p10\"><b>13 de mayo de 2022<\/b><\/p>\n","protected":false},"excerpt":{"rendered":"<p>\u201cPorque somos \u00fanicos, debemos dignificarnos para estar por encima del nivel del miedo; y, porque tenemos una sola Madre Tierra, hemos de protegerla\u201d.\u00a0 ============================= V\u00edctor&hellip;<\/p>\n","protected":false},"author":99,"featured_media":0,"comment_status":"open","ping_status":"open","sticky":false,"template":"","format":"standard","meta":{"footnotes":""},"categories":[11353,81],"tags":[],"class_list":["post-503171","post","type-post","status-publish","format-standard","hentry","category-algo-mas-que-palabras","category-columnistas"],"_links":{"self":[{"href":"https:\/\/diarioelpopular.com\/index.php\/wp-json\/wp\/v2\/posts\/503171","targetHints":{"allow":["GET"]}}],"collection":[{"href":"https:\/\/diarioelpopular.com\/index.php\/wp-json\/wp\/v2\/posts"}],"about":[{"href":"https:\/\/diarioelpopular.com\/index.php\/wp-json\/wp\/v2\/types\/post"}],"author":[{"embeddable":true,"href":"https:\/\/diarioelpopular.com\/index.php\/wp-json\/wp\/v2\/users\/99"}],"replies":[{"embeddable":true,"href":"https:\/\/diarioelpopular.com\/index.php\/wp-json\/wp\/v2\/comments?post=503171"}],"version-history":[{"count":1,"href":"https:\/\/diarioelpopular.com\/index.php\/wp-json\/wp\/v2\/posts\/503171\/revisions"}],"predecessor-version":[{"id":503172,"href":"https:\/\/diarioelpopular.com\/index.php\/wp-json\/wp\/v2\/posts\/503171\/revisions\/503172"}],"wp:attachment":[{"href":"https:\/\/diarioelpopular.com\/index.php\/wp-json\/wp\/v2\/media?parent=503171"}],"wp:term":[{"taxonomy":"category","embeddable":true,"href":"https:\/\/diarioelpopular.com\/index.php\/wp-json\/wp\/v2\/categories?post=503171"},{"taxonomy":"post_tag","embeddable":true,"href":"https:\/\/diarioelpopular.com\/index.php\/wp-json\/wp\/v2\/tags?post=503171"}],"curies":[{"name":"wp","href":"https:\/\/api.w.org\/{rel}","templated":true}]}}