{"id":503242,"date":"2022-05-18T10:13:05","date_gmt":"2022-05-18T14:13:05","guid":{"rendered":"https:\/\/diarioelpopular.com\/?p=503242"},"modified":"2022-05-18T10:13:05","modified_gmt":"2022-05-18T14:13:05","slug":"el-salvador-batman-el-alias-de-bukele-con-el-que-se-habria-comunicado-con-pandilleros-y-las-revelaciones-sobre-una-masacre-que-dejo-87-muertos","status":"publish","type":"post","link":"https:\/\/diarioelpopular.com\/index.php\/2022\/05\/18\/el-salvador-batman-el-alias-de-bukele-con-el-que-se-habria-comunicado-con-pandilleros-y-las-revelaciones-sobre-una-masacre-que-dejo-87-muertos\/","title":{"rendered":"El salvador: Batman: el alias de Bukele con el que se habr\u00eda comunicado con pandilleros y las revelaciones sobre una masacre que dej\u00f3 87 muertos"},"content":{"rendered":"<p><img loading=\"lazy\" decoding=\"async\" class=\"alignnone size-custom-full-size wp-image-503243\" src=\"https:\/\/diarioelpopular.com\/wp-content\/uploads\/2022\/05\/Bukele-AFP-636x360.jpg\" alt=\"\" width=\"636\" height=\"360\" srcset=\"https:\/\/diarioelpopular.com\/wp-content\/uploads\/2022\/05\/Bukele-AFP-636x360.jpg 636w, https:\/\/diarioelpopular.com\/wp-content\/uploads\/2022\/05\/Bukele-AFP-300x170.jpg 300w, https:\/\/diarioelpopular.com\/wp-content\/uploads\/2022\/05\/Bukele-AFP-768x434.jpg 768w, https:\/\/diarioelpopular.com\/wp-content\/uploads\/2022\/05\/Bukele-AFP-129x73.jpg 129w, https:\/\/diarioelpopular.com\/wp-content\/uploads\/2022\/05\/Bukele-AFP.jpg 900w\" sizes=\"auto, (max-width: 636px) 100vw, 636px\" \/><\/p>\n<p><em>Nayib Bukele, presidente de El Salvador. (Foto: AFP)<\/em><\/p>\n<div class=\"sart-intro\">\n<h4><em><strong>&#8211; Entre el 25 y 27 de marzo fueron asesinadas 87 personas en El Salvador y el d\u00eda 26 se coloc\u00f3 como el m\u00e1s sangriento de la historia.<\/strong><\/em><\/h4>\n<\/div>\n<div class=\"auth-info gi ten-sixteenths\">\n<div id=\"gradient-content\" class=\"sart-content\">\n<p>La supuesta ruptura de un pacto entre el Gobierno de El Salvador y la pandilla Mara Salvatrucha (MS13)habr\u00eda desencadenado una ola de asesinatos a finales de marzo,\u00a0que llev\u00f3 al Congreso a declarar un r\u00e9gimen de excepci\u00f3n, seg\u00fan una investigaci\u00f3n publicada por el medio salvadore\u00f1o\u00a0<em>El Faro<\/em>\u00a0la noche de este martes.<\/p>\n<p>Entre el 25 y 27 de marzo fueron asesinadas 87 personas en El Salvador y el d\u00eda\u00a026 se coloc\u00f3 como el m\u00e1s sangriento de la historia\u00a0reciente salvadore\u00f1a con 62 homicidios.<\/p>\n<\/div>\n<div id=\"tinypass_handler_single\" class=\"tinypass_handler_single sart-content\">\n<p>El medio afirm\u00f3 haber contactado a supuestos portavoces de la referida pandilla, quienes les se\u00f1alaron la relaci\u00f3n entre los asesinatos\u00a0y el \u201cpacto que manten\u00edan desde hace al menos dos a\u00f1os y medio\u201d.<\/p>\n<p>De acuerdo con\u00a0<em>El Faro,<\/em>\u00a0la escalda de asesinatos se dio tras la captura de miembros de la pandilla que\u00a0eran trasladados en un veh\u00edculo gubernamental.<\/p>\n<p>El art\u00edculo tambi\u00e9n refiere que, al parecer,\u00a0el mandatario era mencionado en los audios bajo el alias de \u201cBatman\u201d.<\/p>\n<p>Adem\u00e1s public\u00f3 una serie de grabaciones que supuestamente fueron hechas a Carlos Marroqu\u00edn,<a href=\"https:\/\/www.prensalibre.com\/tema\/nayib-bukele\/\" target=\"_blank\" rel=\"noopener\">\u00a0funcionario del gobierno de Bukele<\/a>\u00a0y\u00a0quien fue sancionado por Estados Unidos bajo acusaciones de corrupci\u00f3n y de negociar con las pandillas.<\/p>\n<p>\u201cEl Faro tiene en su poder una serie de grabaciones en las que se escucha a Carlos Marroqu\u00edn, director de Reconstrucci\u00f3n del Tejido Social y uno de los negociadores con las pandillas en representaci\u00f3n del Ejecutivo, confesar a sus contrapartes en la MS-13\u00a0sus esfuerzos personales por mantener vigente\u00a0el acuerdo durante el repunte de homicidios\u201d, a\u00f1adi\u00f3.<\/p>\n<p>El texto consigna que \u201cen las grabaciones, el funcionario culpa de lo sucedido al ministro de Seguridad y Justicia, Gustavo Villatoro, al que califica de \u201cloco ministro\u201d, y dice estar trasladando\u00a0al presidente Bukele los mensajes de las pandillas\u201d.<\/p>\n<p>\u201cEn cuatro de los siete archivos de audio, Marroqu\u00edn hace alusi\u00f3n a Bukele y de lo dicho se infiere que el presidente estuvo todo el tiempo al tanto de las conversaciones de Marroqu\u00edn con voceros de la Mara Salvatrucha-13. El director de Tejido Social incluso ofreci\u00f3\u00a0a un pandillero capturas de pantalla de sus conversaciones con el mandatario\u201d,\u00a0agreg\u00f3\u00a0<em>El Faro.<\/em><\/p>\n<p>Indic\u00f3 que \u201cha verificado la autenticidad de los audios mediante un peritaje t\u00e9cnico, en el que se compara, a trav\u00e9s de tres software (dos de audio forense y uno de uso comercia)- la voz de Marroqu\u00edn\u00a0en algunas de sus intervenciones p\u00fablicas con la voz que se escucha en las grabaciones\u201d.<\/p>\n<p>\u201cEl an\u00e1lisis de frecuencia demostr\u00f3 que las tonalidades y frecuencias de las grabaciones coincid\u00edan en lo que los software\u00a0arrojaron como una similitud del 85% al 90%.\u00a0Esos porcentajes est\u00e1n en los rangos m\u00e1ximos de certeza que esos programas pueden dibujar en sus gr\u00e1ficas al aislar la frecuencia de la voz humana\u201d, afirm\u00f3 el medio.<\/p>\n<p>En diciembre de 2021, el Departamento del Tesoro de EE.UU.\u00a0anunci\u00f3 sanciones contra Marroqu\u00edn y el director de Centros Penales,\u00a0Osiris Luna, por las \u201cnegociaciones secretas\u201d entre el Gobierno y la MS13.<\/p>\n<p>En un comunicado, EE. UU. se\u00f1al\u00f3 que Luna y Marroqu\u00edn \u201cdirigieron, facilitaron y organizaron\u201d una serie de encuentros con l\u00edderes de la pandilla encarcelados,\u00a0como parte de los esfuerzos del Gobierno salvadore\u00f1o para negociar \u201cuna tregua secreta\u201d\u00a0con los jefes de la MS13.<\/p>\n<p>Bajo el r\u00e9gimen de excepci\u00f3n, que cumpli\u00f3 su primer plazo de 30 d\u00edas y fue ampliado por un per\u00edodo igual,\u00a0se han detenido a m\u00e1s de 30 mil personas,\u00a0de acuerdo con la Polic\u00eda Nacional Civil (PNC).<\/p>\n<p>En este contexto, el Congreso aprob\u00f3 reformas penales a petici\u00f3n del presidente Bukele,\u00a0incluida una que castiga hasta con 15 a\u00f1os de c\u00e1rcel \u201ccualquier manifestaci\u00f3n\u201d\u00a0que aluda al \u201ccontrol territorial\u201d de las pandillas.<\/p>\n<\/div>\n<\/div>\n","protected":false},"excerpt":{"rendered":"<p>Nayib Bukele, presidente de El Salvador. (Foto: AFP) &#8211; Entre el 25 y 27 de marzo fueron asesinadas 87 personas en El Salvador y el&hellip;<\/p>\n","protected":false},"author":99,"featured_media":503243,"comment_status":"open","ping_status":"open","sticky":false,"template":"","format":"standard","meta":{"footnotes":""},"categories":[11358,23],"tags":[],"class_list":["post-503242","post","type-post","status-publish","format-standard","has-post-thumbnail","hentry","category-especiales","category-latinoamerica"],"_links":{"self":[{"href":"https:\/\/diarioelpopular.com\/index.php\/wp-json\/wp\/v2\/posts\/503242","targetHints":{"allow":["GET"]}}],"collection":[{"href":"https:\/\/diarioelpopular.com\/index.php\/wp-json\/wp\/v2\/posts"}],"about":[{"href":"https:\/\/diarioelpopular.com\/index.php\/wp-json\/wp\/v2\/types\/post"}],"author":[{"embeddable":true,"href":"https:\/\/diarioelpopular.com\/index.php\/wp-json\/wp\/v2\/users\/99"}],"replies":[{"embeddable":true,"href":"https:\/\/diarioelpopular.com\/index.php\/wp-json\/wp\/v2\/comments?post=503242"}],"version-history":[{"count":1,"href":"https:\/\/diarioelpopular.com\/index.php\/wp-json\/wp\/v2\/posts\/503242\/revisions"}],"predecessor-version":[{"id":503244,"href":"https:\/\/diarioelpopular.com\/index.php\/wp-json\/wp\/v2\/posts\/503242\/revisions\/503244"}],"wp:featuredmedia":[{"embeddable":true,"href":"https:\/\/diarioelpopular.com\/index.php\/wp-json\/wp\/v2\/media\/503243"}],"wp:attachment":[{"href":"https:\/\/diarioelpopular.com\/index.php\/wp-json\/wp\/v2\/media?parent=503242"}],"wp:term":[{"taxonomy":"category","embeddable":true,"href":"https:\/\/diarioelpopular.com\/index.php\/wp-json\/wp\/v2\/categories?post=503242"},{"taxonomy":"post_tag","embeddable":true,"href":"https:\/\/diarioelpopular.com\/index.php\/wp-json\/wp\/v2\/tags?post=503242"}],"curies":[{"name":"wp","href":"https:\/\/api.w.org\/{rel}","templated":true}]}}