{"id":503274,"date":"2022-05-19T09:38:50","date_gmt":"2022-05-19T13:38:50","guid":{"rendered":"https:\/\/diarioelpopular.com\/?p=503274"},"modified":"2022-05-19T09:38:50","modified_gmt":"2022-05-19T13:38:50","slug":"colombia-famosos-se-involucran-en-la-campana-electoral","status":"publish","type":"post","link":"https:\/\/diarioelpopular.com\/index.php\/2022\/05\/19\/colombia-famosos-se-involucran-en-la-campana-electoral\/","title":{"rendered":"Colombia: Famosos se involucran en la campa\u00f1a electoral"},"content":{"rendered":"<p>&nbsp;<\/p>\n<p><img loading=\"lazy\" decoding=\"async\" class=\"alignnone size-custom-full-size wp-image-503275\" src=\"https:\/\/diarioelpopular.com\/wp-content\/uploads\/2022\/05\/b0ef23d585acf6169a8c9a5d211ae6c3.jpg\" alt=\"\" width=\"476\" height=\"317\" srcset=\"https:\/\/diarioelpopular.com\/wp-content\/uploads\/2022\/05\/b0ef23d585acf6169a8c9a5d211ae6c3.jpg 476w, https:\/\/diarioelpopular.com\/wp-content\/uploads\/2022\/05\/b0ef23d585acf6169a8c9a5d211ae6c3-300x200.jpg 300w, https:\/\/diarioelpopular.com\/wp-content\/uploads\/2022\/05\/b0ef23d585acf6169a8c9a5d211ae6c3-110x73.jpg 110w\" sizes=\"auto, (max-width: 476px) 100vw, 476px\" \/><\/p>\n<p><em>El ciclista colombiano Egan Bernal anunci\u00f3 su apoyo en las elecciones a\u00a0 \u00a0 \u00a0 \u00a0 \u00a0 \u00a0 \u00a0 \u00a0 \u00a0Federico Guti\u00e9rrez.<\/em><\/p>\n<h4><em><strong>&#8211; Respaldo de Egan Bernal desata amores y odios en redes sociales<\/strong><\/em><\/h4>\n<p><em><strong>BOGOTA 19 MAY O-<\/strong> <\/em>El anuncio este mi\u00e9rcoles del ciclista colombiano Egan Bernal, ganador del Tour de Francia y el Giro de Italia, de su apoyo al candidato derechista a la presidencia, Federico Guti\u00e9rrez, desat\u00f3 una ola de odios y amores en las redes sociales que se abarrotaron de mensaje en favor y en contra del corredor.<br \/>\n&#8220;Mi voto de confianza es para @FicoGutierrez, teniendo en cuenta la situaci\u00f3n actual creo que es lo m\u00e1s sensato. Estoy con el pueblo, vengo de abajo y he escalado muchas monta\u00f1as para llegar hasta donde estoy. Y les digo una cosa, no puede haber m\u00e1s odio&#8221;, escribi\u00f3 el deportista en Twitter.<br \/>\nPero odio cuando menos fue lo que destilaron los seguidores del izquierdista, Gustavo Petro, favorito seg\u00fan la encuestas, que lamentaron la decisi\u00f3n del corredor del Ineos, que busc\u00f3 explicar las razones de su voto argumentando que no estaba con el gobierno, ni era de extremos y al admitir que es urgente un cambio.<br \/>\nLo particular es que a Guti\u00e9rrez lo respaldan la totalidad de partidos de la colaci\u00f3n de gobierno, de derecha y centroderecha, ha recibido un trato cuando menos amable de parte del Ejecutivo que de manera velada ha desestimado a Petro, todo ello en un pa\u00eds cuya fractura se est\u00e1 llevando por delante \u00eddolos, amigos, familias y en donde hablar de pol\u00edtica se ha convertido en motivo de discordia.<br \/>\n&#8220;Rechac\u00e9 una cruz de Boyac\u00e1 e hice la entrega de la camiseta del tour a Colombia sin el presidente. As\u00ed que esto no es de fanatismo. No soy de extrema derecha, ni de extrema izquierda. Soy una persona m\u00e1s que cree que nos merecemos un cambio, si&#8230; Y que esto no puede continuar igual. Pero con sensatez&#8221;.<br \/>\nA\u00f1adi\u00f3 a su argumentaci\u00f3n el ciclista, que no ha sido el \u00fanico que ha tomado partido en la contienda.<br \/>\nVarios sectores, incluidos cantantes, deportistas, artistas, empresarios y hasta periodistas, se han alineado a una y otra causa.<br \/>\n&#8220;Yo recibo con mucha alegr\u00eda y sobre todo con mucho orgullo el apoyo que nos da Egan a nuestra candidatura presidencial&#8221;, manifest\u00f3 Gutierrez, tras conocer del respaldo del corredor.<br \/>\nEn el pasado reciente, varios de los actores de la televisi\u00f3n anunciaron que se un\u00edan a la campa\u00f1a de Petro, al tiempo que algunos cantantes y otros deportistas avisaron que se iban con Guti\u00e9rrez, mientras que sectores de la intelectualidad se un\u00edan al candidato de centro, Sergio Fajardo.<br \/>\nIncluso el aspirante presidencial Rodolfo Hern\u00e1ndez, exalcalde de Bucaramanga (noreste) y empresario que se presenta como una suerte de outsider de la pol\u00edtica, ha recibido el apoyo de influencers a su campa\u00f1a.<br \/>\nLas elecciones presidenciales ser\u00e1n el pr\u00f3ximo 29 de mayo, las encuestas vaticinan un eventual balotaje entre Petro y Guti\u00e9rrez.<br \/>\nM\u00e1s all\u00e1 de quien resulte ganador, el pa\u00eds atraviesa por uno de sus peores momentos de divisi\u00f3n.<br \/>\nQuien sea elegido como nuevo presidente gozar\u00e1 del respaldo de quienes apoyaron su candidatura y soportar\u00e1 el ruido, las cr\u00edticas y el malestar de aquellos que pierdan. Se avecinan cuatro a\u00f1os de nuevas disputas.<\/p>\n","protected":false},"excerpt":{"rendered":"<p>&nbsp; El ciclista colombiano Egan Bernal anunci\u00f3 su apoyo en las elecciones a\u00a0 \u00a0 \u00a0 \u00a0 \u00a0 \u00a0 \u00a0 \u00a0 \u00a0Federico Guti\u00e9rrez. &#8211; Respaldo de&hellip;<\/p>\n","protected":false},"author":99,"featured_media":503275,"comment_status":"open","ping_status":"open","sticky":false,"template":"","format":"standard","meta":{"footnotes":""},"categories":[23],"tags":[],"class_list":["post-503274","post","type-post","status-publish","format-standard","has-post-thumbnail","hentry","category-latinoamerica"],"_links":{"self":[{"href":"https:\/\/diarioelpopular.com\/index.php\/wp-json\/wp\/v2\/posts\/503274","targetHints":{"allow":["GET"]}}],"collection":[{"href":"https:\/\/diarioelpopular.com\/index.php\/wp-json\/wp\/v2\/posts"}],"about":[{"href":"https:\/\/diarioelpopular.com\/index.php\/wp-json\/wp\/v2\/types\/post"}],"author":[{"embeddable":true,"href":"https:\/\/diarioelpopular.com\/index.php\/wp-json\/wp\/v2\/users\/99"}],"replies":[{"embeddable":true,"href":"https:\/\/diarioelpopular.com\/index.php\/wp-json\/wp\/v2\/comments?post=503274"}],"version-history":[{"count":1,"href":"https:\/\/diarioelpopular.com\/index.php\/wp-json\/wp\/v2\/posts\/503274\/revisions"}],"predecessor-version":[{"id":503276,"href":"https:\/\/diarioelpopular.com\/index.php\/wp-json\/wp\/v2\/posts\/503274\/revisions\/503276"}],"wp:featuredmedia":[{"embeddable":true,"href":"https:\/\/diarioelpopular.com\/index.php\/wp-json\/wp\/v2\/media\/503275"}],"wp:attachment":[{"href":"https:\/\/diarioelpopular.com\/index.php\/wp-json\/wp\/v2\/media?parent=503274"}],"wp:term":[{"taxonomy":"category","embeddable":true,"href":"https:\/\/diarioelpopular.com\/index.php\/wp-json\/wp\/v2\/categories?post=503274"},{"taxonomy":"post_tag","embeddable":true,"href":"https:\/\/diarioelpopular.com\/index.php\/wp-json\/wp\/v2\/tags?post=503274"}],"curies":[{"name":"wp","href":"https:\/\/api.w.org\/{rel}","templated":true}]}}