{"id":503348,"date":"2022-05-24T10:22:07","date_gmt":"2022-05-24T14:22:07","guid":{"rendered":"https:\/\/diarioelpopular.com\/?p=503348"},"modified":"2022-05-24T10:22:07","modified_gmt":"2022-05-24T14:22:07","slug":"colombia-a-dos-meses-del-fin-del-gobierno-de-duque","status":"publish","type":"post","link":"https:\/\/diarioelpopular.com\/index.php\/2022\/05\/24\/colombia-a-dos-meses-del-fin-del-gobierno-de-duque\/","title":{"rendered":"Colombia: A dos meses del fin del gobierno de Duque"},"content":{"rendered":"<p>&nbsp;<\/p>\n<p><img loading=\"lazy\" decoding=\"async\" class=\"alignnone size-custom-full-size wp-image-503350\" src=\"https:\/\/diarioelpopular.com\/wp-content\/uploads\/2022\/05\/2cbe1558bcec4c7653d4c6b02383f14b.jpg\" alt=\"\" width=\"476\" height=\"317\" srcset=\"https:\/\/diarioelpopular.com\/wp-content\/uploads\/2022\/05\/2cbe1558bcec4c7653d4c6b02383f14b.jpg 476w, https:\/\/diarioelpopular.com\/wp-content\/uploads\/2022\/05\/2cbe1558bcec4c7653d4c6b02383f14b-300x200.jpg 300w, https:\/\/diarioelpopular.com\/wp-content\/uploads\/2022\/05\/2cbe1558bcec4c7653d4c6b02383f14b-110x73.jpg 110w\" sizes=\"auto, (max-width: 476px) 100vw, 476px\" \/><\/p>\n<p><em>El mandatario lleg\u00f3 al poder sin experiencia en cargos pol\u00edticos ejecutivos.<\/em><\/p>\n<h4><em><strong>&#8211; El 7 de agosto deja la Casa de Nari\u00f1o, sede presidencial<\/strong><\/em><\/h4>\n<p><em><strong>BOGOTA 24 MAYO &#8211;<\/strong><\/em> Al gobierno de Iv\u00e1n Duque le restan 75 d\u00edas de mandato, de un cuatrienio marcado por las mayores protestas sociales en d\u00e9cadas, la pandemia del Covid-19, la crisis econ\u00f3mica derivada de la peste y una violencia que se ensa\u00f1\u00f3 con los l\u00edderes sociales y los ex combatientes de las FARC.<br \/>\nNo han sido cuatro a\u00f1os f\u00e1ciles para un mandatario que lleg\u00f3 a la Casa de Nari\u00f1o sin la experiencia de sus antecesores; salvo un periodo en el Congreso como senador. Sus logros estaban en el Banco Interamericano de Desarrollo (BID) donde estuvo a lo largo de una d\u00e9cada.<br \/>\nCuando asumi\u00f3, en 2018, por los m\u00e1s de 10 millones de votos que le sirvieron para derrotar al izquierdista Gustavo Petro, hoy favorito para reemplazarlo, propuso un &#8220;gran pacto por Colombia&#8221; que dejara de lado la divisi\u00f3n. Prometi\u00f3 lograr los &#8220;acuerdos&#8221; necesarios para buscar &#8220;soluciones y no agresiones&#8221; y &#8220;sin caer en la tentaci\u00f3n del aplauso transitorio&#8221;.<br \/>\nCuatro a\u00f1os despu\u00e9s marcha con la popularidad m\u00e1s baja que haya tenido un mandatario en las \u00faltimas tres d\u00e9cadas.<br \/>\nEste lunes se conoci\u00f3 una declaraci\u00f3n suya al programa &#8220;Hard Talk&#8221; de la BBC de Londres en la que asegur\u00f3 que &#8220;si yo pudiera presentarme a la reelecci\u00f3n, estoy seguro que estar\u00eda en la pelea y ser\u00eda reelecto, porque tenemos importantes resultados para mostrar&#8221;.<br \/>\n&#8220;Todas las encuestas indican que esta declaraci\u00f3n de Iv\u00e1n Duque est\u00e1 desmentida por la realidad de la opini\u00f3n p\u00fabica. La verdad es que eso de hecho manifiesta un poco la desconexi\u00f3n de la opini\u00f3n publica y de la realidad que vive el pa\u00eds&#8221;, explic\u00f3 el acad\u00e9mico Yann Basset.<br \/>\nPara el director del Grupo de Estudios de la Democracia (DEMOS UR) de la Universidad del Rosario de Bogot\u00e1, el mandatario se rode\u00f3 de &#8220;un peque\u00f1o grupo de gente cercana&#8221; para gobernar y no logr\u00f3 conectar con el pa\u00eds.<br \/>\n&#8220;Fueron cuatro a\u00f1os muy complicados y deja un pa\u00eds bastante marcado por la inconformidad, por la insatisfacci\u00f3n respect\u00f3 al gobierno, incluso una insatisfacci\u00f3n que a veces toca la credibilidad de las instituciones en general como lo indica las encuestas de opini\u00f3n&#8221;, a\u00f1adi\u00f3 Basset.<br \/>\nEn efecto, Duque enfrent\u00f3 dos estallidos sociales, a finales de 2019 y a mediados de 2021, esta \u00faltima motivada por su intento de que el Legislativo le aprobara una reforma tributaria que debilitaba a la clase trabajadora, golpeada por la crisis derivada de la pandemia.<br \/>\nLa respuesta del gobierno fue una desmedida represi\u00f3n encabezada por la Polic\u00eda.<br \/>\nAunque el gobierno insiste en trazar una l\u00ednea entre los manifestantes pac\u00edficos y los violentos, el hecho es que informes de organismos internacionales y locales han dado cuenta de la violenta respuesta estatal a las protestas.<br \/>\nA finales de diciembre de 2021, la oficina en Colombia de la Alta Comisionada para los Derechos Humanos de la ONU sostuvo que hab\u00edan &#8220;razones fundadas&#8221; para se\u00f1alar que las autoridades hicieron uso &#8220;desproporcionado de la fuerza&#8221;.<br \/>\nEsa oficina recibi\u00f3 denuncias de 63 personas muertas durante el estallido social del a\u00f1o pasado, de las cuales 46 hab\u00edan sido verificadas, 44 de las v\u00edctimas eran civiles y dos polic\u00edas.<br \/>\nA\u00f1adi\u00f3 que exist\u00edan &#8220;motivos razonables&#8221; para asegurar que al menos 28 de esas muertes se le atribu\u00edan a la Polic\u00eda.<br \/>\nSin lugar a dudas, uno de los logros de Duque fue alcanzar el 70% de la vacunaci\u00f3n nacional con esquema completo contra el Covid-19, lo que permiti\u00f3 el retorno de la vida social y el fin del uso de la mascarilla.<br \/>\nPero la pandemia, que hasta hoy dej\u00f3 139.833 v\u00edctimas mortales y 6.099.111 contagiados, no solo caus\u00f3 estragos sanitarios, tambi\u00e9n fue la fuente de males econ\u00f3micos.<br \/>\nEn agosto de 2018, cuando Duque asumi\u00f3 el cargo, la tasa de desempleo era del 9,2%, pero la crisis derivada de la peste acab\u00f3 con decenas de puesto de trabajo que apenas se est\u00e1n recuperando. En la \u00faltima medici\u00f3n, correspondiente a marzo, el desempleo se situaba en 12,1%.<br \/>\nLa inflaci\u00f3n, que se ha convertido en s\u00edntoma de los desastres de la pandemia y el conflicto actual en Ucrania, se situaba en agosto de 2018 en 3,1%, en tanto que en marzo pasado la inflaci\u00f3n era del 8,53%, seg\u00fan el Departamento Administrativo Nacional de Estad\u00edstica (DANE).<br \/>\nLas relaciones internacionales del actual gobierno giraron entorno a dos ejes: la dependencia a Washington, cuyo presidente, Joe Biden, hace apenas dos meses se reuni\u00f3 con Duque, tras haber llegado al poder en 2021.<br \/>\nY la abierta oposici\u00f3n de Bogot\u00e1 al gobierno venezolano de Nicol\u00e1s Maduro, al que se intent\u00f3 cercar diplom\u00e1ticamente, con el apoyo en su momento de la Casa Blanca, que reci\u00e9n renov\u00f3 sus di\u00e1logos con Caracas y hasta le levant\u00f3 algunas de las sanciones econ\u00f3micas.<br \/>\nEntre tanto, el Ejecutivo colombiano opt\u00f3 por abrir sus fronteras a la migraci\u00f3n venezolana y acogi\u00f3 a 1,8 millones de ciudadanos de ese pa\u00eds, a quienes ofreci\u00f3 estatus migratorio.<br \/>\nDurante su posesi\u00f3n, el Presidente asegur\u00f3 que acabar\u00eda con las &#8220;redes de crimen organizado&#8221; y prometi\u00f3 &#8220;llevarlas a la justicia, haciendo valer ese principio de que &#8220;el que la hace, la paga&#8221;, pero la violencia desata por esas organizaciones, financiadas por el narcotr\u00e1fico, ha cegado la vida de cientos de personas en este cuatrienio.<br \/>\nSeg\u00fan el Instituto de Estudios para el Desarrollo y la Paz (Indepaz), que suele llevar un registro de los asesinatos de l\u00edderes sociales y exFARC, las cifras de muertes son espeluznantes.<br \/>\nEn 2019 fueron asesinados 250 l\u00edderes sociales, en 2020 la cifra aument\u00f3 a 310 y en 2021 baj\u00f3 a 171 cr\u00edmenes, seg\u00fan Indepaz; mientras que la ONU sostiene que desde la firma del acuerdo han sido acribillados mas 300 ex guerrilleros.<br \/>\nEl gobierno y analistas locales coinciden en que los perpetradores de estos cr\u00edmenes se reparten entre el grupo guerrillero Ej\u00e9rcito de Liberaci\u00f3n Nacional (ELN) y las bandas criminales como el Clan del Golfo, entre otros.<br \/>\nPese al arresto en octubre del a\u00f1o pasado de Dairo Antonio Usuga &#8220;Otoniel&#8221;, jefe m\u00e1ximo del Clan del Golfo, y su extradici\u00f3n hace semanas, ese grupo se mantiene fuerte, como lo hicieron sentir en un reciente paro armado que paraliz\u00f3 la vida social en varias regiones del norte del pa\u00eds, a pesar de que Duque insiste en que ese grupo est\u00e1 en declive y a punto de desaparecer.<\/p>\n","protected":false},"excerpt":{"rendered":"<p>&nbsp; El mandatario lleg\u00f3 al poder sin experiencia en cargos pol\u00edticos ejecutivos. &#8211; El 7 de agosto deja la Casa de Nari\u00f1o, sede presidencial BOGOTA&hellip;<\/p>\n","protected":false},"author":99,"featured_media":503350,"comment_status":"open","ping_status":"open","sticky":false,"template":"","format":"standard","meta":{"footnotes":""},"categories":[11358,23],"tags":[],"class_list":["post-503348","post","type-post","status-publish","format-standard","has-post-thumbnail","hentry","category-especiales","category-latinoamerica"],"_links":{"self":[{"href":"https:\/\/diarioelpopular.com\/index.php\/wp-json\/wp\/v2\/posts\/503348","targetHints":{"allow":["GET"]}}],"collection":[{"href":"https:\/\/diarioelpopular.com\/index.php\/wp-json\/wp\/v2\/posts"}],"about":[{"href":"https:\/\/diarioelpopular.com\/index.php\/wp-json\/wp\/v2\/types\/post"}],"author":[{"embeddable":true,"href":"https:\/\/diarioelpopular.com\/index.php\/wp-json\/wp\/v2\/users\/99"}],"replies":[{"embeddable":true,"href":"https:\/\/diarioelpopular.com\/index.php\/wp-json\/wp\/v2\/comments?post=503348"}],"version-history":[{"count":2,"href":"https:\/\/diarioelpopular.com\/index.php\/wp-json\/wp\/v2\/posts\/503348\/revisions"}],"predecessor-version":[{"id":503351,"href":"https:\/\/diarioelpopular.com\/index.php\/wp-json\/wp\/v2\/posts\/503348\/revisions\/503351"}],"wp:featuredmedia":[{"embeddable":true,"href":"https:\/\/diarioelpopular.com\/index.php\/wp-json\/wp\/v2\/media\/503350"}],"wp:attachment":[{"href":"https:\/\/diarioelpopular.com\/index.php\/wp-json\/wp\/v2\/media?parent=503348"}],"wp:term":[{"taxonomy":"category","embeddable":true,"href":"https:\/\/diarioelpopular.com\/index.php\/wp-json\/wp\/v2\/categories?post=503348"},{"taxonomy":"post_tag","embeddable":true,"href":"https:\/\/diarioelpopular.com\/index.php\/wp-json\/wp\/v2\/tags?post=503348"}],"curies":[{"name":"wp","href":"https:\/\/api.w.org\/{rel}","templated":true}]}}