{"id":503369,"date":"2022-05-25T10:14:44","date_gmt":"2022-05-25T14:14:44","guid":{"rendered":"https:\/\/diarioelpopular.com\/?p=503369"},"modified":"2022-05-25T10:14:44","modified_gmt":"2022-05-25T14:14:44","slug":"chile-boric-uno-de-los-5-latinoamericanos-entre-los-100-mas-influyentes-de-la-revista-time","status":"publish","type":"post","link":"https:\/\/diarioelpopular.com\/index.php\/2022\/05\/25\/chile-boric-uno-de-los-5-latinoamericanos-entre-los-100-mas-influyentes-de-la-revista-time\/","title":{"rendered":"Chile: Boric, uno de los 5 latinoamericanos entre los 100 m\u00e1s influyentes de la revista Time"},"content":{"rendered":"<p><img loading=\"lazy\" decoding=\"async\" class=\"alignnone size-custom-full-size wp-image-503370\" src=\"https:\/\/diarioelpopular.com\/wp-content\/uploads\/2022\/05\/20220524-1e5249dcbe37a55716d3b7949676dd5871660807_40027552_20220524115620-636x461.jpg\" alt=\"\" width=\"636\" height=\"461\" srcset=\"https:\/\/diarioelpopular.com\/wp-content\/uploads\/2022\/05\/20220524-1e5249dcbe37a55716d3b7949676dd5871660807_40027552_20220524115620-636x461.jpg 636w, https:\/\/diarioelpopular.com\/wp-content\/uploads\/2022\/05\/20220524-1e5249dcbe37a55716d3b7949676dd5871660807_40027552_20220524115620-300x217.jpg 300w, https:\/\/diarioelpopular.com\/wp-content\/uploads\/2022\/05\/20220524-1e5249dcbe37a55716d3b7949676dd5871660807_40027552_20220524115620-768x556.jpg 768w, https:\/\/diarioelpopular.com\/wp-content\/uploads\/2022\/05\/20220524-1e5249dcbe37a55716d3b7949676dd5871660807_40027552_20220524115620-101x73.jpg 101w, https:\/\/diarioelpopular.com\/wp-content\/uploads\/2022\/05\/20220524-1e5249dcbe37a55716d3b7949676dd5871660807_40027552_20220524115620.jpg 780w\" sizes=\"auto, (max-width: 636px) 100vw, 636px\" \/><\/p>\n<p><em>Gabriel Boric, el presidente m\u00e1s joven en la historia de Chile, fue incluido en la lista de influyentes de la revista Time. FOTO: AGENCIA EFE<\/em><\/p>\n<p>&nbsp;<\/p>\n<h4 class=\"lead cita\"><em><strong>&#8211; El presidente chileno Gabriel Boric es uno de los cinco latinos incluidos en la lista de la prestigiosa publicaci\u00f3n.<\/strong><\/em><\/h4>\n<p>El presidente de Chile,\u00a0Gabriel Boric, fue incluido entre las cien personas m\u00e1s influyentes del mundo por la prestigiosa revista Time, un gran reconocimiento internacional que colisiona frontalmente con\u00a0la percepci\u00f3n que las encuestas locales\u00a0ofrecen de \u00e9l, a la baja en aceptaci\u00f3n desde que asumi\u00f3 el mando el pasado marzo.<\/p>\n<p>El mismo d\u00eda en el que se conoci\u00f3 la nominaci\u00f3n de la prestigiosa revista estadounidense, una de las encuestas m\u00e1s conocidas de Chile, realizada cada mes por la empresa Cadem, asegura que solo un\u00a038% de los encuestados aprueba la gesti\u00f3n del mandatario, frente al 50% que la rechaza y el resto que no se pronuncia.<\/p>\n<p>El mismo sondeo, que no es de los m\u00e1s fiables pero s\u00ed de los m\u00e1s difundidos en la prensa local, s\u00ed ofrece un alto porcentaje de aprobaci\u00f3n, en torno al 77%, a la decisi\u00f3n de Boric de imponer\u00a0el estado de emergencia\u00a0en la conflictiva regi\u00f3n de la Araucan\u00eda, pese a que prometi\u00f3 que no lo har\u00eda y critic\u00f3 a su predecesor por hacerlo.<\/p>\n<p>Estas situaciones muestran la realidad del joven presidente desde que gan\u00f3 el balotaje en diciembre: cosecha el aplauso y el optimismo en el exterior, mientras trata de surfear\u00a0la ola de cr\u00edticas que se azuza desde la derecha y el sector empresarial neoliberal.<\/p>\n<p>En este contexto, Time destac\u00f3 en su esperado art\u00edculo que \u201cla victoria del exl\u00edder estudiantil represent\u00f3 un cambio de guardia, pero m\u00e1s importante a\u00fan, marc\u00f3 un cambio de direcci\u00f3n para la econom\u00eda de Chile<b>\u00a0y <\/b>posiblemente del mundo\u201d, escribi\u00f3 el Premio Nobel de Econom\u00eda, Joseph Stiglitz, autor del perfil del mandatario en la prestigiosa publicaci\u00f3n.<\/p>\n<p>\u201cLa noche en que Boric gan\u00f3 las primarias, prometi\u00f3:\u00a0\u2018\u00a1Si Chile fue la cuna del neoliberalismo, tambi\u00e9n ser\u00e1 su tumba!\u2019.\u00a0Y ese se ha convertido en el grito de guerra de quienes en todo el mundo buscan una alternativa a las pol\u00edticas econ\u00f3micas derechistas de las \u00faltimas cinco d\u00e9cadas\u201d, prosigue el texto.<\/p>\n<p>\u201cEl enfoque de Boric combina la responsabilidad fiscal con una econom\u00eda m\u00e1s competitiva, mejores protecciones sociales y condiciones de trabajo, igualdad e inclusi\u00f3n social y protecci\u00f3n del medio ambiente\u201d, argument\u00f3 sobre el proyecto del mandatario suramericano, de 36 a\u00f1os.<\/p>\n<p>Al hilo de este argumento, el profesor de la Universidad de Columbia subraya que \u201ccon una pol\u00edtica dividida y el arduo trabajo en curso para crear una nueva constituci\u00f3n, Boric necesitar\u00e1 todas las habilidades que ya ha demostrado: escuchar y comunicarse, empat\u00eda y una comprensi\u00f3n profunda de la historia y la cultura chilena. \u201cEst\u00e1 haciendo de Chile nuevamente\u00a0el laboratorio social, econ\u00f3mico y pol\u00edtico del mundo\u201d, concluye Stiglitz.<\/p>\n<p><b>Otros destacados<\/b><\/p>\n<p>En la lista de los 100 m\u00e1s influyentes de Time hay\u00a0cinco latinoamericanos.\u00a0Adem\u00e1s de Boric, aparecen la l\u00edder pol\u00edtica e ind\u00edgena brasilera\u00a0S\u00f4nia Guajajara; las colombianas\u00a0Cristina Villarreal y Ana Gonz\u00e1lez,\u00a0activistas de Causa Justa por el Aborto, cuyo esfuerzo fue recompensado con la despenalizaci\u00f3n del aborto hasta las 24 semanas de gestaci\u00f3n, por parte de la Corte Constitucional; y el tambi\u00e9n colombiano\u00a0David V\u00e9lez, director general y cocreador de Nubank, la plataforma digital de servicios bancarios.<\/p>\n<p>En la\u00a0categor\u00eda de Artistas, se destaca el actor chino Simu Liu, primer asi\u00e1tico en protagonizar una pel\u00edcula de Marvel Studios (<i>Shang-Chi y la leyenda de los Diez Anillos<\/i>); en la de Innovadores, la actriz y cantante Zendaya; en la de Titanes, la empresario y presentadora Oprah Winfrey.<\/p>\n<p>En la categor\u00eda de L\u00edderes aparecen, entre otros, dos enemigos mortales:<\/p>\n<p>Volod\u00edmir Zelenski y Vladimir Putin, presidentes de Ucrania y Rusia, respectivamente; en la de \u00cdconos, el actor Keanu Reeves, el tenista Rafael Nadal y la cantante Adele; y en la de Pioneros, la basquetbolista estadounidense Candace Nicole Parker.<\/p>\n<p>&nbsp;<\/p>\n","protected":false},"excerpt":{"rendered":"<p>Gabriel Boric, el presidente m\u00e1s joven en la historia de Chile, fue incluido en la lista de influyentes de la revista Time. FOTO: AGENCIA EFE&hellip;<\/p>\n","protected":false},"author":99,"featured_media":503370,"comment_status":"open","ping_status":"open","sticky":false,"template":"","format":"standard","meta":{"footnotes":""},"categories":[23],"tags":[],"class_list":["post-503369","post","type-post","status-publish","format-standard","has-post-thumbnail","hentry","category-latinoamerica"],"_links":{"self":[{"href":"https:\/\/diarioelpopular.com\/index.php\/wp-json\/wp\/v2\/posts\/503369","targetHints":{"allow":["GET"]}}],"collection":[{"href":"https:\/\/diarioelpopular.com\/index.php\/wp-json\/wp\/v2\/posts"}],"about":[{"href":"https:\/\/diarioelpopular.com\/index.php\/wp-json\/wp\/v2\/types\/post"}],"author":[{"embeddable":true,"href":"https:\/\/diarioelpopular.com\/index.php\/wp-json\/wp\/v2\/users\/99"}],"replies":[{"embeddable":true,"href":"https:\/\/diarioelpopular.com\/index.php\/wp-json\/wp\/v2\/comments?post=503369"}],"version-history":[{"count":1,"href":"https:\/\/diarioelpopular.com\/index.php\/wp-json\/wp\/v2\/posts\/503369\/revisions"}],"predecessor-version":[{"id":503371,"href":"https:\/\/diarioelpopular.com\/index.php\/wp-json\/wp\/v2\/posts\/503369\/revisions\/503371"}],"wp:featuredmedia":[{"embeddable":true,"href":"https:\/\/diarioelpopular.com\/index.php\/wp-json\/wp\/v2\/media\/503370"}],"wp:attachment":[{"href":"https:\/\/diarioelpopular.com\/index.php\/wp-json\/wp\/v2\/media?parent=503369"}],"wp:term":[{"taxonomy":"category","embeddable":true,"href":"https:\/\/diarioelpopular.com\/index.php\/wp-json\/wp\/v2\/categories?post=503369"},{"taxonomy":"post_tag","embeddable":true,"href":"https:\/\/diarioelpopular.com\/index.php\/wp-json\/wp\/v2\/tags?post=503369"}],"curies":[{"name":"wp","href":"https:\/\/api.w.org\/{rel}","templated":true}]}}