{"id":503384,"date":"2022-05-26T09:44:53","date_gmt":"2022-05-26T13:44:53","guid":{"rendered":"https:\/\/diarioelpopular.com\/?p=503384"},"modified":"2022-05-26T09:44:53","modified_gmt":"2022-05-26T13:44:53","slug":"colombia-un-pais-entre-el-giro-o-el-continuismo","status":"publish","type":"post","link":"https:\/\/diarioelpopular.com\/index.php\/2022\/05\/26\/colombia-un-pais-entre-el-giro-o-el-continuismo\/","title":{"rendered":"Colombia: Un pa\u00eds entre el giro o el continuismo"},"content":{"rendered":"<p>&nbsp;<\/p>\n<p><img loading=\"lazy\" decoding=\"async\" class=\"alignnone size-custom-full-size wp-image-503385\" src=\"https:\/\/diarioelpopular.com\/wp-content\/uploads\/2022\/05\/16e022ec6ed550135b8ea6d261a0b1e8.jpg\" alt=\"\" width=\"476\" height=\"311\" srcset=\"https:\/\/diarioelpopular.com\/wp-content\/uploads\/2022\/05\/16e022ec6ed550135b8ea6d261a0b1e8.jpg 476w, https:\/\/diarioelpopular.com\/wp-content\/uploads\/2022\/05\/16e022ec6ed550135b8ea6d261a0b1e8-300x196.jpg 300w, https:\/\/diarioelpopular.com\/wp-content\/uploads\/2022\/05\/16e022ec6ed550135b8ea6d261a0b1e8-85x55.jpg 85w, https:\/\/diarioelpopular.com\/wp-content\/uploads\/2022\/05\/16e022ec6ed550135b8ea6d261a0b1e8-112x73.jpg 112w\" sizes=\"auto, (max-width: 476px) 100vw, 476px\" \/><\/p>\n<p><em>El pa\u00eds se prepara para las elecciones este domingo.<\/em><\/p>\n<h4><em><strong>&#8211; Elecciones del domingo trascendentales para el futuro del pa\u00eds<\/strong><\/em><\/h4>\n<p><em><strong>BOGOTA 26 MAYO &#8211;<\/strong><\/em> El pr\u00f3ximo domingo el pa\u00eds no solo elige presidente, decide si le renueva el mandato al actual sistema pol\u00edtico o si opta por un giro hacia un nuevo modelo, una situaci\u00f3n que ha generado desde incertidumbre hasta esperanza.<br \/>\nEl pa\u00eds acaba de atravesar por cuatro a\u00f1os en los que fue testigo de un estallido social sin precedentes que se tom\u00f3 las calles y que fue respondido con ferocidad por parte del gobierno, causante del malestar generalizado con sus desatinadas decisiones.<br \/>\nA ese estado de cosas se sumaron los males tanto sociales como econ\u00f3micos que dej\u00f3 la pandemia del Covid-19, adem\u00e1s del incremento de la violencia, pese al acuerdo de paz con las FARC, en particular contra los l\u00edderes sociales y ejercido a sangre y fuego por parte de grupos armados ilegales, en disputas por el territorio.<br \/>\nEste domingo, los 39.002.239 colombianos habilitados para votar tendr\u00e1n la posibilidad de elegir al reemplazante de Iv\u00e1n Duque entre siete binas.<br \/>\nSin embargo, est\u00e1 marcado de acuerdo con las encuestas que la elecci\u00f3n se disputar\u00e1 entre el candidato de la colaci\u00f3n de izquierda, Gustavo Petro, el preferido, seg\u00fan los sondeos de opini\u00f3n, y el derechista, Federico Guti\u00e9rrez, aunque habr\u00eda una tercera opci\u00f3n con el independiente, Rodolfo Hern\u00e1ndez, de mantenerse la tendencia de crecimiento de las \u00faltimas semanas.<br \/>\n&#8220;O el pa\u00eds contin\u00faa la ruta que ha tra\u00eddo siempre o el pa\u00eds cambia de rumbo&#8221;, enfatiz\u00f3 Fernando Giraldo, profesor de ciencias pol\u00edticas de la Universidad del Norte de Barranquilla (norte), al ser consultado sobre lo que est\u00e1 en juego en estas elecciones.<br \/>\nEl acad\u00e9mico asegur\u00f3 que si el pa\u00eds no hace un cambio del modelo pol\u00edtico actual, &#8220;nos exponemos a un estallido social y pol\u00edtico de consecuencias incalculables&#8221;.<br \/>\n&#8220;Estamos ante el riesgo de una fractura total, no solo pol\u00edtica y social, sino institucional&#8221;, argument\u00f3 Giraldo, al sostener que una ruptura de ese tipo solo favorecer\u00eda a las &#8220;bandas criminales de narcotr\u00e1fico&#8221;.<br \/>\n&#8220;Lo que nosotros tenemos en el panorama es una amenaza de bandas criminales del narcotr\u00e1fico y si no nos ponemos de acuerdo para garantizar un m\u00ednimo de convivencia entre los colombianos, esto es caldo de cultivo para estas organizaciones&#8221;, sostuvo.<br \/>\nPara Yann Basset, director del Grupo de Estudios de la Democracia (DEMOS UR) de la Universidad del Rosario de Bogot\u00e1, la situaci\u00f3n es menos dram\u00e1tica, pero coincide con Giraldo en que el domingo se decide entre dos opciones.<br \/>\n&#8220;Est\u00e1 en juego la posibilidad por primera vez en la historia del pa\u00eds de una eventual victoria de la izquierda en la elecci\u00f3n presidencial, lo que genera expectativas y mucho miedo e inquietudes por parte de sectores, y esto crea un clima de expectativas y de tensiones&#8221;.<br \/>\nAfirm\u00f3 el acad\u00e9mico, quien record\u00f3 que la izquierda jam\u00e1s gobern\u00f3 el pa\u00eds, dado que la larga guerra interna entre el Estado y las antiguas FARC cre\u00f3 la narrativa que asociaba a ese grupo guerrillero con todo lo que estuviera del lado de ese espectro pol\u00edtico.<br \/>\n&#8220;Esto es algo que nunca se dio en el pasado y la izquierda siempre ha sido minoritaria por ser hist\u00f3ricamente asociada a la imagen de la guerrilla, pese a que parte de la izquierda siempre rechaz\u00f3 la violencia armada&#8221;, argument\u00f3 Basset.<br \/>\nEl domingo estar\u00e1n en el partidor electoral el senador izquierdista, partidario de Maduro en Venezuela, Gustavo Petro, favorito en las encuestas con porcentajes alrededor del 40% en promedio, quien propone un cambio en varios aspectos pol\u00edticos, con \u00e9nfasis en temas sociales.<br \/>\nDel otro lado estar\u00e1 el derechista exalcalde de Medell\u00edn (noroeste) Federico Guti\u00e9rrez, quien cuenta con el respaldo de todos los partidos oficialistas, de amplios sectores de las iglesias cristianas y de una gran parte del empresariado.<br \/>\nEl aspirante oficialista promete no llevar al pa\u00eds a sobresaltos con giros pol\u00edticos innecesarios y sugiere ser el \u00fanico capaz de volver a unir al pa\u00eds.<br \/>\nSeg\u00fan las encuestas, Guti\u00e9rrez tiene un promedio m\u00e1s favorable superior al 20%.<br \/>\nSin embargo, en las \u00faltimas mediciones se evidenci\u00f3 que se le acercaba a esos niveles el exalcalde de Bucaramanga (noreste) Rodolfo Guti\u00e9rrez, un empresario de 77 a\u00f1os que se presenta como independiente y quien se acompa\u00f1a de un discurso de ruptura total contra la clase pol\u00edtica que ha manejado el pa\u00eds.<\/p>\n","protected":false},"excerpt":{"rendered":"<p>&nbsp; El pa\u00eds se prepara para las elecciones este domingo. &#8211; Elecciones del domingo trascendentales para el futuro del pa\u00eds BOGOTA 26 MAYO &#8211; El&hellip;<\/p>\n","protected":false},"author":99,"featured_media":503385,"comment_status":"open","ping_status":"open","sticky":false,"template":"","format":"standard","meta":{"footnotes":""},"categories":[23],"tags":[],"class_list":["post-503384","post","type-post","status-publish","format-standard","has-post-thumbnail","hentry","category-latinoamerica"],"_links":{"self":[{"href":"https:\/\/diarioelpopular.com\/index.php\/wp-json\/wp\/v2\/posts\/503384","targetHints":{"allow":["GET"]}}],"collection":[{"href":"https:\/\/diarioelpopular.com\/index.php\/wp-json\/wp\/v2\/posts"}],"about":[{"href":"https:\/\/diarioelpopular.com\/index.php\/wp-json\/wp\/v2\/types\/post"}],"author":[{"embeddable":true,"href":"https:\/\/diarioelpopular.com\/index.php\/wp-json\/wp\/v2\/users\/99"}],"replies":[{"embeddable":true,"href":"https:\/\/diarioelpopular.com\/index.php\/wp-json\/wp\/v2\/comments?post=503384"}],"version-history":[{"count":1,"href":"https:\/\/diarioelpopular.com\/index.php\/wp-json\/wp\/v2\/posts\/503384\/revisions"}],"predecessor-version":[{"id":503386,"href":"https:\/\/diarioelpopular.com\/index.php\/wp-json\/wp\/v2\/posts\/503384\/revisions\/503386"}],"wp:featuredmedia":[{"embeddable":true,"href":"https:\/\/diarioelpopular.com\/index.php\/wp-json\/wp\/v2\/media\/503385"}],"wp:attachment":[{"href":"https:\/\/diarioelpopular.com\/index.php\/wp-json\/wp\/v2\/media?parent=503384"}],"wp:term":[{"taxonomy":"category","embeddable":true,"href":"https:\/\/diarioelpopular.com\/index.php\/wp-json\/wp\/v2\/categories?post=503384"},{"taxonomy":"post_tag","embeddable":true,"href":"https:\/\/diarioelpopular.com\/index.php\/wp-json\/wp\/v2\/tags?post=503384"}],"curies":[{"name":"wp","href":"https:\/\/api.w.org\/{rel}","templated":true}]}}