{"id":503415,"date":"2022-05-27T09:29:08","date_gmt":"2022-05-27T13:29:08","guid":{"rendered":"https:\/\/diarioelpopular.com\/?p=503415"},"modified":"2022-05-27T09:29:08","modified_gmt":"2022-05-27T13:29:08","slug":"clamor-de-obispos-de-bolivia-chile-y-peru","status":"publish","type":"post","link":"https:\/\/diarioelpopular.com\/index.php\/2022\/05\/27\/clamor-de-obispos-de-bolivia-chile-y-peru\/","title":{"rendered":"Clamor de obispos de Bolivia, Chile y Per\u00fa"},"content":{"rendered":"<p>&nbsp;<\/p>\n<p><img loading=\"lazy\" decoding=\"async\" class=\"alignnone size-custom-full-size wp-image-503416\" src=\"https:\/\/diarioelpopular.com\/wp-content\/uploads\/2022\/05\/51445e85a118fd58bc0303c1a8116d3d.jpg\" alt=\"\" width=\"476\" height=\"296\" srcset=\"https:\/\/diarioelpopular.com\/wp-content\/uploads\/2022\/05\/51445e85a118fd58bc0303c1a8116d3d.jpg 476w, https:\/\/diarioelpopular.com\/wp-content\/uploads\/2022\/05\/51445e85a118fd58bc0303c1a8116d3d-300x187.jpg 300w, https:\/\/diarioelpopular.com\/wp-content\/uploads\/2022\/05\/51445e85a118fd58bc0303c1a8116d3d-117x73.jpg 117w\" sizes=\"auto, (max-width: 476px) 100vw, 476px\" \/><\/p>\n<p><em>Caravana de migrantes latinoamericanos<\/em><\/p>\n<p>&nbsp;<\/p>\n<h4><em><strong>&#8211; Exhortan a construir futuro con migrantes y refugiados<\/strong><\/em><\/h4>\n<p>SANTIAGO DE CHILE, 26 MAG &#8211; Los obispos y agentes de la Pastoral de Movilidad Humana de la Iglesia Cat\u00f3lica de las fronteras de Bolivia, Chile y Per\u00fa formularon un apremiante llamado a &#8220;construir el futuro con los migrantes y refugiados&#8221;.<br \/>\nLas autoridades eclesiales emitieron una declaraci\u00f3n tras concluir el encuentro sostenido en la ciudad chilena de Arica, lim\u00edtrofe con Per\u00fa y Bolivia.<br \/>\nEn el mensaje final de la jornada dijeron estar &#8220;conscientes de la complejidad de atender eclesialmente de manera urgente a los hermanos y hermanas en situaci\u00f3n de movilidad humana&#8221;.<br \/>\nAdmitieron que los tiempos actuales est\u00e1n marcados por crisis pol\u00edticas, sociales, econ\u00f3micas y humanitarias que atraviesan los pa\u00edses, agudizados adem\u00e1s por la crisis sanitaria &#8220;Es importante reconocer que ning\u00fan pa\u00eds de la regi\u00f3n podr\u00e1, actuando solo, atender los desaf\u00edos que la migraci\u00f3n presenta&#8221;, afirmaron y recordaron el llamado del Papa Francisco de &#8220;tender puentes con los reci\u00e9n llegados&#8221;.<br \/>\n&#8220;Debemos impulsar acciones pastorales y sociales que favorezcan una articulaci\u00f3n entre el sector privado, p\u00fablico, civil y eclesial que a su vez permitan responder adecuadamente a la coyuntura actual, donde muchas veces las comunidades locales se enfrentan a los grupos de migrantes manifestando rechazo y profundizando las grietas de la exclusi\u00f3n social&#8221;, apuntaron los obispos de los tres pa\u00edses.<br \/>\nRecordaron que para muchas personas &#8220;el migrar sigue siendo un pesar y sufrimiento, que se ve agravado cuando reciben tratos deshumanizantes por parte de organismos estatales, civiles y\/o eclesiales&#8221;, raz\u00f3n por la que se invita a la sociedad a reflexionar y comprender &#8220;que nos enfrentamos a una situaci\u00f3n nunca antes vista en la regi\u00f3n, marcada por procesos migratorios forzados que nos exhortan a desarrollar acciones que fortalezcan valores sociales poniendo siempre como eje central a las personas&#8221;.<br \/>\nLos pastores no desconocen &#8220;el leg\u00edtimo derecho de los Estados a defender su soberan\u00eda&#8221;.<br \/>\nPero, advirtieron enseguida, &#8220;para ello no se puede actuar de manera indolente&#8221;.<br \/>\n&#8220;Es imprescindible humanizar el trato que reciben las personas migrantes, refugiadas, v\u00edctimas de trata y tr\u00e1fico, promoviendo procesos de acogida, protecci\u00f3n e integraci\u00f3n dignos, ajustados al Derecho y que respeten los tratados internacionales, solo as\u00ed se podr\u00e1 desincentivar la migraci\u00f3n irregular&#8221;, aseguraron.<br \/>\nLa declaraci\u00f3n la suscriben Mois\u00e9s Atisha, obispo de Arica; Oscar Blanco, obispo de Calama; Guillermo Fajardo Rojas, administrador diocesano de Iquique; Ignacio Ducasse Medina, arzobispo de Antofagasta; Ricardo Morales Galindo, obispo de Copiap\u00f3, todos por Chile. Ciro Quispe, obispo de la prelatura de Juli, Per\u00fa; y Basilio Mamani, obispo Auxiliar de La Paz, Bolivia.<br \/>\nSeg\u00fan datos de Naciones Unidas, el n\u00famero de migrantes intra-regionales en Am\u00e9rica del Sur se ha acercado de manera notable al de los sudamericanos residiendo en otras partes del mundo.<br \/>\nLa Divisi\u00f3n de Poblaci\u00f3n de la ONU ha estimado al a\u00f1o 2019 que 7.786.568 personas nacidas en esta regi\u00f3n residen en pa\u00edses fuera de la regi\u00f3n, mientras que 6.091.023 son migrantes intra-regionales.<\/p>\n","protected":false},"excerpt":{"rendered":"<p>&nbsp; Caravana de migrantes latinoamericanos &nbsp; &#8211; Exhortan a construir futuro con migrantes y refugiados SANTIAGO DE CHILE, 26 MAG &#8211; Los obispos y agentes&hellip;<\/p>\n","protected":false},"author":99,"featured_media":503416,"comment_status":"open","ping_status":"open","sticky":false,"template":"","format":"standard","meta":{"footnotes":""},"categories":[23],"tags":[],"class_list":["post-503415","post","type-post","status-publish","format-standard","has-post-thumbnail","hentry","category-latinoamerica"],"_links":{"self":[{"href":"https:\/\/diarioelpopular.com\/index.php\/wp-json\/wp\/v2\/posts\/503415","targetHints":{"allow":["GET"]}}],"collection":[{"href":"https:\/\/diarioelpopular.com\/index.php\/wp-json\/wp\/v2\/posts"}],"about":[{"href":"https:\/\/diarioelpopular.com\/index.php\/wp-json\/wp\/v2\/types\/post"}],"author":[{"embeddable":true,"href":"https:\/\/diarioelpopular.com\/index.php\/wp-json\/wp\/v2\/users\/99"}],"replies":[{"embeddable":true,"href":"https:\/\/diarioelpopular.com\/index.php\/wp-json\/wp\/v2\/comments?post=503415"}],"version-history":[{"count":1,"href":"https:\/\/diarioelpopular.com\/index.php\/wp-json\/wp\/v2\/posts\/503415\/revisions"}],"predecessor-version":[{"id":503417,"href":"https:\/\/diarioelpopular.com\/index.php\/wp-json\/wp\/v2\/posts\/503415\/revisions\/503417"}],"wp:featuredmedia":[{"embeddable":true,"href":"https:\/\/diarioelpopular.com\/index.php\/wp-json\/wp\/v2\/media\/503416"}],"wp:attachment":[{"href":"https:\/\/diarioelpopular.com\/index.php\/wp-json\/wp\/v2\/media?parent=503415"}],"wp:term":[{"taxonomy":"category","embeddable":true,"href":"https:\/\/diarioelpopular.com\/index.php\/wp-json\/wp\/v2\/categories?post=503415"},{"taxonomy":"post_tag","embeddable":true,"href":"https:\/\/diarioelpopular.com\/index.php\/wp-json\/wp\/v2\/tags?post=503415"}],"curies":[{"name":"wp","href":"https:\/\/api.w.org\/{rel}","templated":true}]}}