{"id":503428,"date":"2022-05-28T11:38:56","date_gmt":"2022-05-28T15:38:56","guid":{"rendered":"https:\/\/diarioelpopular.com\/?p=503428"},"modified":"2022-05-28T11:38:56","modified_gmt":"2022-05-28T15:38:56","slug":"chile-marcha-estudiantil-y-autobus-quemado","status":"publish","type":"post","link":"https:\/\/diarioelpopular.com\/index.php\/2022\/05\/28\/chile-marcha-estudiantil-y-autobus-quemado\/","title":{"rendered":"Chile: Marcha estudiantil y autob\u00fas quemado"},"content":{"rendered":"<p>&nbsp;<\/p>\n<p><img loading=\"lazy\" decoding=\"async\" class=\"alignnone size-custom-full-size wp-image-503429\" src=\"https:\/\/diarioelpopular.com\/wp-content\/uploads\/2022\/05\/2c590bfab323a8ab7bcfb218d2c02faa.jpg\" alt=\"\" width=\"476\" height=\"317\" srcset=\"https:\/\/diarioelpopular.com\/wp-content\/uploads\/2022\/05\/2c590bfab323a8ab7bcfb218d2c02faa.jpg 476w, https:\/\/diarioelpopular.com\/wp-content\/uploads\/2022\/05\/2c590bfab323a8ab7bcfb218d2c02faa-300x200.jpg 300w, https:\/\/diarioelpopular.com\/wp-content\/uploads\/2022\/05\/2c590bfab323a8ab7bcfb218d2c02faa-110x73.jpg 110w\" sizes=\"auto, (max-width: 476px) 100vw, 476px\" \/><\/p>\n<p><em>Protesta estudiantil en Chile, con un autob\u00fas incendiado<\/em><\/p>\n<h4><em><strong>&#8211; Piden aumento beca alimentaci\u00f3n y fin Cr\u00e9dito Aval del Estado<\/strong><\/em><\/h4>\n<p><em><strong>SANTIAGO DE CHILE, 28 MAYO &#8211;<\/strong><\/em> Con la quema de un autob\u00fas del TranSantiago culmin\u00f3 la marcha estudiantil convocada por la coordinadora Lucha BAES para exigir el aumento de las becas de alimentaci\u00f3n, el fin del cr\u00e9dito para la ense\u00f1anza superior con aval del estado y una educaci\u00f3n p\u00fablica, gratuita, no sexista y de calidad.<br \/>\nLa manifestaci\u00f3n arranc\u00f3 en Plaza Dignidad y frente al centro cultural Gabriela Mistral (GAM). Luego los estudiantes marcharon en direcci\u00f3n a La Moneda para terminar en la intersecci\u00f3n de calle Cumming con la Alameda donde un grupo de encapuchados procedi\u00f3 a quemar el bus del TranSantiago arrojando bombas Molotov.<br \/>\nLa polic\u00eda uniformada, que se encontraba en el lugar intentando dispersar a los manifestantes, apag\u00f3 las llamas a trav\u00e9s de carros lanza-aguas. Es la tercera m\u00e1quina que se quema en incidentes ocurridos esta semana. Encapuchados tambi\u00e9n hab\u00edan siniestrado buses en las cercan\u00edas de los emblem\u00e1ticos establecimientos de secundarios Instituto Nacional y Liceo de Aplicaci\u00f3n..<br \/>\nC\u00e1maras de televigilancia captaron a sujetos encapuchados vestidos de negro preparando artefactos incendiarios en Alameda con Portugal. En las cercan\u00edas de La Moneda, arrojaron bombas Molotov a los blindados de Carabineros.<br \/>\nLa propia Prefectura Central de Carabineros dio cuenta a trav\u00e9s de Twitter de como &#8220;sujetos lanzan artefactos incendiarios a Personal de Control de Orden P\u00fablico (COP) en calle Zenteno con Alameda&#8221; (la parte posterior de la sede gubernamental)).<br \/>\nLa Coordinadora Lucha Baes, que desarrolla acciones de protesta por mejoras en la Beca de Alimentaci\u00f3n para la Educaci\u00f3n Superior, convoc\u00f3 a una manifestaci\u00f3n nacional este viernes &#8220;por una educaci\u00f3n gratuita, p\u00fablica, de calidad, no sexista y por una alimentaci\u00f3n digna&#8221;.<br \/>\nA su vez, organizaciones de secundarios que han mantenido liceos tomados y han marchado por mejoras en infraestructura, concurrieron tambi\u00e9n al centro de la capital para visibilizar sus demandas.<br \/>\nLa marcha se desarroll\u00f3 pac\u00edficamente con efectivos de Carabineros monitoreando el desplazamiento de los j\u00f3venes desde Plaza Baquedano hasta un poco m\u00e1s all\u00e1 de la sede del palacio de gobierno de La Moneda.<br \/>\nEn ese marco fue que las c\u00e1maras de televigilancia de la polic\u00eda uniformada captaron a sujetos cubri\u00e9ndose con capuchas el rostro y preparar artefactos incendiarios.<br \/>\nFuncionarios policiales intervinieron en la zona con carros lanzagua y gases.<br \/>\nLas escaramuzas continuaron m\u00e1s tarde en el sector del frontis de la Universidad de Santiago, en la comuna de Estaci\u00f3n Central. A ra\u00edz de los incidentes se cerraron algunas estaciones del Metro, las que no fueron reabiertas hasta concluir la marcha, y se desvi\u00f3 el tr\u00e1nsito de las avenidas del centro.<\/p>\n","protected":false},"excerpt":{"rendered":"<p>&nbsp; Protesta estudiantil en Chile, con un autob\u00fas incendiado &#8211; Piden aumento beca alimentaci\u00f3n y fin Cr\u00e9dito Aval del Estado SANTIAGO DE CHILE, 28 MAYO&hellip;<\/p>\n","protected":false},"author":99,"featured_media":503429,"comment_status":"open","ping_status":"open","sticky":false,"template":"","format":"standard","meta":{"footnotes":""},"categories":[23],"tags":[],"class_list":["post-503428","post","type-post","status-publish","format-standard","has-post-thumbnail","hentry","category-latinoamerica"],"_links":{"self":[{"href":"https:\/\/diarioelpopular.com\/index.php\/wp-json\/wp\/v2\/posts\/503428","targetHints":{"allow":["GET"]}}],"collection":[{"href":"https:\/\/diarioelpopular.com\/index.php\/wp-json\/wp\/v2\/posts"}],"about":[{"href":"https:\/\/diarioelpopular.com\/index.php\/wp-json\/wp\/v2\/types\/post"}],"author":[{"embeddable":true,"href":"https:\/\/diarioelpopular.com\/index.php\/wp-json\/wp\/v2\/users\/99"}],"replies":[{"embeddable":true,"href":"https:\/\/diarioelpopular.com\/index.php\/wp-json\/wp\/v2\/comments?post=503428"}],"version-history":[{"count":1,"href":"https:\/\/diarioelpopular.com\/index.php\/wp-json\/wp\/v2\/posts\/503428\/revisions"}],"predecessor-version":[{"id":503430,"href":"https:\/\/diarioelpopular.com\/index.php\/wp-json\/wp\/v2\/posts\/503428\/revisions\/503430"}],"wp:featuredmedia":[{"embeddable":true,"href":"https:\/\/diarioelpopular.com\/index.php\/wp-json\/wp\/v2\/media\/503429"}],"wp:attachment":[{"href":"https:\/\/diarioelpopular.com\/index.php\/wp-json\/wp\/v2\/media?parent=503428"}],"wp:term":[{"taxonomy":"category","embeddable":true,"href":"https:\/\/diarioelpopular.com\/index.php\/wp-json\/wp\/v2\/categories?post=503428"},{"taxonomy":"post_tag","embeddable":true,"href":"https:\/\/diarioelpopular.com\/index.php\/wp-json\/wp\/v2\/tags?post=503428"}],"curies":[{"name":"wp","href":"https:\/\/api.w.org\/{rel}","templated":true}]}}