{"id":503456,"date":"2022-05-31T09:56:34","date_gmt":"2022-05-31T13:56:34","guid":{"rendered":"https:\/\/diarioelpopular.com\/?p=503456"},"modified":"2022-05-31T09:56:34","modified_gmt":"2022-05-31T13:56:34","slug":"mexico-nueva-emergencia-por-sequia","status":"publish","type":"post","link":"https:\/\/diarioelpopular.com\/index.php\/2022\/05\/31\/mexico-nueva-emergencia-por-sequia\/","title":{"rendered":"M\u00e9xico: Nueva emergencia por sequ\u00eda"},"content":{"rendered":"<p>&nbsp;<\/p>\n<p><img loading=\"lazy\" decoding=\"async\" class=\"alignnone size-custom-full-size wp-image-503457\" src=\"https:\/\/diarioelpopular.com\/wp-content\/uploads\/2022\/05\/77653dd6dc5d5dc5180f56547e9f08d5.jpg\" alt=\"\" width=\"476\" height=\"319\" srcset=\"https:\/\/diarioelpopular.com\/wp-content\/uploads\/2022\/05\/77653dd6dc5d5dc5180f56547e9f08d5.jpg 476w, https:\/\/diarioelpopular.com\/wp-content\/uploads\/2022\/05\/77653dd6dc5d5dc5180f56547e9f08d5-300x201.jpg 300w, https:\/\/diarioelpopular.com\/wp-content\/uploads\/2022\/05\/77653dd6dc5d5dc5180f56547e9f08d5-80x55.jpg 80w, https:\/\/diarioelpopular.com\/wp-content\/uploads\/2022\/05\/77653dd6dc5d5dc5180f56547e9f08d5-109x73.jpg 109w\" sizes=\"auto, (max-width: 476px) 100vw, 476px\" \/><\/p>\n<p><em>Otra emergencia por sequ\u00eda en M\u00e9xico<\/em><\/p>\n<h4><em><strong>&#8211; Un tercio del territorio registra el fen\u00f3meno en forma severa<\/strong><\/em><\/h4>\n<div class=\"row bk-sep\">\n<div class=\"mm-photo-img\"><strong><em>CIUDAD DE MEXICO, 31 MAYO &#8211;<\/em><\/strong> La gubernamental Comisi\u00f3n Nacional del Agua (Conagua) se apresta a declarar una nueva emergencia, por segundo a\u00f1o consecutivo, de varias cuencas del pa\u00eds afectadas por una sequ\u00eda severa en al menos un tercio del territorio mexicano.<\/div>\n<div class=\"mm-photo-img\">\nAunque a mitad de mayo comenz\u00f3 la temporada de lluvias y se esperan al menos 5 ciclones tropicales en el pa\u00eds, el primero de los cuales (Agatha) irrumpir\u00eda la tarde de este lunes en el estado sure\u00f1o de Oaxaca como hurac\u00e1n, las perspectivas de que llueva en el pa\u00eds son poco alentadoras.<\/div>\n<div class=\"mm-photo-img\">La Comisi\u00f3n Nacional de Mejora Regulatoria (Conamer) dio a conocer un acuerdo que establece el inicio de la &#8220;emergencia&#8221; en varias regiones del pa\u00eds por &#8220;sequ\u00eda de severa a excepcional&#8221; ante lo cual pidi\u00f3 adoptar algunas &#8220;medidas de mitigaci\u00f3n&#8221;. Entre estas acciones se prev\u00e9 la &#8220;limitaci\u00f3n temporal&#8221; de los &#8220;derechos de agua existentes&#8221;, lo que implica reducir los vol\u00famenes a los usuarios de cuencas afectadas a fin de abastecer agua para uso dom\u00e9stico y p\u00fablico urbano.<\/div>\n<div class=\"mm-photo-img\">Las zonas m\u00e1s golpeadas por la sequ\u00eda excepcional, que podr\u00eda provocar la p\u00e9rdida de cultivos y pastizales, generar incendios y causar escasez total de agua en arroyos y pozos, son los estados del norte de M\u00e9xico, en especial Nuevo Le\u00f3n, Tamaulipas, Coahuila y Chihuahua, en la frontera con Estados Unidos.<\/div>\n<div class=\"mm-photo-img\">\nLos titulares de concesiones para aprovechar aguas nacionales (entre ellos empresas) podr\u00edan sufrir sin previo aviso una limitaci\u00f3n de sus derechos de explotaci\u00f3n y ceder o transmitir temporalmente a la autoridad del agua sus privilegios para que el recurso sea redistribuido para uso habitacional. La Conagua se\u00f1al\u00f3 que esta medida busca &#8220;garantizar el abasto de agua para uso dom\u00e9stico y p\u00fablico urbano&#8221; aunque aclar\u00f3 que se trata de &#8220;medidas transitorias concertadas con representantes de los usuarios&#8221;.<\/div>\n<div class=\"mm-photo-img\">Un acuerdo similar fue adoptado ya en agosto de 2021 y fue en abril pasado cuando se declar\u00f3 la conclusi\u00f3n parcial de la emergencia. Seg\u00fan el Monitor de Sequ\u00eda de M\u00e9xico al 15 de mayo pasado el 56,9% del territorio mexicano registraba alg\u00fan nivel de sequ\u00eda y 33,6% &#8220;de severa a excepcional&#8221;. En la primera mitad de mayo un sistema anticicl\u00f3nico propicio &#8220;temperaturas altas y cielo despejado en varias regiones del pa\u00eds por lo que los d\u00e9ficit de precipitaci\u00f3n prevalecieron en la mayor parte del territorio nacional, principalmente a lo largo del Golfo de M\u00e9xico, en la regi\u00f3n del Pac\u00edfico Sur y en la Pen\u00ednsula de Yucat\u00e1n&#8221;, indic\u00f3.<\/div>\n<div class=\"mm-photo-img\">&#8220;Estas condiciones ocasionaron el aumento de sequ\u00eda moderada en Veracruz y Oaxaca (sureste), as\u00ed como el incremento de sequ\u00eda severa en Nuevo Le\u00f3n, Tamaulipas, Sonora, Chihuahua y Sinaloa (norte del pa\u00eds) y el surgimiento de sequ\u00eda extrema en Baja California y Sonora&#8221;, tambi\u00e9n en los l\u00edmites con Estados Unidos.<\/div>\n<div class=\"mm-photo-img\">\nAl menos 940 municipios, es decir, el 38% del total, registraba alg\u00fan tipo de sequ\u00eda, pero 50 sufr\u00edan este problema en forma &#8220;extrema&#8221; y 9 de manera &#8220;excepcional&#8221;. El profesor del Instituto Tecnol\u00f3gico de Monterrey (Tec), uno de los atenemos privados m\u00e1s importantes del pa\u00eds, Benjam\u00edn Ord\u00f3\u00f1ez, experto en cambio clim\u00e1tico se\u00f1al\u00f3 que es urgente &#8220;empezar a cosechar agua&#8221; para afrontar las cada vez m\u00e1s recurrentes sequ\u00edas en M\u00e9xico. &#8220;Esa cosecha implica darle un tratamiento respetuoso y preservar la vegetaci\u00f3n que sirve como un filtro para que el agua no se vaya sino que se infiltre al subsuelo&#8221;, sostuvo el especialistas. &#8220;El abasto del agua tiene que estar relacionado con el ordenamiento del territorio y las actividades agr\u00edcolas, industriales y desarrollo urbano que queremos tener&#8221;, afirm\u00f3 el acad\u00e9mico.<\/div>\n<div><\/div>\n<div class=\"mm-photo-img\">Ord\u00f3\u00f1ez indic\u00f3 que las temperaturas elevadas a lo largo y ancho del pa\u00eds hacen que el agua que est\u00e1 en charcos, r\u00edos o escurriendo, o en las vegetaciones, se evapore porque el calor est\u00e1 arrastrando el agua hacia otros lugares&#8221;. &#8220;Hay una alarma prendida en todo M\u00e9xico porque al hacer el balance hidrol\u00f3gico, el d\u00e9ficit h\u00eddrico nos permite identificar el error en el que vivimos&#8221;, expuso.<\/div>\n<\/div>\n","protected":false},"excerpt":{"rendered":"<p>&nbsp; Otra emergencia por sequ\u00eda en M\u00e9xico &#8211; Un tercio del territorio registra el fen\u00f3meno en forma severa CIUDAD DE MEXICO, 31 MAYO &#8211; La&hellip;<\/p>\n","protected":false},"author":99,"featured_media":503457,"comment_status":"open","ping_status":"open","sticky":false,"template":"","format":"standard","meta":{"footnotes":""},"categories":[23],"tags":[],"class_list":["post-503456","post","type-post","status-publish","format-standard","has-post-thumbnail","hentry","category-latinoamerica"],"_links":{"self":[{"href":"https:\/\/diarioelpopular.com\/index.php\/wp-json\/wp\/v2\/posts\/503456","targetHints":{"allow":["GET"]}}],"collection":[{"href":"https:\/\/diarioelpopular.com\/index.php\/wp-json\/wp\/v2\/posts"}],"about":[{"href":"https:\/\/diarioelpopular.com\/index.php\/wp-json\/wp\/v2\/types\/post"}],"author":[{"embeddable":true,"href":"https:\/\/diarioelpopular.com\/index.php\/wp-json\/wp\/v2\/users\/99"}],"replies":[{"embeddable":true,"href":"https:\/\/diarioelpopular.com\/index.php\/wp-json\/wp\/v2\/comments?post=503456"}],"version-history":[{"count":1,"href":"https:\/\/diarioelpopular.com\/index.php\/wp-json\/wp\/v2\/posts\/503456\/revisions"}],"predecessor-version":[{"id":503458,"href":"https:\/\/diarioelpopular.com\/index.php\/wp-json\/wp\/v2\/posts\/503456\/revisions\/503458"}],"wp:featuredmedia":[{"embeddable":true,"href":"https:\/\/diarioelpopular.com\/index.php\/wp-json\/wp\/v2\/media\/503457"}],"wp:attachment":[{"href":"https:\/\/diarioelpopular.com\/index.php\/wp-json\/wp\/v2\/media?parent=503456"}],"wp:term":[{"taxonomy":"category","embeddable":true,"href":"https:\/\/diarioelpopular.com\/index.php\/wp-json\/wp\/v2\/categories?post=503456"},{"taxonomy":"post_tag","embeddable":true,"href":"https:\/\/diarioelpopular.com\/index.php\/wp-json\/wp\/v2\/tags?post=503456"}],"curies":[{"name":"wp","href":"https:\/\/api.w.org\/{rel}","templated":true}]}}