{"id":503471,"date":"2022-06-01T08:32:54","date_gmt":"2022-06-01T12:32:54","guid":{"rendered":"https:\/\/diarioelpopular.com\/?p=503471"},"modified":"2022-06-01T08:32:54","modified_gmt":"2022-06-01T12:32:54","slug":"mexico-el-menor-desempleo-en-17-anos","status":"publish","type":"post","link":"https:\/\/diarioelpopular.com\/index.php\/2022\/06\/01\/mexico-el-menor-desempleo-en-17-anos\/","title":{"rendered":"M\u00e9xico: El menor desempleo en 17 a\u00f1os"},"content":{"rendered":"<p>&nbsp;<\/p>\n<p><img loading=\"lazy\" decoding=\"async\" class=\"alignnone size-custom-full-size wp-image-503472\" src=\"https:\/\/diarioelpopular.com\/wp-content\/uploads\/2022\/06\/ebd106c870dbac6a8f0253cf65059170.jpg\" alt=\"\" width=\"476\" height=\"344\" srcset=\"https:\/\/diarioelpopular.com\/wp-content\/uploads\/2022\/06\/ebd106c870dbac6a8f0253cf65059170.jpg 476w, https:\/\/diarioelpopular.com\/wp-content\/uploads\/2022\/06\/ebd106c870dbac6a8f0253cf65059170-300x217.jpg 300w, https:\/\/diarioelpopular.com\/wp-content\/uploads\/2022\/06\/ebd106c870dbac6a8f0253cf65059170-101x73.jpg 101w\" sizes=\"auto, (max-width: 476px) 100vw, 476px\" \/><\/p>\n<p><em>El estudio se\u00f1al\u00f3 que el desempleo afecta m\u00e1s a los hombres que a las mujeres.<\/em><\/p>\n<p>&nbsp;<\/p>\n<h4><em><strong>&#8211; Tasa de desocupaci\u00f3n en abril sorprende a los especialistas<\/strong><\/em><\/h4>\n<p><em><strong>CIUDAD DE MEXICO, 1 JUN &#8211;<\/strong><\/em> M\u00e9xico registr\u00f3 la menor tasa de desempleo en m\u00e1s de 17 a\u00f1os durante el pasado mes de abril, al registrar un 3,09% de la Poblaci\u00f3n Econ\u00f3micamente Activa (PEA), seg\u00fan los resultados de la Encuesta Nacional de Ocupaci\u00f3n y Empleo (ENOE).<\/p>\n<p>El estudio, realizado por el Instituto Nacional de Estad\u00edstica y Geograf\u00eda (INEGI) se\u00f1al\u00f3 que la cesant\u00eda afecta m\u00e1s a los los hombres (3,11%) que a las mujeres (3,10%), aunque con diferencias m\u00ednimas. La poblaci\u00f3n desocupada se define para efectos de este an\u00e1lisis como aquella que se encuentra sin trabajar, pero que busca trabajo, la cual se cifr\u00f3 en un mill\u00f3n 804.352 personas en abril, una reducci\u00f3n anual de 871.911. Durante el cuarto mes del a\u00f1o, la fuerza laboral fue de 59,5 millones de personas, lo que implic\u00f3 una tasa de participaci\u00f3n de 60,1%, y 57,7 millones de personas estuvieron ocupadas en el mes mencionado, 2,8 millones m\u00e1s que en abril de un a\u00f1o antes.<\/p>\n<p>En tanto, la Tasa de Subocupaci\u00f3n (que se refiere a la que dijo tener necesidad y diponibilidad de laborar m\u00e1s horas de las actuales) fue de 8,82 por ciento de la poblaci\u00f3n ocupada, sin variaci\u00f3n respecto a marzo de 2022. En el cuarto mes de este a\u00f1o la poblaci\u00f3n en subocupada ascendi\u00f3 a 5,2 millones de personas contra los 7,5 millones en el mismo mes del a\u00f1o inmediato anterior. En cuanto a la Tasa de Informalidad Laboral nacional (TIL) se ubic\u00f3 en 55,56% de la poblaci\u00f3n ocupada en abril, 0,08 puntos porcentuales menos que marzo, por lo que, en t\u00e9rminos absolutos, la poblaci\u00f3n ocupada en la informalidad se contabiliza en unos 32 millones de personas.<\/p>\n<p>El INEGI define a la &#8220;poblaci\u00f3n ocupada en la informalidad laboral&#8221; como aquellas personas &#8220;laboralmente vulnerables por la naturaleza de la unidad econ\u00f3mica para la que trabajan&#8221;, as\u00ed como a las mantienen un v\u00ednculo o dependencia laboral, pero su empresa no se las reconoce. El ej\u00e9rcito de los informales abaca tanto a quienes trabajan en micronegocios no registrados como a los ocupados por cuenta propia en la agricultura de subsistencia, as\u00ed como a quienes laboran sin seguridad social y cuyos servicios son utilizados por unidades econ\u00f3micas registradas.<\/p>\n<p>La directora del Instituto Mexicano para la Competitividad, Valeria Moy, se\u00f1al\u00f3 que, a despecho de estas cifras, el pa\u00eds est\u00e1 todav\u00eda, en t\u00e9rminos de ingreso per c\u00e1pita, &#8220;lejos de la recuperaci\u00f3n&#8221; tras la pandemia de Covid-19, que dej\u00f3 sin trabajo a por lo menos 12 millones de personas. Seg\u00fan el INEGI, el crecimiento del PIB durante el primer trimestre del a\u00f1o fue de 1% y de 1,8% frente al mismo per\u00edodo de 2021. &#8220;La producci\u00f3n del pa\u00eds est\u00e1 en niveles similares a los de inicios de 2017&#8221;, se\u00f1al\u00f3 al indicar que &#8220;el crecimiento acumulado en los meses que lleva la administraci\u00f3n actual es negativo&#8221;. &#8220;Si comparamos con el inicio de la pandemia, el empleo informal ha aumentado m\u00e1s de lo que lo ha hecho el empleo formal&#8221;, indic\u00f3 la especialista, quien considera que &#8220;la recuperaci\u00f3n post pandemia de los diferentes sectores econ\u00f3micos ha sido dispar, como era de esperarse&#8221;. &#8220;Los servicios de salud, el comercio al por mayor y al por menor, los servicios profesionales, la agricultura y la ganader\u00eda no solo ya se recuperaron, sino que algunos muestran un claro dinamismo.<\/p>\n<p>Otros, por el contrario, evidencian un marcado rezago&#8221;, expuso. No obstante, Moy dijo que ha escuchado quejas de empresarios, de todos los niveles, sobre la dificultad de &#8220;encontrar personal capacitado en ciertas regiones del pa\u00eds y las altas tasas de rotaci\u00f3n que ten\u00edan en sus equipos&#8221;. &#8220;Los costos de la formalidad, seg\u00fan algunos comentarios, son excesivos y los trabajadores incluso prefieren que se les pague en efectivo sin formalizaci\u00f3n de por medio&#8221;. &#8220;A pesar del nulo apoyo gubernamental en un momento clave, hay sectores que est\u00e1n capturando las oportunidades que la regionalizaci\u00f3n de las cadenas de suministro hacia M\u00e9xico est\u00e1 brindando&#8221;, se\u00f1al\u00f3. La especialista se pregunt\u00f3 su &#8220;si algo m\u00e1s estar\u00e1 sucediendo que nuestras cuentas nacionales&#8221; no reflejan, pues los billetes y monedas en circulaci\u00f3n han aumentado 57% pese a la contracci\u00f3n econ\u00f3mica&#8221;.<\/p>\n","protected":false},"excerpt":{"rendered":"<p>&nbsp; El estudio se\u00f1al\u00f3 que el desempleo afecta m\u00e1s a los hombres que a las mujeres. &nbsp; &#8211; Tasa de desocupaci\u00f3n en abril sorprende a&hellip;<\/p>\n","protected":false},"author":99,"featured_media":503472,"comment_status":"open","ping_status":"open","sticky":false,"template":"","format":"standard","meta":{"footnotes":""},"categories":[23],"tags":[],"class_list":["post-503471","post","type-post","status-publish","format-standard","has-post-thumbnail","hentry","category-latinoamerica"],"_links":{"self":[{"href":"https:\/\/diarioelpopular.com\/index.php\/wp-json\/wp\/v2\/posts\/503471","targetHints":{"allow":["GET"]}}],"collection":[{"href":"https:\/\/diarioelpopular.com\/index.php\/wp-json\/wp\/v2\/posts"}],"about":[{"href":"https:\/\/diarioelpopular.com\/index.php\/wp-json\/wp\/v2\/types\/post"}],"author":[{"embeddable":true,"href":"https:\/\/diarioelpopular.com\/index.php\/wp-json\/wp\/v2\/users\/99"}],"replies":[{"embeddable":true,"href":"https:\/\/diarioelpopular.com\/index.php\/wp-json\/wp\/v2\/comments?post=503471"}],"version-history":[{"count":1,"href":"https:\/\/diarioelpopular.com\/index.php\/wp-json\/wp\/v2\/posts\/503471\/revisions"}],"predecessor-version":[{"id":503473,"href":"https:\/\/diarioelpopular.com\/index.php\/wp-json\/wp\/v2\/posts\/503471\/revisions\/503473"}],"wp:featuredmedia":[{"embeddable":true,"href":"https:\/\/diarioelpopular.com\/index.php\/wp-json\/wp\/v2\/media\/503472"}],"wp:attachment":[{"href":"https:\/\/diarioelpopular.com\/index.php\/wp-json\/wp\/v2\/media?parent=503471"}],"wp:term":[{"taxonomy":"category","embeddable":true,"href":"https:\/\/diarioelpopular.com\/index.php\/wp-json\/wp\/v2\/categories?post=503471"},{"taxonomy":"post_tag","embeddable":true,"href":"https:\/\/diarioelpopular.com\/index.php\/wp-json\/wp\/v2\/tags?post=503471"}],"curies":[{"name":"wp","href":"https:\/\/api.w.org\/{rel}","templated":true}]}}