{"id":503487,"date":"2022-06-02T09:00:45","date_gmt":"2022-06-02T13:00:45","guid":{"rendered":"https:\/\/diarioelpopular.com\/?p=503487"},"modified":"2022-06-02T09:00:45","modified_gmt":"2022-06-02T13:00:45","slug":"colombia-murio-el-capo-del-cartel-de-cali","status":"publish","type":"post","link":"https:\/\/diarioelpopular.com\/index.php\/2022\/06\/02\/colombia-murio-el-capo-del-cartel-de-cali\/","title":{"rendered":"Colombia: Muri\u00f3 el capo del Cartel de Cali"},"content":{"rendered":"<p>&nbsp;<\/p>\n<p><img loading=\"lazy\" decoding=\"async\" class=\"alignnone size-custom-full-size wp-image-503488\" src=\"https:\/\/diarioelpopular.com\/wp-content\/uploads\/2022\/06\/d39402509130eea797bea0bc493bd70a.jpg\" alt=\"\" width=\"476\" height=\"410\" srcset=\"https:\/\/diarioelpopular.com\/wp-content\/uploads\/2022\/06\/d39402509130eea797bea0bc493bd70a.jpg 476w, https:\/\/diarioelpopular.com\/wp-content\/uploads\/2022\/06\/d39402509130eea797bea0bc493bd70a-300x258.jpg 300w, https:\/\/diarioelpopular.com\/wp-content\/uploads\/2022\/06\/d39402509130eea797bea0bc493bd70a-85x73.jpg 85w\" sizes=\"auto, (max-width: 476px) 100vw, 476px\" \/><\/p>\n<p><em>Gilberto Rodr\u00edguez Orejuela &#8220;El Ajedrecista&#8221;<\/em><\/p>\n<h4><em><strong>&#8211; &#8220;El Ajedrecista&#8221; libr\u00f3 una guerra contra Pablo Escobar<\/strong><\/em><\/h4>\n<p><em><strong>BOGOTA 2 JUN &#8211;<\/strong><\/em> Gilberto Rodr\u00edguez Orejuela &#8220;El Ajedrecista&#8221;, jefe junto a su hermano Miguel del llamado Cartel de Cali, muri\u00f3 a los 83 a\u00f1os en una prisi\u00f3n de Estados Unidos, a donde hab\u00eda sido extraditado hace 20 a\u00f1os, bajo acusaciones de narcotr\u00e1fico.<br \/>\nLa muerte del capo revivi\u00f3 las historias del narcotr\u00e1fico de los a\u00f1os 80 y 90, cuando en el escenario nacional e internacional emergieron figuras como Pablo Escobar, jefe del temido Cartel de Medell\u00edn y quien libr\u00f3 una guerra en dos frentes: contra el Estado colombiano y contra el Cartel de Cali.<br \/>\nFue la violencia del jefe mafioso de Medell\u00edn, lo que oblig\u00f3 a los hombres de Cali a adoptar una estrategia de defensa de su vida y dedicar parte de sus redes a dar con el paradero de Escobar, muerto el 2 de diciembre de 1993, en un operativo de las autoridades.<br \/>\nA diferencia de Escobar, que prefer\u00eda imponerse con la fuerza de los disparos, &#8220;El Ajedrecista&#8221; y su hermano, apodado &#8220;El Se\u00f1or&#8221;, optaron por una estrategia diferente: sobornar autoridades, hacerse con bancos, estaciones de radio, una cadena de farmacias, un equipo de f\u00fatbol profesional y patrocinar campa\u00f1as pol\u00edticas.<br \/>\nFue el Cartel de Cali el que gir\u00f3 los 6 millones de d\u00f3lares que fueron a dar a la campa\u00f1a presidencial de Ernesto Samper (1994-1998), quien acorralado por los hechos admiti\u00f3 que el hecho ocurri\u00f3 pero a sus espaldas.<br \/>\nLos hermanos Rodr\u00edguez Orejuela fueron propietarios del equipo de f\u00fatbol profesional Am\u00e9rica de Cali, que lleg\u00f3 a tener grandes figuras en su n\u00f3mina con las que disput\u00f3 y perdi\u00f3 varias finales de Copa Libertadores.<br \/>\nUna vez muerto Escobar, las autoridades se dieron a la caza de los miembros del Cartel de Cali, cuyos integrantes uno a uno fueron arrestados o murieron.<br \/>\nRodr\u00edguez Orejuela fue capturado el 9 de junio de 1995, al interior de un escondite que mand\u00f3 construir al interior de una lujosa casa en el norte de Cali.<br \/>\nTras pagar varios a\u00f1os de prisi\u00f3n sali\u00f3 libre, pero fue recapturado y extraditado en 2004 a Estados Unidos.<br \/>\nDos a\u00f1os despu\u00e9s fue condenado a 30 a\u00f1os de prisi\u00f3n y enviado a la c\u00e1rcel federal de Butner, en Carolina del Norte.<br \/>\nEn los \u00faltimos a\u00f1os, sus abogados pidieron clemencia ante el Tribunal que lo juzg\u00f3 debido a su precario estado de salud, producto de un c\u00e1ncer de pr\u00f3stata y otro de col\u00f3n, y ante el temor de ser contagiado con Covid-19.<br \/>\nSeg\u00fan el diario El Tiempo de Bogot\u00e1, que asegur\u00f3 tener &#8220;acceso al parte m\u00e9dico&#8221; sobre la muerte del capo, la causa de su deceso fue &#8220;una complicaci\u00f3n por un linfoma cerebral&#8221;.<\/p>\n","protected":false},"excerpt":{"rendered":"<p>&nbsp; Gilberto Rodr\u00edguez Orejuela &#8220;El Ajedrecista&#8221; &#8211; &#8220;El Ajedrecista&#8221; libr\u00f3 una guerra contra Pablo Escobar BOGOTA 2 JUN &#8211; Gilberto Rodr\u00edguez Orejuela &#8220;El Ajedrecista&#8221;, jefe&hellip;<\/p>\n","protected":false},"author":99,"featured_media":503488,"comment_status":"open","ping_status":"open","sticky":false,"template":"","format":"standard","meta":{"footnotes":""},"categories":[23],"tags":[],"class_list":["post-503487","post","type-post","status-publish","format-standard","has-post-thumbnail","hentry","category-latinoamerica"],"_links":{"self":[{"href":"https:\/\/diarioelpopular.com\/index.php\/wp-json\/wp\/v2\/posts\/503487","targetHints":{"allow":["GET"]}}],"collection":[{"href":"https:\/\/diarioelpopular.com\/index.php\/wp-json\/wp\/v2\/posts"}],"about":[{"href":"https:\/\/diarioelpopular.com\/index.php\/wp-json\/wp\/v2\/types\/post"}],"author":[{"embeddable":true,"href":"https:\/\/diarioelpopular.com\/index.php\/wp-json\/wp\/v2\/users\/99"}],"replies":[{"embeddable":true,"href":"https:\/\/diarioelpopular.com\/index.php\/wp-json\/wp\/v2\/comments?post=503487"}],"version-history":[{"count":1,"href":"https:\/\/diarioelpopular.com\/index.php\/wp-json\/wp\/v2\/posts\/503487\/revisions"}],"predecessor-version":[{"id":503489,"href":"https:\/\/diarioelpopular.com\/index.php\/wp-json\/wp\/v2\/posts\/503487\/revisions\/503489"}],"wp:featuredmedia":[{"embeddable":true,"href":"https:\/\/diarioelpopular.com\/index.php\/wp-json\/wp\/v2\/media\/503488"}],"wp:attachment":[{"href":"https:\/\/diarioelpopular.com\/index.php\/wp-json\/wp\/v2\/media?parent=503487"}],"wp:term":[{"taxonomy":"category","embeddable":true,"href":"https:\/\/diarioelpopular.com\/index.php\/wp-json\/wp\/v2\/categories?post=503487"},{"taxonomy":"post_tag","embeddable":true,"href":"https:\/\/diarioelpopular.com\/index.php\/wp-json\/wp\/v2\/tags?post=503487"}],"curies":[{"name":"wp","href":"https:\/\/api.w.org\/{rel}","templated":true}]}}