{"id":503498,"date":"2022-06-02T09:08:30","date_gmt":"2022-06-02T13:08:30","guid":{"rendered":"https:\/\/diarioelpopular.com\/?p=503498"},"modified":"2022-06-02T09:08:30","modified_gmt":"2022-06-02T13:08:30","slug":"justicia-italiana-investiga-a-exoficial-argentino","status":"publish","type":"post","link":"https:\/\/diarioelpopular.com\/index.php\/2022\/06\/02\/justicia-italiana-investiga-a-exoficial-argentino\/","title":{"rendered":"Justicia italiana investiga a exoficial argentino"},"content":{"rendered":"<p>&nbsp;<\/p>\n<p><img loading=\"lazy\" decoding=\"async\" class=\"alignnone size-custom-full-size wp-image-503499\" src=\"https:\/\/diarioelpopular.com\/wp-content\/uploads\/2022\/06\/91cddab65691fbe1f381bcf99e7f056e.jpg\" alt=\"\" width=\"476\" height=\"317\" srcset=\"https:\/\/diarioelpopular.com\/wp-content\/uploads\/2022\/06\/91cddab65691fbe1f381bcf99e7f056e.jpg 476w, https:\/\/diarioelpopular.com\/wp-content\/uploads\/2022\/06\/91cddab65691fbe1f381bcf99e7f056e-300x200.jpg 300w, https:\/\/diarioelpopular.com\/wp-content\/uploads\/2022\/06\/91cddab65691fbe1f381bcf99e7f056e-110x73.jpg 110w\" sizes=\"auto, (max-width: 476px) 100vw, 476px\" \/><\/p>\n<p><em>Justicia italiana investiga a exoficial argentino (foto: ANSA)<\/em><\/p>\n<h4><em><strong>Indaga sobre m\u00e1s de 30 v\u00edctimas del Plan C\u00f3ndor<\/strong><\/em><\/h4>\n<p><em><strong>ROMA 2 JUN &#8211;<\/strong><\/em> La fiscal\u00eda de Roma abri\u00f3 una investigaci\u00f3n contra un ex militar argentino por una causa de m\u00e1s de 30 v\u00edctimas en el marco del Plan C\u00f3ndor, un sistema de represi\u00f3n puesta en marcha por las juntas militares de Sudam\u00e9rica contra los opositores pol\u00edticos.<br \/>\nLos fiscales de Piazzale Clodio comenzaron una indagaci\u00f3n contra Carlos Luis Malatto, un teniente coronel del ej\u00e9rcito argentino que fue investigado por lo ocurrido durante la dictadura (1976-1983) en la provincia de San Juan entre 1976 y 1977.<br \/>\nEl ex militar argentino tiene tambi\u00e9n ciudadan\u00eda italiana y durante a\u00f1os estuvo viviendo en Sicilia, en Furnari.<br \/>\nLos fiscales investigan en este momento los casos de ocho muertes que terminaron en el archivo. Se trata de personas fallecidas o desaparecidas a fines de 1970.<br \/>\nEntre ellos se encuentra Juan Carlo Campora, por entonces rector de la Universidad de San Juan, Alberto Carbajal, exsecretario local del Partido Comunista, torturado y muerto en una celda, y Marie Anne Erize, la modelo y activista argentina, con ciudadan\u00eda francesa, de quien perdieron la pista durante lo que pas\u00f3 a llamarse la Guerra Sucia.<br \/>\nEl procedimiento, sin embargo, podr\u00eda extenderse a otras v\u00edctimas de aquellos a\u00f1os dram\u00e1ticos.<br \/>\nEl secretario de Estado para los derechos humanos de Argentina, Horacio Pietragalla Corti, present\u00f3 hoy a los fiscales romanos una integraci\u00f3n de la denuncia en la que se pide a los magistrados que investiguen otra treintena de casos ocurridos justamente en San Juan, Argentina, donde se llev\u00f3 a cabo la operaci\u00f3n coordinada por Malatto.<br \/>\nDe las 30 &#8220;nuevas&#8221; v\u00edctimas sobre las que solicita hacer verificaciones, siete fueron asesinadas y a 23 se les perdieron la pista.<br \/>\n&#8220;Para nosotros es muy importante estar aqu\u00ed hoy y mostrar la voluntad del Estado argentino de ser parte civil en estos juicios -dijo Pietragalla Corti tras reunirse con los investigadores-. Una forma de colaborar con la justicia italiana y darle un impulso al esfuerzo de los familiares de las v\u00edctimas. Es la primera vez que Argentina emprende una acci\u00f3n civil por estos delitos fuera del pa\u00eds&#8221;.<br \/>\n&#8220;Queremos adelantar la posibilidad de realizar juicios en Italia, para reafirmar el proceso de verdad, memoria y justicia.<br \/>\nEn Argentina sono m\u00e1s de 1.040 personas que fueron condenadas -agreg\u00f3- por cr\u00edmenes de lesa humanidad respecto a los hechos ocurridos durante los a\u00f1os de la dictadura militar&#8221;.<br \/>\nEn tanto, el juicio del excomandante de la Armada de Uruguay, Jorge N\u00e9stor Troccoli, por los asesinatos de la ciudadana italiana Raffaella Giuliana Filippazzi y Augustin Potenza y Elena Quinteros, est\u00e1 fijado para el pr\u00f3ximo 14 de julio, ante la Sala III de lo Penal.<br \/>\nTroccoli se encuentra actualmente recluido en la prisi\u00f3n de Carinola, en la provincia de Caserta, tras recibir una sentencia a cadena perpetua en el juicio por la muerte de una veintena de desaparecidos.<\/p>\n","protected":false},"excerpt":{"rendered":"<p>&nbsp; Justicia italiana investiga a exoficial argentino (foto: ANSA) Indaga sobre m\u00e1s de 30 v\u00edctimas del Plan C\u00f3ndor ROMA 2 JUN &#8211; La fiscal\u00eda de&hellip;<\/p>\n","protected":false},"author":99,"featured_media":503499,"comment_status":"open","ping_status":"open","sticky":false,"template":"","format":"standard","meta":{"footnotes":""},"categories":[23],"tags":[],"class_list":["post-503498","post","type-post","status-publish","format-standard","has-post-thumbnail","hentry","category-latinoamerica"],"_links":{"self":[{"href":"https:\/\/diarioelpopular.com\/index.php\/wp-json\/wp\/v2\/posts\/503498","targetHints":{"allow":["GET"]}}],"collection":[{"href":"https:\/\/diarioelpopular.com\/index.php\/wp-json\/wp\/v2\/posts"}],"about":[{"href":"https:\/\/diarioelpopular.com\/index.php\/wp-json\/wp\/v2\/types\/post"}],"author":[{"embeddable":true,"href":"https:\/\/diarioelpopular.com\/index.php\/wp-json\/wp\/v2\/users\/99"}],"replies":[{"embeddable":true,"href":"https:\/\/diarioelpopular.com\/index.php\/wp-json\/wp\/v2\/comments?post=503498"}],"version-history":[{"count":1,"href":"https:\/\/diarioelpopular.com\/index.php\/wp-json\/wp\/v2\/posts\/503498\/revisions"}],"predecessor-version":[{"id":503500,"href":"https:\/\/diarioelpopular.com\/index.php\/wp-json\/wp\/v2\/posts\/503498\/revisions\/503500"}],"wp:featuredmedia":[{"embeddable":true,"href":"https:\/\/diarioelpopular.com\/index.php\/wp-json\/wp\/v2\/media\/503499"}],"wp:attachment":[{"href":"https:\/\/diarioelpopular.com\/index.php\/wp-json\/wp\/v2\/media?parent=503498"}],"wp:term":[{"taxonomy":"category","embeddable":true,"href":"https:\/\/diarioelpopular.com\/index.php\/wp-json\/wp\/v2\/categories?post=503498"},{"taxonomy":"post_tag","embeddable":true,"href":"https:\/\/diarioelpopular.com\/index.php\/wp-json\/wp\/v2\/tags?post=503498"}],"curies":[{"name":"wp","href":"https:\/\/api.w.org\/{rel}","templated":true}]}}