{"id":503501,"date":"2022-06-02T09:23:38","date_gmt":"2022-06-02T13:23:38","guid":{"rendered":"https:\/\/diarioelpopular.com\/?p=503501"},"modified":"2022-06-02T09:23:38","modified_gmt":"2022-06-02T13:23:38","slug":"los-doce-apostoles-el-motin-que-termino-con-empanadas-de-carne-humana","status":"publish","type":"post","link":"https:\/\/diarioelpopular.com\/index.php\/2022\/06\/02\/los-doce-apostoles-el-motin-que-termino-con-empanadas-de-carne-humana\/","title":{"rendered":"&#8216;Los doce ap\u00f3stoles\u2019: el mot\u00edn que termin\u00f3 con empanadas de carne humana"},"content":{"rendered":"<p>&nbsp;<\/p>\n<p><img loading=\"lazy\" decoding=\"async\" class=\"alignnone size-custom-full-size wp-image-503502\" src=\"https:\/\/diarioelpopular.com\/wp-content\/uploads\/2022\/06\/SIERRA-CHICA042-636x436.jpg\" alt=\"\" width=\"636\" height=\"436\" srcset=\"https:\/\/diarioelpopular.com\/wp-content\/uploads\/2022\/06\/SIERRA-CHICA042-636x436.jpg 636w, https:\/\/diarioelpopular.com\/wp-content\/uploads\/2022\/06\/SIERRA-CHICA042-300x206.jpg 300w, https:\/\/diarioelpopular.com\/wp-content\/uploads\/2022\/06\/SIERRA-CHICA042-768x526.jpg 768w, https:\/\/diarioelpopular.com\/wp-content\/uploads\/2022\/06\/SIERRA-CHICA042-1200x823.jpg 1200w, https:\/\/diarioelpopular.com\/wp-content\/uploads\/2022\/06\/SIERRA-CHICA042-80x55.jpg 80w, https:\/\/diarioelpopular.com\/wp-content\/uploads\/2022\/06\/SIERRA-CHICA042-107x73.jpg 107w, https:\/\/diarioelpopular.com\/wp-content\/uploads\/2022\/06\/SIERRA-CHICA042.jpg 1024w\" sizes=\"auto, (max-width: 636px) 100vw, 636px\" \/><\/p>\n<p><em>El mot\u00edn ocurri\u00f3 en la Unidad Penal N\u00famero 2 de Sierra Chica, en Argentina.<\/em><\/p>\n<p><em>Foto archivo<\/em><\/p>\n<p><em><strong>&#8211; El mot\u00edn tuvo una duraci\u00f3n de ocho d\u00edas en los cuales varias personas fueron rehenes.<\/strong><\/em><\/p>\n<p>El 30 de marzo de 1996 un grupo de hombres privados de la libertad que fueron llamados<b>\u00a0l<\/b>os \u2018Doce Ap\u00f3stoles\u2019 tomaron 17 rehenes, mataron a ocho personas y cocinaron comida con partes de su cuerpo.<\/p>\n<p><img loading=\"lazy\" decoding=\"async\" class=\"alignnone size-custom-full-size wp-image-503503\" src=\"https:\/\/diarioelpopular.com\/wp-content\/uploads\/2022\/06\/GENTE-SIERRA-CHICA-0023-MCV1-636x424.jpg\" alt=\"\" width=\"636\" height=\"424\" srcset=\"https:\/\/diarioelpopular.com\/wp-content\/uploads\/2022\/06\/GENTE-SIERRA-CHICA-0023-MCV1-636x424.jpg 636w, https:\/\/diarioelpopular.com\/wp-content\/uploads\/2022\/06\/GENTE-SIERRA-CHICA-0023-MCV1-300x200.jpg 300w, https:\/\/diarioelpopular.com\/wp-content\/uploads\/2022\/06\/GENTE-SIERRA-CHICA-0023-MCV1-768x512.jpg 768w, https:\/\/diarioelpopular.com\/wp-content\/uploads\/2022\/06\/GENTE-SIERRA-CHICA-0023-MCV1-1200x801.jpg 1200w, https:\/\/diarioelpopular.com\/wp-content\/uploads\/2022\/06\/GENTE-SIERRA-CHICA-0023-MCV1-109x73.jpg 109w, https:\/\/diarioelpopular.com\/wp-content\/uploads\/2022\/06\/GENTE-SIERRA-CHICA-0023-MCV1.jpg 1024w\" sizes=\"auto, (max-width: 636px) 100vw, 636px\" \/><\/p>\n<p><em>Preparando empanadas con carne humana<\/em><\/p>\n<p>&nbsp;<\/p>\n<p>Entre los rehenes se encontraban la jueza Mar\u00eda Mercedes Mal\u00e9re y el secretario del Juzgado.<\/p>\n<p>El suceso, que adem\u00e1s dur\u00f3 ocho d\u00edas, ocurri\u00f3 en la Unidad Penal N\u00famero 2 de Sierra Chica, en Argentina. La idea general de los presos era lograr fugarse en el s\u00e1bado de Semana Santa, pues era un d\u00eda en el que, seg\u00fan ellos, la seguridad era m\u00e1s ligera.<\/p>\n<p>Al parecer, cuando los guardias de la c\u00e1rcel abrieron fuego ante quienes quer\u00edan huir, los \u2018Doce Ap\u00f3stoles\u2019 respondieron de la misma manera, pues hab\u00edan logrado entrar un arma de fuego a la c\u00e1rcel con anterioridad.<\/p>\n<p>Jorge Kr\u00f6hling, un guardia de seguridad que se entreg\u00f3 como reh\u00e9n a cambio de uno de sus compa\u00f1eros que estaba herido, habl\u00f3 en un reportaje del medio argentino \u2018Infobae\u2019 sobre lo que fue esta experiencia, a la que describi\u00f3 como\u00a0\u201c<i>un infierno en la Tierra<\/i>\u201d.<\/p>\n<p>Lo que comenz\u00f3 como un intento de huida se convirti\u00f3 en una guerra interna entre dos bandos enemigos que hab\u00eda dentro de la c\u00e1rcel. Por un lado, estaban los \u2018Doce Ap\u00f3stoles\u2019 y por el otro, un grupo dirigido por el preso Agapito Lencinas.<\/p>\n<p>Kr\u00f6hling comparti\u00f3 en la entrevista momentos escalofriantes a los que se enfrent\u00f3 durante esos ocho d\u00edas: \u201c<i>Lastimaron a mucha gente (los \u2018Doce Ap\u00f3stoles\u2019). Yo vi c\u00f3mo descuartizaban. El sonido que hace un cuerpo cortado es especial, no es como cortar una vaca. No es comparable a nada<\/i>\u201d.<\/p>\n<p>Por lo que recuerda el exguardia del suceso,\u00a0el nivel de violencia que se llev\u00f3 a cabo esos d\u00edas y las im\u00e1genes a las que tuvo que enfrentarse fueron algo que le cambi\u00f3 por completo la vida.<\/p>\n<p>Puntualmente, recuerda que los dirigentes del mot\u00edn mataron a Agapito Lencinas, l\u00edder de su grupo enemigo, con dos balazos y dos \u201cfacazos\u201d para despu\u00e9s arrancarle los ojos y la lengua y exponerlo \u201ccomo crucificado\u201d contra una reja de la correccional.<\/p>\n<p>Los cuerpos de los muertos llegaron a ser apilados en una esquina, e incluso as\u00ed no acababa la tortura: \u201c<i>Yo vi c\u00f3mo agarraron una cabeza y jugaron a la pelota<\/i>\u201d.<\/p>\n<p>Sin embargo, este \u00faltimo juego lo desminti\u00f3 el \u2018Gitano\u2019 Ariel Acu\u00f1a, uno de los \u2018Ap\u00f3stoles\u2019, quien tambi\u00e9n le dio una entrevista a \u2018Infobae\u2019. All\u00ed, el exconvicto que ahora es\u00a0<i>youtuber<\/i>, dijo que eso jam\u00e1s pas\u00f3 y que no hicieron ning\u00fan tipo de \u201critual\u201d con los cuerpos.<\/p>\n<p>Seg\u00fan explica \u00e9l, descuartizarlos y quemarlos en el horno de la cocina de la c\u00e1rcel fue \u00fanicamente una t\u00e1ctica para que no quedara rastro de los hechos y no los pudieran culpar por homicidio.<\/p>\n<p>Lo que s\u00ed confirm\u00f3 \u2018El Gitano\u2019 fue el hecho de que los cuerpos de algunos presos, espec\u00edficamente la carne de los gl\u00fateos, fueron utilizados para hacer empanadas para d\u00e1rselas a los guardias de seguridad que, despu\u00e9s de comer, fueron informados de qu\u00e9 estaban hechas.<\/p>\n<p>Seg\u00fan recuerdan ambos hombres,\u00a0los \u2018Doce Ap\u00f3stoles\u2019 se entregaron a la justicia despu\u00e9s de ocho d\u00edas.<\/p>\n<p>Kr\u00f6hling comenta a \u2018Infobae\u2019 que probablemente esto se debi\u00f3 a que los reclusos estaban cansados, \u201c<i>se les hab\u00eda acabado la droga y el resto de la poblaci\u00f3n carcelaria se estaba hartando. Seguro iban a terminar atacando a los Ap\u00f3stoles<\/i>\u201d.<\/p>\n<p>Se entregaron con la \u00fanica condici\u00f3n de ser trasladados a un nuevo recinto.<\/p>\n<div class=\"col2\">\n<div class=\"articulo-contenido\">\n<div class=\"modulos public-side\">\n<p id=\"p676940-m507-506-508\" class=\"contenido \">El 30 de marzo de 1996 un grupo de hombres privados de la libertad que fueron llamados los \u2018Doce Ap\u00f3stoles\u2019 tomaron 17 rehenes, mataron a ocho personas y cocinaron comida con partes de su cuerpo.<\/p>\n<p id=\"p676940-m596-3-597\" class=\"contenido \">Entre los rehenes se encontraban la jueza Mar\u00eda Mercedes Mal\u00e9re y el secretario del Juzgado.<\/p>\n<p><strong><em><span id=\"p676940-m602-4-603\" class=\"articulo-subtitulo \">\u00bfQu\u00e9 sucedi\u00f3?<\/span><\/em><\/strong><\/p>\n<p id=\"p676940-m608-5-609\" class=\"contenido \">El suceso, que adem\u00e1s dur\u00f3 ocho d\u00edas, ocurri\u00f3 en la Unidad Penal N\u00famero 2 de Sierra Chica, en Argentina. La idea general de los presos era lograr fugarse en el s\u00e1bado de Semana Santa, pues era un d\u00eda en el que, seg\u00fan ellos, la seguridad era m\u00e1s ligera.<\/p>\n<p>Al parecer, cuando los guardias de la c\u00e1rcel abrieron fuego ante quienes quer\u00edan huir, los \u2018Doce Ap\u00f3stoles\u2019 respondieron de la misma manera, pues hab\u00edan logrado entrar un arma de fuego a la c\u00e1rcel con anterioridad.<\/p>\n<p>Jorge Kr\u00f6hling, un guardia de seguridad que se entreg\u00f3 como reh\u00e9n a cambio de uno de sus compa\u00f1eros que estaba herido, habl\u00f3 en un reportaje del medio argentino \u2018Infobae\u2019 sobre lo que fue esta experiencia, a la que describi\u00f3 como<b>\u00a0<\/b>\u201c<i>un infierno en la Tierra<\/i>\u201d.<\/p>\n<p>Lo que comenz\u00f3 como un intento de huida se convirti\u00f3 en una guerra interna entre dos bandos enemigos que hab\u00eda dentro de la c\u00e1rcel. Por un lado, estaban los \u2018Doce Ap\u00f3stoles\u2019 y por el otro, un grupo dirigido por el preso Agapito Lencinas.<\/p>\n<p id=\"p676940-m626-8-627\" class=\"contenido \">Kr\u00f6hling comparti\u00f3 en la entrevista momentos escalofriantes a los que se enfrent\u00f3 durante esos ocho d\u00edas: \u201c<i>Lastimaron a mucha gente (los \u2018Doce Ap\u00f3stoles\u2019). Yo vi c\u00f3mo descuartizaban. El sonido que hace un cuerpo cortado es especial, no es como cortar una vaca. No es comparable a nada<\/i>\u201d.<\/p>\n<p>Por lo que recuerda el exguardia del suceso,\u00a0el nivel de violencia que se llev\u00f3 a cabo esos d\u00edas y las im\u00e1genes a las que tuvo que enfrentarse fueron algo que le cambi\u00f3 por completo la vida.<\/p>\n<p>Puntualmente, recuerda que los dirigentes del mot\u00edn mataron a Agapito Lencinas, l\u00edder de su grupo enemigo, con dos balazos y dos \u201cfacazos\u201d para despu\u00e9s arrancarle los ojos y la lengua y exponerlo \u201ccomo crucificado\u201d contra una reja de la correccional.<\/p>\n<p>Los cuerpos de los muertos llegaron a ser apilados en una esquina, e incluso as\u00ed no acababa la tortura: \u201c<i>Yo vi c\u00f3mo agarraron una cabeza y jugaron a la pelota<\/i>\u201d.<\/p>\n<p id=\"p676940-m638-10-639\" class=\"contenido \">Sin embargo, este \u00faltimo juego lo desminti\u00f3 el \u2018Gitano\u2019 Ariel Acu\u00f1a, uno de los \u2018Ap\u00f3stoles\u2019, quien tambi\u00e9n le dio una entrevista a \u2018Infobae\u2019. All\u00ed, el exconvicto que ahora es\u00a0<i>youtuber<\/i>, dijo que eso jam\u00e1s pas\u00f3 y que no hicieron ning\u00fan tipo de \u201critual\u201d con los cuerpos.<\/p>\n<p>Seg\u00fan explica \u00e9l, descuartizarlos y quemarlos en el horno de la cocina de la c\u00e1rcel fue \u00fanicamente una t\u00e1ctica para que no quedara rastro de los hechos y no los pudieran culpar por homicidio.<\/p>\n<p>Lo que s\u00ed confirm\u00f3 \u2018El Gitano\u2019 fue el hecho de que los cuerpos de algunos presos, espec\u00edficamente la carne de los gl\u00fateos, fueron utilizados para hacer empanadas para d\u00e1rselas a los guardias de seguridad que, despu\u00e9s de comer, fueron informados de qu\u00e9 estaban hechas.<\/p>\n<p><em><strong><span id=\"p676940-m650-12-651\" class=\"articulo-subtitulo \">\u00bfC\u00f3mo acab\u00f3?<\/span><\/strong><\/em><\/p>\n<p id=\"p676940-m656-13-657\" class=\"contenido \">Seg\u00fan recuerdan ambos hombres,\u00a0los \u2018Doce Ap\u00f3stoles\u2019 se entregaron a la justicia despu\u00e9s de ocho d\u00edas.<\/p>\n<p>Kr\u00f6hling comenta a \u2018Infobae\u2019 que probablemente esto se debi\u00f3 a que los reclusos estaban cansados, \u201c<i>se les hab\u00eda acabado la droga y el resto de la poblaci\u00f3n carcelaria se estaba hartando. Seguro iban a terminar atacando a los Ap\u00f3stoles<\/i>\u201d.<\/p>\n<p>Se entregaron con la \u00fanica condici\u00f3n de ser trasladados a un nuevo recinto.<\/p>\n<p><em><strong><span id=\"p676940-m674-16-675\" class=\"articulo-subtitulo \">\u00bfQu\u00e9 pas\u00f3 con los \u2018Doce ap\u00f3stoles\u2019?<\/span><\/strong><\/em><\/p>\n<p id=\"p676940-m680-17-681\" class=\"contenido \">Algo que aclar\u00f3 el \u2018Gitano\u2019 es que ni eran doce, ni eran ap\u00f3stoles. Seg\u00fan \u00e9l, el nombre se dio porque el suceso ocurri\u00f3 en Semana Santa, pero los implicados eran alrededor de 17.<\/p>\n<p>Entre algunos de los nombres que la justicia asoci\u00f3 con el caso est\u00e1n Marcelo Brand\u00e1n Ju\u00e1rez, Miguel \u00c1ngel Acevedo, Jorge Alberto Pedraza -quien fue identificado como uno de los cabecillas-, Victor Esquivel, Ariel Acu\u00f1a, Carlos Villalva, entre otros.<\/p>\n<p>En el 2000 se dio el juicio para la condena sobre lo que hab\u00eda sucedido en el mot\u00edn y aunque los acusados se defendieron diciendo que no hab\u00eda cuerpos por los que ser se\u00f1alados de \u201chomicidio simple\u201d, entre otros delitos, esto no fue v\u00e1lido debido a que cuando\u00a0las autoridades volvieron a tener control de la unidad penitenciaria faltaban algunos reclusos.<\/p>\n<p>En el momento, los hombres fueron condenados a entre 12 y 15 a\u00f1os de prisi\u00f3n.<\/p>\n<p>Su destino no ha sido el mejor, algunos de ellos contin\u00faan cumpliendo condenas tras salir y volver a ser retenidos, otros murieron en prisi\u00f3n a causa de ri\u00f1as internas de las c\u00e1rceles o en libertad debido a enfermedades o enfrentamientos con otras personas.<\/p>\n<p>&nbsp;<\/p>\n<\/div>\n<\/div>\n<\/div>\n","protected":false},"excerpt":{"rendered":"<p>&nbsp; El mot\u00edn ocurri\u00f3 en la Unidad Penal N\u00famero 2 de Sierra Chica, en Argentina. Foto archivo &#8211; El mot\u00edn tuvo una duraci\u00f3n de ocho&hellip;<\/p>\n","protected":false},"author":99,"featured_media":503502,"comment_status":"open","ping_status":"open","sticky":false,"template":"","format":"standard","meta":{"footnotes":""},"categories":[11358,23],"tags":[],"class_list":["post-503501","post","type-post","status-publish","format-standard","has-post-thumbnail","hentry","category-especiales","category-latinoamerica"],"_links":{"self":[{"href":"https:\/\/diarioelpopular.com\/index.php\/wp-json\/wp\/v2\/posts\/503501","targetHints":{"allow":["GET"]}}],"collection":[{"href":"https:\/\/diarioelpopular.com\/index.php\/wp-json\/wp\/v2\/posts"}],"about":[{"href":"https:\/\/diarioelpopular.com\/index.php\/wp-json\/wp\/v2\/types\/post"}],"author":[{"embeddable":true,"href":"https:\/\/diarioelpopular.com\/index.php\/wp-json\/wp\/v2\/users\/99"}],"replies":[{"embeddable":true,"href":"https:\/\/diarioelpopular.com\/index.php\/wp-json\/wp\/v2\/comments?post=503501"}],"version-history":[{"count":1,"href":"https:\/\/diarioelpopular.com\/index.php\/wp-json\/wp\/v2\/posts\/503501\/revisions"}],"predecessor-version":[{"id":503504,"href":"https:\/\/diarioelpopular.com\/index.php\/wp-json\/wp\/v2\/posts\/503501\/revisions\/503504"}],"wp:featuredmedia":[{"embeddable":true,"href":"https:\/\/diarioelpopular.com\/index.php\/wp-json\/wp\/v2\/media\/503502"}],"wp:attachment":[{"href":"https:\/\/diarioelpopular.com\/index.php\/wp-json\/wp\/v2\/media?parent=503501"}],"wp:term":[{"taxonomy":"category","embeddable":true,"href":"https:\/\/diarioelpopular.com\/index.php\/wp-json\/wp\/v2\/categories?post=503501"},{"taxonomy":"post_tag","embeddable":true,"href":"https:\/\/diarioelpopular.com\/index.php\/wp-json\/wp\/v2\/tags?post=503501"}],"curies":[{"name":"wp","href":"https:\/\/api.w.org\/{rel}","templated":true}]}}