{"id":503530,"date":"2022-06-03T10:09:25","date_gmt":"2022-06-03T14:09:25","guid":{"rendered":"https:\/\/diarioelpopular.com\/?p=503530"},"modified":"2022-06-03T10:09:25","modified_gmt":"2022-06-03T14:09:25","slug":"sumido-en-crisis-peru-descuida-la-proteccion-de-la-amazonia","status":"publish","type":"post","link":"https:\/\/diarioelpopular.com\/index.php\/2022\/06\/03\/sumido-en-crisis-peru-descuida-la-proteccion-de-la-amazonia\/","title":{"rendered":"Sumido en crisis, Per\u00fa descuida la protecci\u00f3n de la Amazon\u00eda"},"content":{"rendered":"<p>&nbsp;<\/p>\n<p><img loading=\"lazy\" decoding=\"async\" class=\"alignnone size-custom-full-size wp-image-503531\" src=\"https:\/\/diarioelpopular.com\/wp-content\/uploads\/2022\/06\/PER---AMAZONIA-DEFORESTACI--N_83888-636x358.jpg\" alt=\"\" width=\"636\" height=\"358\" srcset=\"https:\/\/diarioelpopular.com\/wp-content\/uploads\/2022\/06\/PER---AMAZONIA-DEFORESTACI--N_83888-636x358.jpg 636w, https:\/\/diarioelpopular.com\/wp-content\/uploads\/2022\/06\/PER---AMAZONIA-DEFORESTACI--N_83888-300x169.jpg 300w, https:\/\/diarioelpopular.com\/wp-content\/uploads\/2022\/06\/PER---AMAZONIA-DEFORESTACI--N_83888-768x432.jpg 768w, https:\/\/diarioelpopular.com\/wp-content\/uploads\/2022\/06\/PER---AMAZONIA-DEFORESTACI--N_83888-130x73.jpg 130w, https:\/\/diarioelpopular.com\/wp-content\/uploads\/2022\/06\/PER---AMAZONIA-DEFORESTACI--N_83888.jpg 1024w\" sizes=\"auto, (max-width: 636px) 100vw, 636px\" \/><\/p>\n<p><em>En esta imagen de archivo se ve la deforestaci\u00f3n de lo que alguna vez fue selva virgen debido a la miner\u00eda de oro, durante un operativo gubernamental en contra de las operaciones mineras il\u00edcitas en La Pampa, en la regi\u00f3n de Madre de Dios, Per\u00fa.\u00a0 \u00a0 \u00a0 \u00a0 \u00a0 \u00a0 \u00a0 \u00a0 \u00a0 \u00a0 \u00a0 \u00a0 \u00a0 \u00a0 \u00a0 \u00a0 \u00a0 \u00a0 \u00a0 \u00a0 \u00a0 \u00a0 \u00a0(AP Foto\/Rodrigo Abd, archivo) RODRIGO ABD AP<\/em><\/p>\n<p>&nbsp;<\/p>\n<h4><em><strong>&#8211; Per\u00fa se ha sumido en una de las peores crisis pol\u00edticas de su historia y la protecci\u00f3n de su selva tropical amaz\u00f3nica est\u00e1 fracasando, seg\u00fan un informe publicado este jueves. <\/strong><\/em><\/h4>\n<p>El pa\u00eds sudamericano alberga la segunda porci\u00f3n m\u00e1s grande de la Amazon\u00eda, s\u00f3lo detr\u00e1s de Brasil. El gobierno peruano se hab\u00eda comprometido a detener la deforestaci\u00f3n para 2021. Per\u00fa se encuentra inmerso en una turbulencia pol\u00edtica desde 2016.<\/p>\n<p>Esc\u00e1ndalos de corrupci\u00f3n y disputas entre el poder ejecutivo y el legislativo han derivado en una intensa rotaci\u00f3n de presidentes: Cuatro de ellos en cinco a\u00f1os. El mandatario actual, el izquierdista Pedro Castillo, ya sobrevivi\u00f3 a dos intentos de juicio pol\u00edtico desde que asumi\u00f3 el cargo en julio de 2021.<\/p>\n<p>La Amazon\u00eda peruana es inmensa, m\u00e1s grande que Ucrania, con cerca de 68 millones de hect\u00e1reas (168 millones de acres). Alberga el nacimiento del r\u00edo Amazonas y el Parque Nacional Man\u00fa, una de las \u00e1reas de mayor diversidad biol\u00f3gica del mundo. Es una zona de transici\u00f3n entre la cordillera de los Andes y las zonas bajas de la selva, ricas en microclimas y ecolog\u00eda.<\/p>\n<p>Pero el Proyecto de Monitoreo de la Amazon\u00eda Andina (MAAP por sus iniciales en ingl\u00e9s), una iniciativa de la organizaci\u00f3n sin fines de lucro Amazon Conservation Association, reporta que la deforestaci\u00f3n en la Amazon\u00eda peruana ha alcanzado seis m\u00e1ximos hist\u00f3ricos en los \u00faltimos 10 a\u00f1os. El an\u00e1lisis se basa en datos de la Universidad de Maryland, que lleva registros desde 2002.<\/p>\n<p>El peor a\u00f1o registrado fue 2020, cuando Per\u00fa perdi\u00f3 unas 170.000 hect\u00e1reas (420.000 acres) de selva amaz\u00f3nica. La cifra se redujo el a\u00f1o pasado, pero sigui\u00f3 siendo la sexta m\u00e1s alta de la que se tenga registro. Datos oficiales de Per\u00fa, que s\u00f3lo llegan hasta 2020, coinciden. Autoridades corruptas que se benefician de los delitos ambientales, junto con la crisis pol\u00edtica, han derivado en una falta de capacidad gubernamental para combatir este tipo de cr\u00edmenes, se\u00f1ala el texto. \u201cAdicionalmente, el gobierno peruano sigue d\u00e1ndole prioridad al desarrollo econ\u00f3mico sobre la protecci\u00f3n de la selva amaz\u00f3nica\u201d, agrega.<\/p>\n<p>El Instituto Igarap\u00e9 encarg\u00f3 el informe a InSight Crime, una organizaci\u00f3n sin fines de lucro que se enfoca en investigar la delincuencia en Latinoam\u00e9rica. Al igual que en la Amazon\u00eda brasile\u00f1a, la actividad ganadera y la agr\u00edcola son las principales impulsoras de la deforestaci\u00f3n. Las compa\u00f1\u00edas agroindustriales y los migrantes pobres de otras partes del Per\u00fa ocupan tierras de forma ilegal.<\/p>\n<p>Otras actividades il\u00edcitas que perjudican la selva son la miner\u00eda de oro, la tala y los plant\u00edos de coca. \u201cLa agricultura ya se encuentra firmemente establecida\u201d y es el factor principal de la deforestaci\u00f3n, concentr\u00e1ndose en la parte centro y sur de la Amazon\u00eda peruana, dijo el director de MAAP, Matt Finer. \u201cEsto incluye la agricultura generalizada a peque\u00f1a escala y las actividades recientes a gran escala de las nuevas colonias menonitas\u201d.<\/p>\n<p>El informe, titulado \u201cLas Ra\u00edces del Crimen Ambiental en la Amazon\u00eda Peruana\u201d, identifica tres actores causantes de la deforestaci\u00f3n: Las grandes empresas, tales como las compa\u00f1\u00edas de aceite de palma; las redes delictivas empresariales, que lucran con el comercio de madera, tierras o drogas; y la mano de obra barata, trabajadores mal pagados que derriban \u00e1rboles y plantan coca.<\/p>\n<p>Los productos de estas actividades il\u00edcitas van a parar a otras partes del mundo. La mayor\u00eda de las exportaciones de oro van a Suiza, Estados Unidos, India y Canad\u00e1. El mercado local peruano se queda con la mayor\u00eda de la madera, y lo que se exporta va principalmente a China.<\/p>\n<p>Aproximadamente el 28% de la producci\u00f3n de oro peruano es ilegal, seg\u00fan la investigaci\u00f3n de Insight Crime, que tambi\u00e9n estima que la mayor parte de la extracci\u00f3n maderera se lleva a cabo sin permisos. En el marco de un encuentro sobre cambio clim\u00e1tico en R\u00edo de Janeiro organizado por el Centro Brasile\u00f1o de Relaciones Internacionales, Manuel Pulgar-Vidal, exministro del Ambiente de Per\u00fa, dijo en una entrevista con The Associated Press que la crisis pol\u00edtica peruana ha provocado que muchos se distraigan de los problemas ambientales, y se\u00f1al\u00f3 que la pandemia y la guerra en Ucrania han magnificado esos problemas.<\/p>\n<p>El gobierno actual tambi\u00e9n promueve actividades como la miner\u00eda ilegal y la tala ilegal, denunci\u00f3. El exministro relacion\u00f3 esto con las muertes de numerosos activistas ambientales, por las cuales no ha sido enjuiciado nadie. El Ministerio del Ambiente de Per\u00fa no respondi\u00f3 el lunes a llamadas ni a correos electr\u00f3nicos solicit\u00e1ndole comentarios sobre la situaci\u00f3n actual de la Amazon\u00eda.<\/p>\n<p>Esta es la selva tropical m\u00e1s grande del mundo y un enorme captador de carbono. Existe una extendida preocupaci\u00f3n de que su destrucci\u00f3n no s\u00f3lo libere inmensas cantidades de carbono a la atm\u00f3sfera, lo que opacar\u00eda a\u00fan m\u00e1s las esperanzas de desacelerar el cambio clim\u00e1tico, sino que tambi\u00e9n llevar\u00eda a este m\u00e1s all\u00e1 del punto de inflexi\u00f3n, despu\u00e9s del cual gran parte de la selva entrar\u00eda en un proceso irreversible de degradaci\u00f3n a sabana tropical.<\/p>\n","protected":false},"excerpt":{"rendered":"<p>&nbsp; En esta imagen de archivo se ve la deforestaci\u00f3n de lo que alguna vez fue selva virgen debido a la miner\u00eda de oro, durante&hellip;<\/p>\n","protected":false},"author":99,"featured_media":503531,"comment_status":"open","ping_status":"open","sticky":false,"template":"","format":"standard","meta":{"footnotes":""},"categories":[11358,23],"tags":[],"class_list":["post-503530","post","type-post","status-publish","format-standard","has-post-thumbnail","hentry","category-especiales","category-latinoamerica"],"_links":{"self":[{"href":"https:\/\/diarioelpopular.com\/index.php\/wp-json\/wp\/v2\/posts\/503530","targetHints":{"allow":["GET"]}}],"collection":[{"href":"https:\/\/diarioelpopular.com\/index.php\/wp-json\/wp\/v2\/posts"}],"about":[{"href":"https:\/\/diarioelpopular.com\/index.php\/wp-json\/wp\/v2\/types\/post"}],"author":[{"embeddable":true,"href":"https:\/\/diarioelpopular.com\/index.php\/wp-json\/wp\/v2\/users\/99"}],"replies":[{"embeddable":true,"href":"https:\/\/diarioelpopular.com\/index.php\/wp-json\/wp\/v2\/comments?post=503530"}],"version-history":[{"count":1,"href":"https:\/\/diarioelpopular.com\/index.php\/wp-json\/wp\/v2\/posts\/503530\/revisions"}],"predecessor-version":[{"id":503532,"href":"https:\/\/diarioelpopular.com\/index.php\/wp-json\/wp\/v2\/posts\/503530\/revisions\/503532"}],"wp:featuredmedia":[{"embeddable":true,"href":"https:\/\/diarioelpopular.com\/index.php\/wp-json\/wp\/v2\/media\/503531"}],"wp:attachment":[{"href":"https:\/\/diarioelpopular.com\/index.php\/wp-json\/wp\/v2\/media?parent=503530"}],"wp:term":[{"taxonomy":"category","embeddable":true,"href":"https:\/\/diarioelpopular.com\/index.php\/wp-json\/wp\/v2\/categories?post=503530"},{"taxonomy":"post_tag","embeddable":true,"href":"https:\/\/diarioelpopular.com\/index.php\/wp-json\/wp\/v2\/tags?post=503530"}],"curies":[{"name":"wp","href":"https:\/\/api.w.org\/{rel}","templated":true}]}}