{"id":503552,"date":"2022-06-04T12:04:15","date_gmt":"2022-06-04T16:04:15","guid":{"rendered":"https:\/\/diarioelpopular.com\/?p=503552"},"modified":"2022-06-04T12:04:15","modified_gmt":"2022-06-04T16:04:15","slug":"bukele-dice-estar-cerca-de-ganar-guerra-contra-pandillas-en-el-salvador","status":"publish","type":"post","link":"https:\/\/diarioelpopular.com\/index.php\/2022\/06\/04\/bukele-dice-estar-cerca-de-ganar-guerra-contra-pandillas-en-el-salvador\/","title":{"rendered":"Bukele dice estar cerca de ganar guerra contra pandillas en El Salvador"},"content":{"rendered":"<p>&nbsp;<\/p>\n<p><img loading=\"lazy\" decoding=\"async\" class=\"alignnone size-custom-full-size wp-image-503553\" src=\"https:\/\/diarioelpopular.com\/wp-content\/uploads\/2022\/06\/62004440_101-636x358.jpg\" alt=\"\" width=\"636\" height=\"358\" srcset=\"https:\/\/diarioelpopular.com\/wp-content\/uploads\/2022\/06\/62004440_101-636x358.jpg 636w, https:\/\/diarioelpopular.com\/wp-content\/uploads\/2022\/06\/62004440_101-300x169.jpg 300w, https:\/\/diarioelpopular.com\/wp-content\/uploads\/2022\/06\/62004440_101-768x432.jpg 768w, https:\/\/diarioelpopular.com\/wp-content\/uploads\/2022\/06\/62004440_101-130x73.jpg 130w, https:\/\/diarioelpopular.com\/wp-content\/uploads\/2022\/06\/62004440_101.jpg 1024w\" sizes=\"auto, (max-width: 636px) 100vw, 636px\" \/><\/p>\n<p><em>El mandatario instaur\u00f3 estado de excepci\u00f3n en el que se han capturado a m\u00e1s de 30.000 personas.<\/em><\/p>\n<h4><em><strong>&#8211; El presidente de El Salvador,\u00a0Nayib Bukele, asegur\u00f3 que est\u00e1 a punto de ganar la guerra contra las violentas pandillas\u00a0que controlaban el 80 por ciento del territorio de este pa\u00eds centroamericano<\/strong><\/em><\/h4>\n<p>&nbsp;<\/p>\n<p>&#8220;Hoy estamos a punto de ganar la batalla m\u00e1s dif\u00edcil de todas, estamos muy cerca de ganar la guerra contra las pandillas&#8221;, asegur\u00f3 Bukele en un mensaje ante el Congreso y transmitido en cadenas de radio y televisi\u00f3n con motivo de su tercer a\u00f1o de gobierno.<\/p>\n<div class=\"col2\">\n<div class=\"articulo-contenido\">\n<div class=\"modulos public-side\">\n<p id=\"p677360-m855-854-856\" class=\"contenido \">El presidente de El Salvador,\u00a0Nayib Bukele, asegur\u00f3 este mi\u00e9rcoles que est\u00e1 a punto de ganar la guerra contra las violentas pandillas\u00a0que controlaban el 80 por ciento del territorio de este pa\u00eds centroamericano.<\/p>\n<p>&#8220;Hoy estamos a punto de ganar la batalla m\u00e1s dif\u00edcil de todas, estamos muy cerca de ganar la guerra contra las pandillas&#8221;, asegur\u00f3 Bukele en un mensaje ante el Congreso y transmitido en cadenas de radio y televisi\u00f3n con motivo de su tercer a\u00f1o de gobierno.<\/p>\n<p>El mandatario afirm\u00f3 que desde el fin de la guerra civil (1980-1992)\u00a0las pandillas o maras habr\u00edan sido las causantes de la muerte de al menos 120.000 personas. &#8220;En estos 30 a\u00f1os (despu\u00e9s del fin de la guerra) el 70 por ciento de los salvadore\u00f1os fueron afectados por la violencia&#8221; de esos grupos criminales, remarc\u00f3 Bukele.<\/p>\n<p>El mandatario reconoci\u00f3 que las pandillas &#8220;controlaban el 80 por ciento del territorio del pa\u00eds&#8221;, incluyendo zonas donde viv\u00edan agentes de la polic\u00eda y soldados, y &#8220;para colmo las pandillas ten\u00edan jueces y fiscales c\u00f3mplices que los dejaban libres&#8221; un d\u00eda despu\u00e9s de su detenci\u00f3n.<\/p>\n<p>El Salvador, con unos 70.000 pandilleros, lucha por escapar de la lista de los pa\u00edses con m\u00e1s homicidios del mundo.<\/p>\n<p>Tras el asesinato de 87 personas en el pa\u00eds del 25 al 27 de marzo, el Congreso, controlado por aliados del gobierno y a pedido de Bukele, decret\u00f3 un estado de excepci\u00f3n que ha sido prorrogado.<\/p>\n<p><a href=\"https:\/\/www.eltiempo.com\/mundo\/latinoamerica\/por-que-la-caida-del-bitcoin-tiene-en-crisis-economica-a-el-salvador-672026\" target=\"_blank\" rel=\"noopener\">La &#8220;guerra&#8221; de Bukele puso a miles de soldados a patrullar las calles<\/a>\u00a0y ha llevado en los \u00faltimos dos meses a la c\u00e1rcel sin orden judicial a m\u00e1s de 36.000 presuntos integrantes de las &#8220;maras&#8221;, que se suman a 16.000 m\u00e1s que ya estaban en prisi\u00f3n.<\/p>\n<p>El gobernante consider\u00f3 que con las acciones tomadas por su gobierno ante la violencia el pa\u00eds va a pasar de ser el &#8220;m\u00e1s inseguro del mundo al pa\u00eds m\u00e1s seguro de Am\u00e9rica Latina&#8221;, y puso como ejemplo que en mayo solo se registraron 17 homicidios en el pa\u00eds.<\/p>\n<p>Bukele aprovech\u00f3 su discurso para arremeter contra sus cr\u00edticos, entre ellos organismos internacionales, que le cuestionan signos autoritarios y presuntas violaciones a los derechos humanos.<\/p>\n<p>&#8220;El Salvador es un pa\u00eds soberano, aqu\u00ed vamos a tomar las decisiones que consideremos correctaspara nosotros y nuestro futuro. Todos los que quieran apoyarnos son bienvenidos y construir este sue\u00f1o con nosotros, y los que no ap\u00e1rtense&#8221;, fustig\u00f3.<\/p>\n<p>Insisti\u00f3 &#8220;<a href=\"https:\/\/www.eltiempo.com\/mundo\/latinoamerica\/el-salvador-condenan-a-mujer-que-sufrio-aborto-involuntario-671224\" target=\"_blank\" rel=\"noopener\">queremos tener buenas relaciones con otros pa\u00edses<\/a>, queremos ser aliados, amigos, socios; pero no colonia, ni patio trasero, ni patio delantero, como le quieran decir ahora&#8221;.<\/p>\n<p>Pero Bukele tambi\u00e9n arremeti\u00f3 contra organismos internacionales que le han criticado y se\u00f1alado de violentar derechos humanos en el marco del combate a las pandillas y dijo que ellos &#8220;ni conocen El Salvador&#8221;.<\/p>\n<p>&#8220;De repente somos su prioridad, pasan todo el d\u00eda comentando, sancionando, condenando y operando en El Salvador, pero antes no sab\u00edan ni d\u00f3nde estaba (el pa\u00eds)&#8221;, agreg\u00f3 el mandatario.<\/p>\n<p>Las criticas de parte de sus opositores se mantienen desde que en mayo de 2021 con ayuda de sus aliados en el Congreso destituy\u00f3 a magistrados de una sala de la Corte Suprema y quit\u00f3 al fiscal general, lo cual fue considerado &#8220;antidemocr\u00e1tico&#8221; por Estados Unidos.<\/p>\n<p>l mandatario arremeti\u00f3 contra la oposici\u00f3n de izquierda y derecha<b>\u00a0<\/b>de los partidos tradicionales a los que derrot\u00f3 en los comicios de 2019 y que le acusan de instaurar en el pa\u00eds una dictadura.<\/p>\n<p>&#8220;Dicen que aqu\u00ed hay una dictadura porque ahora s\u00ed hay liderazgo, hay valent\u00eda, hay firmeza y hay visi\u00f3n para hacer lo que el pueblo salvadore\u00f1o necesita (&#8230;) eso no se llama dictadura, se llama liderazgo y democr\u00e1tico&#8221;.<\/p>\n<p>&nbsp;<\/p>\n<\/div>\n<\/div>\n<\/div>\n","protected":false},"excerpt":{"rendered":"<p>&nbsp; El mandatario instaur\u00f3 estado de excepci\u00f3n en el que se han capturado a m\u00e1s de 30.000 personas. &#8211; El presidente de El Salvador,\u00a0Nayib Bukele,&hellip;<\/p>\n","protected":false},"author":99,"featured_media":503553,"comment_status":"open","ping_status":"open","sticky":false,"template":"","format":"standard","meta":{"footnotes":""},"categories":[23],"tags":[],"class_list":["post-503552","post","type-post","status-publish","format-standard","has-post-thumbnail","hentry","category-latinoamerica"],"_links":{"self":[{"href":"https:\/\/diarioelpopular.com\/index.php\/wp-json\/wp\/v2\/posts\/503552","targetHints":{"allow":["GET"]}}],"collection":[{"href":"https:\/\/diarioelpopular.com\/index.php\/wp-json\/wp\/v2\/posts"}],"about":[{"href":"https:\/\/diarioelpopular.com\/index.php\/wp-json\/wp\/v2\/types\/post"}],"author":[{"embeddable":true,"href":"https:\/\/diarioelpopular.com\/index.php\/wp-json\/wp\/v2\/users\/99"}],"replies":[{"embeddable":true,"href":"https:\/\/diarioelpopular.com\/index.php\/wp-json\/wp\/v2\/comments?post=503552"}],"version-history":[{"count":1,"href":"https:\/\/diarioelpopular.com\/index.php\/wp-json\/wp\/v2\/posts\/503552\/revisions"}],"predecessor-version":[{"id":503554,"href":"https:\/\/diarioelpopular.com\/index.php\/wp-json\/wp\/v2\/posts\/503552\/revisions\/503554"}],"wp:featuredmedia":[{"embeddable":true,"href":"https:\/\/diarioelpopular.com\/index.php\/wp-json\/wp\/v2\/media\/503553"}],"wp:attachment":[{"href":"https:\/\/diarioelpopular.com\/index.php\/wp-json\/wp\/v2\/media?parent=503552"}],"wp:term":[{"taxonomy":"category","embeddable":true,"href":"https:\/\/diarioelpopular.com\/index.php\/wp-json\/wp\/v2\/categories?post=503552"},{"taxonomy":"post_tag","embeddable":true,"href":"https:\/\/diarioelpopular.com\/index.php\/wp-json\/wp\/v2\/tags?post=503552"}],"curies":[{"name":"wp","href":"https:\/\/api.w.org\/{rel}","templated":true}]}}