{"id":503596,"date":"2022-06-07T09:13:56","date_gmt":"2022-06-07T13:13:56","guid":{"rendered":"https:\/\/diarioelpopular.com\/?p=503596"},"modified":"2022-06-07T09:15:00","modified_gmt":"2022-06-07T13:15:00","slug":"503596","status":"publish","type":"post","link":"https:\/\/diarioelpopular.com\/index.php\/2022\/06\/07\/503596\/","title":{"rendered":"Polic\u00eda de civil le dispar\u00f3 en la cara a ladr\u00f3n que robaba a una abuela"},"content":{"rendered":"<p>&nbsp;<\/p>\n<p><img loading=\"lazy\" decoding=\"async\" class=\"alignnone size-custom-full-size wp-image-503597\" src=\"https:\/\/diarioelpopular.com\/wp-content\/uploads\/2022\/06\/VDDLZLCSMZDT3IVDPPDC4AOPBM-636x374.jpg\" alt=\"\" width=\"636\" height=\"374\" srcset=\"https:\/\/diarioelpopular.com\/wp-content\/uploads\/2022\/06\/VDDLZLCSMZDT3IVDPPDC4AOPBM-636x374.jpg 636w, https:\/\/diarioelpopular.com\/wp-content\/uploads\/2022\/06\/VDDLZLCSMZDT3IVDPPDC4AOPBM-300x176.jpg 300w, https:\/\/diarioelpopular.com\/wp-content\/uploads\/2022\/06\/VDDLZLCSMZDT3IVDPPDC4AOPBM-768x451.jpg 768w, https:\/\/diarioelpopular.com\/wp-content\/uploads\/2022\/06\/VDDLZLCSMZDT3IVDPPDC4AOPBM-124x73.jpg 124w, https:\/\/diarioelpopular.com\/wp-content\/uploads\/2022\/06\/VDDLZLCSMZDT3IVDPPDC4AOPBM.jpg 800w\" sizes=\"auto, (max-width: 636px) 100vw, 636px\" \/><\/p>\n<h4><em><strong>&#8211; Ocurri\u00f3 en Argentina. Autoridades investigan si el agente actu\u00f3 bajo leg\u00edtima defensa o fue abuso<\/strong><\/em><\/h4>\n<div class=\"social-col col1\">\n<div class=\"publicidad pauta_160px\">\n<div id=\"gpt-slot-9639-1\" class=\"adunit-googleadmanager ad-display\" data-ad-unit-desktop-name=\"160x600\" data-ad-unit-tablet-name=\"none\" data-ad-unit-mobile-name=\"none\">\n<div id=\"div-gpt-ad-1630462273523-0\" data-google-query-id=\"CPfdv8Czm_gCFQnYwAod75IE-g\">\n<div id=\"google_ads_iframe_\/49787872\/El_Tiempo\/internacional\/articulos\/160x600_0__container__\">Un polic\u00eda que iba de civil le dispar\u00f3 en la cara a un delincuente en motocuando este intentaba asaltar a una mujer que paseaba con sus nietas en Buenos Aires, Argentina.<\/div>\n<\/div>\n<\/div>\n<\/div>\n<\/div>\n<div class=\"col2\">\n<div class=\"articulo-contenido\">\n<div class=\"modulos public-side\">\n<p id=\"p678062-m478-477-479\" class=\"contenido \">El hecho qued\u00f3 registrado en una de las c\u00e1maras de seguridad instaladas en la zona. El video se viraliz\u00f3 en redes sociales.<\/p>\n<p id=\"p678062-m567-3-568\" class=\"contenido \">El incidente ocurri\u00f3 el pasado viernes a las 6 p.m. , en el momento en que una se\u00f1ora, de 68 a\u00f1os, y dos ni\u00f1as caminaban a la altura de las calles Isaac Belsky y Arist\u00f3bulo del Valle. En los primeros segundos del metraje se puede ver que tanto ella como las peque\u00f1as son perseguidas por una moto a baja velocidad.<\/p>\n<p>Arriba del veh\u00edculo iban dos delincuentes; uno de ellos, al ver que ninguna de las tres se hab\u00eda percatado de que pod\u00edan llegar a ser asaltadas,\u00a0se baj\u00f3 de la moto y empez\u00f3 a caminar detr\u00e1s de ellas con lo que parece ser un arma en la mano. Segundos antes de que el asaltante pudiera hacer algo, fue interceptado por el agente de polic\u00eda.<\/p>\n<p>Acompa\u00f1ado por un menor y vestido de civil, el agente dio la voz en alto, pero el delincuente no hizo caso, por lo que \u00e9l le dispar\u00f3 con su arma reglamentaria de nueve mil\u00edmetros. El asaltante se desplom\u00f3 inmediatamente en el suelo a la vez que su c\u00f3mplice aprovech\u00f3 para escapar.<\/p>\n<p>Producto del tenso episodio,\u00a0el presunto ladr\u00f3n tuvo que ser internado en el Hospital Evita, seg\u00fan precisaron fuentes policiales al medio argentino \u2018La Naci\u00f3n\u2019. El joven se encuentra fuera de peligro debido a que el disparo recibido le atraves\u00f3 el p\u00f3mulo y sali\u00f3 limpi\u00f3 por la zona de la oreja.<\/p>\n<div class=\"col2\">\n<div class=\"articulo-contenido\">\n<div class=\"modulos public-side\">\n<div id=\"p678062-m597-8-598\" class=\"fotografia \">\n<div class=\"imagen-cuerpo-bk\">\n<p><a href=\"https:\/\/www.eltiempo.com\/mundo\/latinoamerica\/argentina-policia-de-civil-frustro-robo-al-dispararle-en-la-cara-a-ladron-678062\" name=\"Linked\"><\/a><\/p>\n<figure id=\"m602-601-603\" class=\"foto-galeria-articulo \"><img decoding=\"async\" class=\"js-lazy-image--handled\" src=\"https:\/\/www.eltiempo.com\/files\/article_content_new\/uploads\/2022\/05\/17\/6283c9d1278b0.jpeg\" alt=\"Delincuencia\" width=\"652px\" height=\"366px\" \/><\/figure>\n<\/div>\n<div class=\"figcaption-cuerpo-bk credito-image-bk\">\n<div class=\"titulo-foto-bk\">\n<p id=\"m609-1-610\" class=\"titulo \"><em>La Polic\u00eda coordinar\u00e1 esfuerzos durante los pr\u00f3ximos d\u00edas para tratar de dar con el segundo delincuente.<\/em><\/p>\n<\/div>\n<div class=\"credito-apertura-strong-bk credito-image-bk\"><em><strong>Foto:<\/strong>\u00a0iStock<\/em><\/div>\n<\/div>\n<\/div>\n<p id=\"p678062-m623-9-624\" class=\"contenido \">En la escena se encontr\u00f3 una pistola Colt 25 autom\u00e1tica con el n\u00famero de serie limado, la cual pertenecer\u00eda al asaltante. El caso fue intervenido por la Unidad Funcional de Instrucci\u00f3n (UFI) 6 de Mor\u00f3n, a cargo del fiscal Sergio Dileo, quien aguarda la recuperaci\u00f3n del criminal para tomarle declaraci\u00f3n.<\/p>\n<p>Mientras tanto, la v\u00edctima del intento de robo ofreci\u00f3 testimonio a un representante del Ministerio P\u00fablico Fiscal. Con respecto al polic\u00eda que dispar\u00f3 contra el individuo de 28 a\u00f1os, cuya identidad se mantuvo reservada,\u00a0se iniciar\u00e1 una investigaci\u00f3n para determinar si actu\u00f3 bajo leg\u00edtima defensa o se excedi\u00f3 en su accionar.<\/p>\n<p id=\"p678062-m635-11-636\" class=\"contenido \">La Polic\u00eda coordinar\u00e1 esfuerzos durante los pr\u00f3ximos d\u00edas para tratar de dar con el segundo delincuente, que se dio a la fuga segundos despu\u00e9s del robo fallido.<\/p>\n<\/div>\n<\/div>\n<\/div>\n<\/div>\n<\/div>\n<\/div>\n","protected":false},"excerpt":{"rendered":"<p>&nbsp; &#8211; Ocurri\u00f3 en Argentina. Autoridades investigan si el agente actu\u00f3 bajo leg\u00edtima defensa o fue abuso Un polic\u00eda que iba de civil le dispar\u00f3&hellip;<\/p>\n","protected":false},"author":99,"featured_media":503597,"comment_status":"open","ping_status":"open","sticky":false,"template":"","format":"standard","meta":{"footnotes":""},"categories":[23],"tags":[],"class_list":["post-503596","post","type-post","status-publish","format-standard","has-post-thumbnail","hentry","category-latinoamerica"],"_links":{"self":[{"href":"https:\/\/diarioelpopular.com\/index.php\/wp-json\/wp\/v2\/posts\/503596","targetHints":{"allow":["GET"]}}],"collection":[{"href":"https:\/\/diarioelpopular.com\/index.php\/wp-json\/wp\/v2\/posts"}],"about":[{"href":"https:\/\/diarioelpopular.com\/index.php\/wp-json\/wp\/v2\/types\/post"}],"author":[{"embeddable":true,"href":"https:\/\/diarioelpopular.com\/index.php\/wp-json\/wp\/v2\/users\/99"}],"replies":[{"embeddable":true,"href":"https:\/\/diarioelpopular.com\/index.php\/wp-json\/wp\/v2\/comments?post=503596"}],"version-history":[{"count":2,"href":"https:\/\/diarioelpopular.com\/index.php\/wp-json\/wp\/v2\/posts\/503596\/revisions"}],"predecessor-version":[{"id":503600,"href":"https:\/\/diarioelpopular.com\/index.php\/wp-json\/wp\/v2\/posts\/503596\/revisions\/503600"}],"wp:featuredmedia":[{"embeddable":true,"href":"https:\/\/diarioelpopular.com\/index.php\/wp-json\/wp\/v2\/media\/503597"}],"wp:attachment":[{"href":"https:\/\/diarioelpopular.com\/index.php\/wp-json\/wp\/v2\/media?parent=503596"}],"wp:term":[{"taxonomy":"category","embeddable":true,"href":"https:\/\/diarioelpopular.com\/index.php\/wp-json\/wp\/v2\/categories?post=503596"},{"taxonomy":"post_tag","embeddable":true,"href":"https:\/\/diarioelpopular.com\/index.php\/wp-json\/wp\/v2\/tags?post=503596"}],"curies":[{"name":"wp","href":"https:\/\/api.w.org\/{rel}","templated":true}]}}