{"id":503618,"date":"2022-06-08T08:55:42","date_gmt":"2022-06-08T12:55:42","guid":{"rendered":"https:\/\/diarioelpopular.com\/?p=503618"},"modified":"2022-06-08T08:55:42","modified_gmt":"2022-06-08T12:55:42","slug":"al-menos-75-intoxicados-por-gases-industriales-en-la-chernobil-de-chile","status":"publish","type":"post","link":"https:\/\/diarioelpopular.com\/index.php\/2022\/06\/08\/al-menos-75-intoxicados-por-gases-industriales-en-la-chernobil-de-chile\/","title":{"rendered":"Al menos 75 intoxicados por gases industriales en la &#8216;Chern\u00f3bil&#8217; de Chile"},"content":{"rendered":"<p><img loading=\"lazy\" decoding=\"async\" class=\"alignnone size-custom-full-size wp-image-503619\" src=\"https:\/\/diarioelpopular.com\/wp-content\/uploads\/2022\/06\/62059090_303-636x358.jpg\" alt=\"\" width=\"636\" height=\"358\" srcset=\"https:\/\/diarioelpopular.com\/wp-content\/uploads\/2022\/06\/62059090_303-636x358.jpg 636w, https:\/\/diarioelpopular.com\/wp-content\/uploads\/2022\/06\/62059090_303-300x169.jpg 300w, https:\/\/diarioelpopular.com\/wp-content\/uploads\/2022\/06\/62059090_303-130x73.jpg 130w, https:\/\/diarioelpopular.com\/wp-content\/uploads\/2022\/06\/62059090_303.jpg 700w\" sizes=\"auto, (max-width: 636px) 100vw, 636px\" \/><\/p>\n<div class=\"epigraph-container lead\">\n<p id=\"p678358-m553-552-554\" class=\"article-epigraph\"><em><strong>&#8211; Un incremento en la emisi\u00f3n de di\u00f3xido de azufre provoc\u00f3 la crisis en Valpara\u00edso.<\/strong><\/em><\/p>\n<p>Al menos 75 personas, entre ellos una cincuentena de escolares, resultaron intoxicadas debido a los altos niveles de contaminaci\u00f3n\u00a0provocados por la industria pesada en las localidades chilenas de Quintero y Puchuncav\u00ed, consideradas una &#8220;zona de sacrificio ambiental&#8221;, informaron este martes las autoridades.<a href=\"https:\/\/www.eltiempo.com\/cultura\/gente\/avistan-supuesto-monstruo-marino-en-lago-de-bariloche-677999\" target=\"_blank\" rel=\"noopener\"><br \/>\n<\/a><br \/>\nAmbas localidades, tambi\u00e9n llamadas &#8220;el Chern\u00f3bil chileno&#8221; por la organizaci\u00f3n medioambientalista Greenpeace,\u00a0albergan empresas mineras, petroleras, cementeras, gas\u00edferas y qu\u00edmicas.<\/p>\n<p>&#8220;Quintero y Puchuncav\u00ed son comunas (municipios) que han tolerado por d\u00e9cadas esto, pero tienen que llegar a su fin&#8221;, indic\u00f3 este martes Rub\u00e9n Guti\u00e9rrez, alcalde de la localidad de Quintero, de m\u00e1s de 31.00 habitantes, ubicada en la regi\u00f3n de Valpara\u00edso (120 km al oeste de Santiago).<\/p>\n<p>&#8220;Tuvimos una afectaci\u00f3n general de colegios municipalizados y subvencionados, donde\u00a0m\u00e1s de 50 ni\u00f1os y m\u00e1s de 25 asistentes de la educaci\u00f3n fueron afectados por los efectos de gases t\u00f3xicos&#8221;, indic\u00f3 una nota del municipio de Quintero.<\/p>\n<p>Las autoridades de Salud de la regi\u00f3n de Valpara\u00edso comunicaron que todos los casos presentaron sintomatolog\u00eda asociada a cefalea, picor en ojos y garganta, adem\u00e1s de nauseas. Estuvieron en observaci\u00f3n y luego fueron dados de alta.<\/p>\n<p>La delegada presidencial en Valpara\u00edso,\u00a0<a href=\"https:\/\/www.eltiempo.com\/mundo\/latinoamerica\/chile-presidente-boric-entrega-balance-y-objetivos-al-congreso-676903\" target=\"_blank\" rel=\"noopener\">Sof\u00eda Gonz\u00e1lez, decret\u00f3 la emergencia ambiental en estas dos localidades<\/a>, donde se suspendieron las clases en colegios p\u00fablicos y privados, se prohibi\u00f3 toda actividad f\u00edsica y las fuentes de calefacci\u00f3n, en momentos en que la zona central enfrenta un oto\u00f1o austral de baj\u00edsimas temperaturas.<\/p>\n<p>La contaminaci\u00f3n ha crecido en la zona desde que en 1958 el gobierno chileno decidi\u00f3 relegar la pesca artesanal y la agricultura para convertir este lugar en un polo industrial que hoy alberga cuatro termoel\u00e9ctricas a carb\u00f3n y refiner\u00edas de crudo y cobre.<\/p>\n<p><b>Los m\u00e1s de 50.000 habitantes de ambas localidades respiran a diario gases que emiten unas 15 fuentes contaminantes.<\/b><\/p>\n<p>El gobierno del presidente Gabriel Boric anunci\u00f3 una reuni\u00f3n con las autoridades de las localidades afectadas, mientras que el gobernador de Valpara\u00edso, Rodrigo Mundaca, un reconocido medioambientalista, sostuvo que se deben depurar &#8220;las responsabilidades porque el contaminar no puede ser gratis y el hipotecar la vida de los ni\u00f1os tampoco puede ser gratis&#8221;.<\/p>\n<\/div>\n","protected":false},"excerpt":{"rendered":"<p>&#8211; Un incremento en la emisi\u00f3n de di\u00f3xido de azufre provoc\u00f3 la crisis en Valpara\u00edso. Al menos 75 personas, entre ellos una cincuentena de escolares,&hellip;<\/p>\n","protected":false},"author":99,"featured_media":503619,"comment_status":"open","ping_status":"open","sticky":false,"template":"","format":"standard","meta":{"footnotes":""},"categories":[23],"tags":[],"class_list":["post-503618","post","type-post","status-publish","format-standard","has-post-thumbnail","hentry","category-latinoamerica"],"_links":{"self":[{"href":"https:\/\/diarioelpopular.com\/index.php\/wp-json\/wp\/v2\/posts\/503618","targetHints":{"allow":["GET"]}}],"collection":[{"href":"https:\/\/diarioelpopular.com\/index.php\/wp-json\/wp\/v2\/posts"}],"about":[{"href":"https:\/\/diarioelpopular.com\/index.php\/wp-json\/wp\/v2\/types\/post"}],"author":[{"embeddable":true,"href":"https:\/\/diarioelpopular.com\/index.php\/wp-json\/wp\/v2\/users\/99"}],"replies":[{"embeddable":true,"href":"https:\/\/diarioelpopular.com\/index.php\/wp-json\/wp\/v2\/comments?post=503618"}],"version-history":[{"count":1,"href":"https:\/\/diarioelpopular.com\/index.php\/wp-json\/wp\/v2\/posts\/503618\/revisions"}],"predecessor-version":[{"id":503620,"href":"https:\/\/diarioelpopular.com\/index.php\/wp-json\/wp\/v2\/posts\/503618\/revisions\/503620"}],"wp:featuredmedia":[{"embeddable":true,"href":"https:\/\/diarioelpopular.com\/index.php\/wp-json\/wp\/v2\/media\/503619"}],"wp:attachment":[{"href":"https:\/\/diarioelpopular.com\/index.php\/wp-json\/wp\/v2\/media?parent=503618"}],"wp:term":[{"taxonomy":"category","embeddable":true,"href":"https:\/\/diarioelpopular.com\/index.php\/wp-json\/wp\/v2\/categories?post=503618"},{"taxonomy":"post_tag","embeddable":true,"href":"https:\/\/diarioelpopular.com\/index.php\/wp-json\/wp\/v2\/tags?post=503618"}],"curies":[{"name":"wp","href":"https:\/\/api.w.org\/{rel}","templated":true}]}}