{"id":503657,"date":"2022-06-09T10:06:33","date_gmt":"2022-06-09T14:06:33","guid":{"rendered":"https:\/\/diarioelpopular.com\/?p=503657"},"modified":"2022-06-09T10:06:33","modified_gmt":"2022-06-09T14:06:33","slug":"cuales-son-los-5-paises-de-america-latina-mas-peligrosos-para-defender-los-derechos-humanos","status":"publish","type":"post","link":"https:\/\/diarioelpopular.com\/index.php\/2022\/06\/09\/cuales-son-los-5-paises-de-america-latina-mas-peligrosos-para-defender-los-derechos-humanos\/","title":{"rendered":"\u00bfCu\u00e1les son los 5 pa\u00edses de Am\u00e9rica Latina m\u00e1s peligrosos para defender los Derechos Humanos?"},"content":{"rendered":"<p>&nbsp;<\/p>\n<p>&nbsp;<\/p>\n<p><img loading=\"lazy\" decoding=\"async\" class=\"alignnone size-custom-full-size wp-image-503659\" src=\"https:\/\/diarioelpopular.com\/wp-content\/uploads\/2022\/06\/b2d44f1d-96d5-4458-9bd9-734d9b0341f5-636x530.png\" alt=\"\" width=\"636\" height=\"530\" srcset=\"https:\/\/diarioelpopular.com\/wp-content\/uploads\/2022\/06\/b2d44f1d-96d5-4458-9bd9-734d9b0341f5-636x530.png 636w, https:\/\/diarioelpopular.com\/wp-content\/uploads\/2022\/06\/b2d44f1d-96d5-4458-9bd9-734d9b0341f5-300x250.png 300w, https:\/\/diarioelpopular.com\/wp-content\/uploads\/2022\/06\/b2d44f1d-96d5-4458-9bd9-734d9b0341f5-768x639.png 768w, https:\/\/diarioelpopular.com\/wp-content\/uploads\/2022\/06\/b2d44f1d-96d5-4458-9bd9-734d9b0341f5-88x73.png 88w, https:\/\/diarioelpopular.com\/wp-content\/uploads\/2022\/06\/b2d44f1d-96d5-4458-9bd9-734d9b0341f5.png 920w\" sizes=\"auto, (max-width: 636px) 100vw, 636px\" \/><\/p>\n<p><em>Colombia encabeza el ranking de los cinco pa\u00edses latinoamericanos m\u00e1s peligrosos para los activistas de DDHH, seg\u00fan los datos de la CIDH.<\/em><\/p>\n<p>&nbsp;<\/p>\n<h4 class=\"h2\"><em><strong>&#8211; La Comisi\u00f3n Interamericana de Derechos Humanos (CIDH) ha registrado el asesinato de 147 activistas en 2021 y de otros 89 en los primeros 4 meses de 2022<\/strong><\/em><\/h4>\n<p>Dedicarse a defender los\u00a0Derechos Humanos\u00a0es una labor de alto riesgo, sobre todo si se ejerce en\u00a0Am\u00e9rica Latina, regi\u00f3n que se ha convertido en la m\u00e1s peligrosa del mundo para denunciar la violaci\u00f3n de alguna garant\u00eda fundamental o para reclamar su cumplimiento.<\/p>\n<p>La denuncia la hizo la Comisi\u00f3n Interamericana de Derechos Humanos (CIDH), instancia que contabiliz\u00f3 el asesinato de 147 activistas en 2021, seg\u00fan la informaci\u00f3n que figura en el\u00a0<a href=\"https:\/\/www.oas.org\/es\/CIDH\/informes\/IA.asp?Year=2021\">informe anual<\/a>\u00a0ublicado la semana pasada.<\/p>\n<p>Pero si 2021 no fue un buen a\u00f1o para los defensores de Derechos Humanos en la regi\u00f3n, 2022 no luce mucho mejor.<\/p>\n<p>La CIDH, en otro\u00a0<a href=\"http:\/\/www.oas.org\/es\/CIDH\/jsForm\/?File=\/es\/cidh\/prensa\/comunicados\/2022\/017.asp\">reporte preliminar<\/a>, inform\u00f3 que solo en los primeros 4 meses del a\u00f1o en curso ha contabilizado la muerte de89 activistas.<\/p>\n<p>Con 145 defensores muertos, Colombia es el pa\u00eds m\u00e1s peligroso del continente para promover los derechos y las libertades fundamentales.<\/p>\n<p>Las autoridades colombianas han reconocido la gravedad de la situaci\u00f3n y este a\u00f1o le aseguraron a la Comisi\u00f3n que vienen tomado medidas para revertirla, entre ellas destacaron que actualmente tienen a 3.749 l\u00edderes sociales bajo resguardo.<\/p>\n<p>&#8220;La situaci\u00f3n es preocupante&#8221;, admiti\u00f3 tambi\u00e9n el comisionado Joel Hern\u00e1ndez, relator para las Personas Defensoras de Derechos Humanos de la CIDH.<\/p>\n<p>M\u00e9xico, con 10 asesinados, ocupa el segundo lugar, de acuerdo con los datos de la CIDH. L\u00edderes de comunidades ind\u00edgenas y ambientalistas fueron las principales v\u00edctimas.<\/p>\n<p>Por su parte,\u00a0Per\u00fa\u00a0con 5 fallecidos,\u00a0Honduras\u00a0con 4 y\u00a0Guatemala\u00a0con 2 se encuentran en el tercer, cuarto y quinto lugar; respectivamente.<\/p>\n<h3>Qui\u00e9nes son las v\u00edctimas<\/h3>\n<p><img loading=\"lazy\" decoding=\"async\" class=\"alignnone size-custom-full-size wp-image-503658\" src=\"https:\/\/diarioelpopular.com\/wp-content\/uploads\/2022\/06\/derechos-humanos-636x392.jpg\" alt=\"\" width=\"636\" height=\"392\" srcset=\"https:\/\/diarioelpopular.com\/wp-content\/uploads\/2022\/06\/derechos-humanos-636x392.jpg 636w, https:\/\/diarioelpopular.com\/wp-content\/uploads\/2022\/06\/derechos-humanos-300x185.jpg 300w, https:\/\/diarioelpopular.com\/wp-content\/uploads\/2022\/06\/derechos-humanos-768x473.jpg 768w, https:\/\/diarioelpopular.com\/wp-content\/uploads\/2022\/06\/derechos-humanos-1200x739.jpg 1200w, https:\/\/diarioelpopular.com\/wp-content\/uploads\/2022\/06\/derechos-humanos-118x73.jpg 118w, https:\/\/diarioelpopular.com\/wp-content\/uploads\/2022\/06\/derechos-humanos.jpg 1024w\" sizes=\"auto, (max-width: 636px) 100vw, 636px\" \/><\/p>\n<p>La mayor\u00eda de los activistas asesinados ejerc\u00edan la defensa de la tierra, el territorio y el ambiente o eran integrantes de comunidades ind\u00edgeneas, denunci\u00f3 la CIDH, organismo, adscrito a la Organizaci\u00f3n de Estados Americanos (OEA).<\/p>\n<p>Eso indica que no solamente est\u00e1n en riesgo aquellas personas que han decidido exponer p\u00fablicamente los abusos y excesos cometidos por los cuerpos policiales y las fuerzas militares.<\/p>\n<p>Por el contrario, cualquiera que haya decidido promover y proteger, de manera pac\u00edfica, la universalidad e indivisibilidad de los derechos de pueblos e individuos puede verse comprometido.\u00a0Esto incluye a sindicalistas y a los periodistas tambi\u00e9n.<\/p>\n<p>Los datos que maneja la Comisi\u00f3n tambi\u00e9n revelan adem\u00e1s que las amenazas no se limitan a los activistas \u00fanicamente, sino que en algunos casos se extienden hasta su\u00a0c\u00edrculo familiar.<\/p>\n<p>El caso del brasile\u00f1o\u00a0Jose Gomes\u00a0es prueba de ello. El pasado 9 de enero Gomes fue asesinado, a tiros, junto a su esposa y su hija en la regi\u00f3n de S\u00e3o F\u00e9lix do Xingu, estado de Par\u00e1. La v\u00edctima se dedicaba a liberar cr\u00edas de tortugas en la Amazon\u00eda, en un intento por repoblar esta especie.<\/p>\n<p>Hasta ahora las autoridades policiales no han aportado mucha informaci\u00f3n sobre el asunto y solamente han dicho que est\u00e1n investigando el crimen.<\/p>\n<p>Aunque el grueso de los fallecidos contabilizados por la CIDH son hombres, casos como el de la activista mexicana Gladys Aranza Ramos, integrante del colectivo Madres Buscadoras de Sonora, quien fue asesinada el 15 de julio de 2021, indican que\u00a0las mujeres defensoras\u00a0no\u00a0est\u00e1n exentas de riesgos.<\/p>\n<p>Las cifras de la Comisi\u00f3n son corroboradas por las que manejan otras organizaciones como la irlandesa Front Line Defenders, la cual se especializa en monitorear las condiciones en las que los defensores ejercen su labor alrededor del mundo.<\/p>\n<p>En su\u00a0<a href=\"https:\/\/www.frontlinedefenders.org\/en\/resource-publication\/global-analysis-2021-0#:~:text=Front%20Line%20Defenders%20provided%20over,from%20Afghanistan%20in%20August%202021\">informe correspondiente a 2021<\/a>\u00a0Front Line Defenders denunci\u00f3 que de los 358 defensores de Derechos Humanos que fueron asesinados en el mundo,\u00a0252 eran latinoamericanos; es decir el 70%.<\/p>\n<p><img loading=\"lazy\" decoding=\"async\" class=\"alignnone size-custom-full-size wp-image-503660\" src=\"https:\/\/diarioelpopular.com\/wp-content\/uploads\/2022\/06\/273a9ddc-bc82-405d-bd23-4292125d7c8b-636x702.png\" alt=\"\" width=\"636\" height=\"702\" srcset=\"https:\/\/diarioelpopular.com\/wp-content\/uploads\/2022\/06\/273a9ddc-bc82-405d-bd23-4292125d7c8b-636x702.png 636w, https:\/\/diarioelpopular.com\/wp-content\/uploads\/2022\/06\/273a9ddc-bc82-405d-bd23-4292125d7c8b-272x300.png 272w, https:\/\/diarioelpopular.com\/wp-content\/uploads\/2022\/06\/273a9ddc-bc82-405d-bd23-4292125d7c8b-768x848.png 768w, https:\/\/diarioelpopular.com\/wp-content\/uploads\/2022\/06\/273a9ddc-bc82-405d-bd23-4292125d7c8b-66x73.png 66w, https:\/\/diarioelpopular.com\/wp-content\/uploads\/2022\/06\/273a9ddc-bc82-405d-bd23-4292125d7c8b.png 920w\" sizes=\"auto, (max-width: 636px) 100vw, 636px\" \/><\/p>\n<h3>Las causas del problema<\/h3>\n<p>Las debilidades institucionales, especial la falta de independencia judicial, y la violencia criminal son, a juicio del comisionado Hern\u00e1ndez, los motivos por los cuales Am\u00e9rica Latina se ha vuelto tan peligrosa para quienes deciden defe<\/p>\n<p>&#8220;En distintas partes de la regi\u00f3n se est\u00e1n dando situaciones de conflictividad\u00a0que hacen que los defensores se activen&#8221;, le explic\u00f3 Hern\u00e1ndez a BBC Mundo por videoconferencia.<\/p>\n<p>&#8220;Por ejemplo, en aquellas zonas donde se est\u00e1n poniendo en marcha proyectos extractivistas, sin el debido consentimiento de las comunidades afectadas, los l\u00edderes se est\u00e1n movilizando o est\u00e1n surgiendo y eso los coloca en la mira de grupos de determinados grupos&#8221;.<\/p>\n<p>&#8220;Esto explica por qu\u00e9 los defensores de los pueblos ind\u00edgenas, de los campesinos y del medio ambiente est\u00e1n siendo las principales v\u00edctimas de atentados y ataques&#8221;, agreg\u00f3 el diplom\u00e1tico mexicano.<\/p>\n<h3>Algunos pasos positivos<\/h3>\n<p>Pese a calificar de &#8220;dif\u00edcil&#8221; la situaci\u00f3n que enfrentan los defensores en la regi\u00f3n, Hern\u00e1ndez asegur\u00f3 que en algunos pa\u00edses se est\u00e1n produciendo pasos en la direcci\u00f3n correcta.<\/p>\n<p>As\u00ed mencion\u00f3 el caso de Brasil, cuyas autoridades han puesto en marcha el\u00a0Programa de Protecci\u00f3n a Defensores de Derechos Humanos\u00a0(PPDDH), en los estados de Bah\u00eda, Para\u00edba, Pernambuco, Cear\u00e1, Maranh\u00e3o, Minas Gerais, Par\u00e1 y R\u00edo de Janeiro, el cual ampara actualmente a 600 activistas.<\/p>\n<p>Honduras, entretanto, ha anunciado ha tomado medidas a favor de\u00a0116 defensores y 25 periodistas.<\/p>\n<p>Sin embargo, el Mecanismo de Protecci\u00f3n de Personas Defensoras y de Periodistas de M\u00e9xico es el de mayor envergadura en el continente y tiene bajo su resguardo a\u00a01.011 activistas y 495 comunicadores.<\/p>\n<p>Por \u00faltimo, Per\u00fa anunci\u00f3 a mediados del a\u00f1o pasado la creaci\u00f3n de un programa similar.<\/p>\n<p>El comisionado demand\u00f3 de las autoridades de los pa\u00edses de la regi\u00f3n que creen las condiciones para que los activistas puedan realizar su labor de manera segura, que se abstengan de atacarlos y que castiguen cualquier ataque contra ellos.<\/p>\n<p>&#8220;La impunidad es muy peligrosa, porque cuando no se castigan los cr\u00edmenes se invita a su repetici\u00f3n&#8221;, dijo Hern\u00e1ndez, quien destac\u00f3 la importancia de contar con un Poder Judicial independiente.<\/p>\n","protected":false},"excerpt":{"rendered":"<p>&nbsp; &nbsp; Colombia encabeza el ranking de los cinco pa\u00edses latinoamericanos m\u00e1s peligrosos para los activistas de DDHH, seg\u00fan los datos de la CIDH. &nbsp;&hellip;<\/p>\n","protected":false},"author":99,"featured_media":503659,"comment_status":"open","ping_status":"open","sticky":false,"template":"","format":"standard","meta":{"footnotes":""},"categories":[11358,23],"tags":[],"class_list":["post-503657","post","type-post","status-publish","format-standard","has-post-thumbnail","hentry","category-especiales","category-latinoamerica"],"_links":{"self":[{"href":"https:\/\/diarioelpopular.com\/index.php\/wp-json\/wp\/v2\/posts\/503657","targetHints":{"allow":["GET"]}}],"collection":[{"href":"https:\/\/diarioelpopular.com\/index.php\/wp-json\/wp\/v2\/posts"}],"about":[{"href":"https:\/\/diarioelpopular.com\/index.php\/wp-json\/wp\/v2\/types\/post"}],"author":[{"embeddable":true,"href":"https:\/\/diarioelpopular.com\/index.php\/wp-json\/wp\/v2\/users\/99"}],"replies":[{"embeddable":true,"href":"https:\/\/diarioelpopular.com\/index.php\/wp-json\/wp\/v2\/comments?post=503657"}],"version-history":[{"count":1,"href":"https:\/\/diarioelpopular.com\/index.php\/wp-json\/wp\/v2\/posts\/503657\/revisions"}],"predecessor-version":[{"id":503661,"href":"https:\/\/diarioelpopular.com\/index.php\/wp-json\/wp\/v2\/posts\/503657\/revisions\/503661"}],"wp:featuredmedia":[{"embeddable":true,"href":"https:\/\/diarioelpopular.com\/index.php\/wp-json\/wp\/v2\/media\/503659"}],"wp:attachment":[{"href":"https:\/\/diarioelpopular.com\/index.php\/wp-json\/wp\/v2\/media?parent=503657"}],"wp:term":[{"taxonomy":"category","embeddable":true,"href":"https:\/\/diarioelpopular.com\/index.php\/wp-json\/wp\/v2\/categories?post=503657"},{"taxonomy":"post_tag","embeddable":true,"href":"https:\/\/diarioelpopular.com\/index.php\/wp-json\/wp\/v2\/tags?post=503657"}],"curies":[{"name":"wp","href":"https:\/\/api.w.org\/{rel}","templated":true}]}}