{"id":503670,"date":"2022-06-10T09:23:53","date_gmt":"2022-06-10T13:23:53","guid":{"rendered":"https:\/\/diarioelpopular.com\/?p=503670"},"modified":"2022-06-10T09:23:53","modified_gmt":"2022-06-10T13:23:53","slug":"ecuador-es-nuevo-miembro-no-permanente-del-consejo-de-seguridad-de-la-onu","status":"publish","type":"post","link":"https:\/\/diarioelpopular.com\/index.php\/2022\/06\/10\/ecuador-es-nuevo-miembro-no-permanente-del-consejo-de-seguridad-de-la-onu\/","title":{"rendered":"Ecuador es nuevo miembro no permanente del Consejo de Seguridad de la ONU"},"content":{"rendered":"<p><img loading=\"lazy\" decoding=\"async\" class=\"alignnone size-custom-full-size wp-image-503671\" src=\"https:\/\/diarioelpopular.com\/wp-content\/uploads\/2022\/06\/ecuador-en-la-onu_40117903_20220609164429-636x461.jpg\" alt=\"\" width=\"636\" height=\"461\" srcset=\"https:\/\/diarioelpopular.com\/wp-content\/uploads\/2022\/06\/ecuador-en-la-onu_40117903_20220609164429-636x461.jpg 636w, https:\/\/diarioelpopular.com\/wp-content\/uploads\/2022\/06\/ecuador-en-la-onu_40117903_20220609164429-300x217.jpg 300w, https:\/\/diarioelpopular.com\/wp-content\/uploads\/2022\/06\/ecuador-en-la-onu_40117903_20220609164429-768x556.jpg 768w, https:\/\/diarioelpopular.com\/wp-content\/uploads\/2022\/06\/ecuador-en-la-onu_40117903_20220609164429-101x73.jpg 101w, https:\/\/diarioelpopular.com\/wp-content\/uploads\/2022\/06\/ecuador-en-la-onu_40117903_20220609164429.jpg 780w\" sizes=\"auto, (max-width: 636px) 100vw, 636px\" \/><\/p>\n<p><em>El ministro ecuatoriano Juan Carlos Holgu\u00edn habl\u00f3 en representaci\u00f3n de su pa\u00eds.\u00a0 \u00a0 \u00a0 \u00a0 \u00a0 \u00a0 \u00a0 \u00a0 FOTO Cortes\u00eda<\/em><\/p>\n<p>&nbsp;<\/p>\n<h4 class=\"lead cita\"><em><strong>&#8211; El pa\u00eds liderado por Guillermo Lasso obtuvo 190 votos de apoyo para tener un puesto en dicha instancia.<\/strong><\/em><\/h4>\n<p>La Asamblea General de\u00a0Naciones Unidas\u00a0nombr\u00f3 este jueves a\u00a0Ecuador\u00a0como miembro no permanente del\u00a0Consejo de Seguridad\u00a0de la ONU durante los pr\u00f3ximos dos a\u00f1os. A la selecta lista tambi\u00e9n se sumaron naciones como Malta, Jap\u00f3n, Mozambique y Suiza.<\/p>\n<p>Seg\u00fan detall\u00f3 en sus redes sociales el presidente del periodo de sesiones de la Asamblea,\u00a0Abudl\u00e1 Sahid, estos pa\u00edses arrancar\u00e1n su periodo a partir de junio de 2023.<\/p>\n<p>El pa\u00eds latinoamericano alcanz\u00f3 un total de\u00a0190 votos a favor, dos menos que los que la Asamblea le otorg\u00f3 a Mozambique. En cuanto a los suizos, estos recibieron 187 respaldos, mientras que Malta obtuvo 185 y Jap\u00f3n 184. Todas estas naciones llegaban a la votaci\u00f3n sin la oposici\u00f3n de otros pa\u00edses en sus respectivos grupos regionales.<\/p>\n<p>El ministro de Asuntos Exteriores de Ecuador,\u00a0Juan Carlos Holgu\u00edn, inform\u00f3 de la votaci\u00f3n a trav\u00e9s de Internet, indicando que el mundo ha apoyado el\u00a0compromiso ecuatoriano con la paz.<\/p>\n<p>Por su parte, desde Malta, el primer ministro, Robert Abela, ha reconocido sentirse\u00a0\u201chonrado\u201d\u00a0de ver c\u00f3mo la isla ha sido elegida con tantos votos, algo que tambi\u00e9n ha puesto en valor el ministro de Asuntos Exteriores, Ian Borg, quien tild\u00f3 lo ocurrido como un\u00a0logro hist\u00f3rico para Malta.<\/p>\n<p>Por su parte, la diplomacia japonesa, en cabea del ministro de Asuntos Exteriores, Yoshimasa Hayashi, indic\u00f3 que la delegaci\u00f3n de su pa\u00eds ante Naciones Unidas trabajar\u00e1 en\u00a0garantizar el orden internacional\u00a0basado en el Estado de derecho.<\/p>\n<p>En el caso de los asi\u00e1ticos, esta es la\u00a0decimosegunda ocasi\u00f3n que logran hacerse con un asiento\u00a0en el Consejo de Seguridad de la ONU. La \u00faltima de ellas en un periodo de dos a\u00f1os que concluy\u00f3 en 2017. Desde entonces, Tokio hab\u00eda mostrado en repetidas ocasiones sus aspiraciones de unirse al organismo de forma permanente.<\/p>\n<p>&nbsp;<\/p>\n<div class=\"teads-inread teads-display sm-screen\">\n<div class=\"teads-ui-components-adchoices\"><\/div>\n<\/div>\n","protected":false},"excerpt":{"rendered":"<p>El ministro ecuatoriano Juan Carlos Holgu\u00edn habl\u00f3 en representaci\u00f3n de su pa\u00eds.\u00a0 \u00a0 \u00a0 \u00a0 \u00a0 \u00a0 \u00a0 \u00a0 FOTO Cortes\u00eda &nbsp; &#8211; El pa\u00eds&hellip;<\/p>\n","protected":false},"author":99,"featured_media":503671,"comment_status":"open","ping_status":"open","sticky":false,"template":"","format":"standard","meta":{"footnotes":""},"categories":[23],"tags":[],"class_list":["post-503670","post","type-post","status-publish","format-standard","has-post-thumbnail","hentry","category-latinoamerica"],"_links":{"self":[{"href":"https:\/\/diarioelpopular.com\/index.php\/wp-json\/wp\/v2\/posts\/503670","targetHints":{"allow":["GET"]}}],"collection":[{"href":"https:\/\/diarioelpopular.com\/index.php\/wp-json\/wp\/v2\/posts"}],"about":[{"href":"https:\/\/diarioelpopular.com\/index.php\/wp-json\/wp\/v2\/types\/post"}],"author":[{"embeddable":true,"href":"https:\/\/diarioelpopular.com\/index.php\/wp-json\/wp\/v2\/users\/99"}],"replies":[{"embeddable":true,"href":"https:\/\/diarioelpopular.com\/index.php\/wp-json\/wp\/v2\/comments?post=503670"}],"version-history":[{"count":1,"href":"https:\/\/diarioelpopular.com\/index.php\/wp-json\/wp\/v2\/posts\/503670\/revisions"}],"predecessor-version":[{"id":503672,"href":"https:\/\/diarioelpopular.com\/index.php\/wp-json\/wp\/v2\/posts\/503670\/revisions\/503672"}],"wp:featuredmedia":[{"embeddable":true,"href":"https:\/\/diarioelpopular.com\/index.php\/wp-json\/wp\/v2\/media\/503671"}],"wp:attachment":[{"href":"https:\/\/diarioelpopular.com\/index.php\/wp-json\/wp\/v2\/media?parent=503670"}],"wp:term":[{"taxonomy":"category","embeddable":true,"href":"https:\/\/diarioelpopular.com\/index.php\/wp-json\/wp\/v2\/categories?post=503670"},{"taxonomy":"post_tag","embeddable":true,"href":"https:\/\/diarioelpopular.com\/index.php\/wp-json\/wp\/v2\/tags?post=503670"}],"curies":[{"name":"wp","href":"https:\/\/api.w.org\/{rel}","templated":true}]}}