{"id":503694,"date":"2022-06-12T12:18:40","date_gmt":"2022-06-12T16:18:40","guid":{"rendered":"https:\/\/diarioelpopular.com\/?p=503694"},"modified":"2022-06-12T12:18:40","modified_gmt":"2022-06-12T16:18:40","slug":"bolivia-otro-juicio-contra-anez-por-matanzas","status":"publish","type":"post","link":"https:\/\/diarioelpopular.com\/index.php\/2022\/06\/12\/bolivia-otro-juicio-contra-anez-por-matanzas\/","title":{"rendered":"Bolivia: Otro juicio contra A\u00f1ez, por matanzas"},"content":{"rendered":"<p>&nbsp;<\/p>\n<p><img loading=\"lazy\" decoding=\"async\" class=\"alignnone size-custom-full-size wp-image-503695\" src=\"https:\/\/diarioelpopular.com\/wp-content\/uploads\/2022\/06\/310c3e8bb9279310925a25592b166346.jpg\" alt=\"\" width=\"476\" height=\"342\" srcset=\"https:\/\/diarioelpopular.com\/wp-content\/uploads\/2022\/06\/310c3e8bb9279310925a25592b166346.jpg 476w, https:\/\/diarioelpopular.com\/wp-content\/uploads\/2022\/06\/310c3e8bb9279310925a25592b166346-300x216.jpg 300w, https:\/\/diarioelpopular.com\/wp-content\/uploads\/2022\/06\/310c3e8bb9279310925a25592b166346-102x73.jpg 102w\" sizes=\"auto, (max-width: 476px) 100vw, 476px\" \/><\/p>\n<p><em>Manifestaci\u00f3n contra Jeanine A\u00f1ez. Nueva acci\u00f3n judicial en su contra<\/em><\/p>\n<h4><em><strong>&#8211; Senkata y Sacaba a la Justicia. &#8220;Pena benigna&#8221;, Evo Morales<\/strong><\/em><\/h4>\n<p><strong><em>LA PAZ 12 JUN &#8211;<\/em><\/strong> Tras la condena a diez a\u00f1os de prisi\u00f3n en la causa Golpe de Estado II, la expresidenta interina de Bolivia, Jeanine A\u00f1ez, deber\u00e1 afrontar un nuevo proceso penal por las matanzas a cargo de las fuerzas de seguridad ocurridas en Senkata y Sacaba, en 2019.<br \/>\nEl denominado Pacto de Unidad que aglutina a las organizaciones sociales del Movimiento Al Socialismo (MAS, el partido de Evo Morales, actualmente en el gobierno) se declar\u00f3 en estado de emergencia y anunci\u00f3 que presentar\u00e1 una nueva demanda penal contra la tambi\u00e9n exsenadora.<br \/>\nLa acci\u00f3n, anunci\u00f3 el movimiento, tambi\u00e9n ir\u00e1 contra otros pol\u00edticos, entre ellos el ex candidato presidencial Carlos Mesa y Luis Fernando Camacho, gobernador de Santa Cruz de la Sierra.<br \/>\n&#8220;Se debe sancionar a todos los que provocaron las muertes el a\u00f1o 2019 (\u2026) queremos aclarar que la denuncia ser\u00e1 presentada en los pr\u00f3ximos d\u00edas por la masacre que vivi\u00f3 el pueblo boliviano. No se debe confundir el proceso a la que ahora est\u00e1 sometida A\u00f1ez por el delito de golpe de Estado, es independiente al que iniciaremos&#8221;, se\u00f1alo Eve Rojas, de la Confederaci\u00f3n Sindical \u00danica de Trabajadores Campesinos de Bolivia, seg\u00fan el portal de la emisora Correo del Sur.<br \/>\nEl propio Evo Morales calific\u00f3 como una &#8220;pena benigna&#8221; la reciente sentencia de 10 a\u00f1os de prisi\u00f3n contra A\u00f1ez, encontrada culpable de incumplimiento de deberes y resoluciones contrarias a la Constituci\u00f3n y las leyes, por asumir la Presidencia en 2019, tras la dimisi\u00f3n forzada de Morales.<br \/>\n&#8220;Pese a las mentiras, chicanas e incluso actuaciones para decir que estaba enferma o a punto de morir, la justicia sentenci\u00f3 que A\u00f1ez y sus c\u00f3mplices asaltaron el poder con un golpe de Estado. 10 a\u00f1os de c\u00e1rcel es una pena benigna en relaci\u00f3n al da\u00f1o que causaron a la democracia&#8221;, escribi\u00f3 Morales en Twitter.<br \/>\nSeg\u00fan juristas locales, A\u00f1ez podr\u00eda recibir una nueva condena de 30 a\u00f1os de prisi\u00f3n.<br \/>\nLa masacre de Sacaba ocurri\u00f3 el 15 de noviembre de 2019 aunque empez\u00f3 a tomar forma d\u00edas antes en una reuni\u00f3n en la Estaci\u00f3n Policial de Huayllani, Cochabamba, cuando el comandante Jaime Zurita le advirti\u00f3 al dirigente del sector campesino de ese departamento, Jhonny Pardo: &#8220;Si ustedes ingresan a la ciudad, los voy a cazar&#8221;.<br \/>\nEl Decreto Supremo 4078 autorizaba a las fuerzas armadas a realizar operaciones para &#8220;reestablecer el orden&#8221; y exim\u00eda a los militares de cualquier responsabilidad penal.<br \/>\nFue el aval del r\u00e9gimen de A\u00f1ez para que sus oficiales act\u00faen con total impunidad.<br \/>\nCuando los manifestantes en una marcha pac\u00edfica intentaron ingresar a la ciudad de Cochabamba, fueron reprimidos por polic\u00edas y efectivos de las fuerzas armadas, que contaban con tanquetas, dos helic\u00f3pteros y una avioneta sobrevolando el lugar, causando 27 muertos y cientos de heridos.<br \/>\nAlgo parecido ocurri\u00f3 en Senkata, cuatro d\u00edas despu\u00e9s, cuando otra brutal represi\u00f3n aniquil\u00f3 a una decena de personas durante un operativo para desbloquear el paso de combustible desde una refiner\u00eda.<br \/>\nUna investigaci\u00f3n de la Comisi\u00f3n Interamericana de Derechos Humanos (CIDH) concluy\u00f3 que las fuerzas militares cometieron masacres contra civiles durante la convulsi\u00f3n social a fines de 2019.<br \/>\nY sostuvo que &#8220;hubo racismo y desprecio por la identidad ind\u00edgena&#8221;.<br \/>\nDe acuerdo con la CIDH, al menos 36 personas perdieron la vida en distintas regiones de Bolivia durante los conflictos posteriores al golpe de Estado contra Evo Morales.<\/p>\n","protected":false},"excerpt":{"rendered":"<p>&nbsp; Manifestaci\u00f3n contra Jeanine A\u00f1ez. Nueva acci\u00f3n judicial en su contra &#8211; Senkata y Sacaba a la Justicia. &#8220;Pena benigna&#8221;, Evo Morales LA PAZ 12&hellip;<\/p>\n","protected":false},"author":99,"featured_media":503695,"comment_status":"open","ping_status":"open","sticky":false,"template":"","format":"standard","meta":{"footnotes":""},"categories":[23],"tags":[],"class_list":["post-503694","post","type-post","status-publish","format-standard","has-post-thumbnail","hentry","category-latinoamerica"],"_links":{"self":[{"href":"https:\/\/diarioelpopular.com\/index.php\/wp-json\/wp\/v2\/posts\/503694","targetHints":{"allow":["GET"]}}],"collection":[{"href":"https:\/\/diarioelpopular.com\/index.php\/wp-json\/wp\/v2\/posts"}],"about":[{"href":"https:\/\/diarioelpopular.com\/index.php\/wp-json\/wp\/v2\/types\/post"}],"author":[{"embeddable":true,"href":"https:\/\/diarioelpopular.com\/index.php\/wp-json\/wp\/v2\/users\/99"}],"replies":[{"embeddable":true,"href":"https:\/\/diarioelpopular.com\/index.php\/wp-json\/wp\/v2\/comments?post=503694"}],"version-history":[{"count":1,"href":"https:\/\/diarioelpopular.com\/index.php\/wp-json\/wp\/v2\/posts\/503694\/revisions"}],"predecessor-version":[{"id":503696,"href":"https:\/\/diarioelpopular.com\/index.php\/wp-json\/wp\/v2\/posts\/503694\/revisions\/503696"}],"wp:featuredmedia":[{"embeddable":true,"href":"https:\/\/diarioelpopular.com\/index.php\/wp-json\/wp\/v2\/media\/503695"}],"wp:attachment":[{"href":"https:\/\/diarioelpopular.com\/index.php\/wp-json\/wp\/v2\/media?parent=503694"}],"wp:term":[{"taxonomy":"category","embeddable":true,"href":"https:\/\/diarioelpopular.com\/index.php\/wp-json\/wp\/v2\/categories?post=503694"},{"taxonomy":"post_tag","embeddable":true,"href":"https:\/\/diarioelpopular.com\/index.php\/wp-json\/wp\/v2\/tags?post=503694"}],"curies":[{"name":"wp","href":"https:\/\/api.w.org\/{rel}","templated":true}]}}