{"id":503763,"date":"2022-06-15T09:22:25","date_gmt":"2022-06-15T13:22:25","guid":{"rendered":"https:\/\/diarioelpopular.com\/?p=503763"},"modified":"2022-06-15T09:22:25","modified_gmt":"2022-06-15T13:22:25","slug":"acusan-a-mujer-de-asesinar-a-su-esposo-y-hacer-empanadas-con-su-carne","status":"publish","type":"post","link":"https:\/\/diarioelpopular.com\/index.php\/2022\/06\/15\/acusan-a-mujer-de-asesinar-a-su-esposo-y-hacer-empanadas-con-su-carne\/","title":{"rendered":"Acusan a mujer de asesinar a su esposo y hacer empanadas con su carne"},"content":{"rendered":"<p>&nbsp;<\/p>\n<p><img loading=\"lazy\" decoding=\"async\" class=\"alignnone size-custom-full-size wp-image-503764\" src=\"https:\/\/diarioelpopular.com\/wp-content\/uploads\/2022\/06\/62a9d1b109343-636x318.jpg\" alt=\"\" width=\"636\" height=\"318\" srcset=\"https:\/\/diarioelpopular.com\/wp-content\/uploads\/2022\/06\/62a9d1b109343-636x318.jpg 636w, https:\/\/diarioelpopular.com\/wp-content\/uploads\/2022\/06\/62a9d1b109343-300x150.jpg 300w, https:\/\/diarioelpopular.com\/wp-content\/uploads\/2022\/06\/62a9d1b109343-768x384.jpg 768w, https:\/\/diarioelpopular.com\/wp-content\/uploads\/2022\/06\/62a9d1b109343-146x73.jpg 146w, https:\/\/diarioelpopular.com\/wp-content\/uploads\/2022\/06\/62a9d1b109343.jpg 950w\" sizes=\"auto, (max-width: 636px) 100vw, 636px\" \/><\/p>\n<p><em>Los restos de Daniel Silvero fueron hallados gracias a la confesi\u00f3n de su esposa.<\/em><\/p>\n<h4><em><strong>&#8211; El hombre estaba siendo investigado por abuso sexual contra mujeres de su familia.<\/strong><\/em><\/h4>\n<p>En Villas de Fiorito, al nordeste de Buenos Aires, la comunidad se ha llevado la horrorosa sorpresa de que se perpetr\u00f3 el asesinato del carnicero Daniel Tom\u00e1s Silvero, presuntamente por su misma esposa e hijos. Adem\u00e1s,<b>\u00a0l<\/b>as autoridades se\u00f1alan que la v\u00edctima habr\u00eda sido descuartizada para disponer de su cad\u00e1ver.<\/p>\n<p>Testigos del sector comentaron a los investigadores que sospechaban que los due\u00f1os de la carnicer\u00eda habr\u00edan elaborado empanadas de carne con los restos del fallecido. Una vecina de la familia expres\u00f3 que no era usual verlos vender empanadas, y que precisamente en los d\u00edas posteriores a la desaparici\u00f3n de Silvero empezaron a vender cantidades de dicho alimento.<\/p>\n<p id=\"p680343-m865-3-866\" class=\"contenido\">\u201cYo sab\u00eda que ella siempre trabajaba en la feria, a la par del hombre, pero no s\u00e9 si vend\u00eda empanadas antes\u201d, declar\u00f3 para el medio local \u2018Cr\u00f3nica\u2019.<\/p>\n<p id=\"p680343-m871-4-872\" class=\"contenido\">El hombre asesinado hab\u00eda sido denunciado por dos casos de agresi\u00f3n sexual:\u00a0el primero contra su hija biol\u00f3gica en el 2010, y una segunda vez en la que la v\u00edctima ser\u00eda la hija de su esposa, en el 2019.<\/p>\n<p id=\"p680343-m883-6-884\" class=\"contenido\">Desapareci\u00f3 el pasado 1 de junio, situaci\u00f3n que fue denunciada por una de las hijas de Silvero, que report\u00f3 haber recibido mensajes de su padre que eran poco caracter\u00edsticos. Le hab\u00eda avisado que estaba en b\u00fasqueda de un nuevo apartamento para arrendar y que cambiar\u00eda su l\u00ednea de tel\u00e9fono.<\/p>\n<p id=\"p680343-m889-7-890\" class=\"contenido\">Sin embargo, fue captado en c\u00e1maras de seguridad llegando a la vivienda que compart\u00eda con su \u00faltima pareja. Encontraron parte de sus restos en un vertedero de basura cercano al sector e iniciaron las investigaciones pertinentes del caso.<\/p>\n<p id=\"p680343-m901-9-902\" class=\"contenido\">Laura Marcela Campos, la esposa de Silvero, admiti\u00f3 haber cometido el cr\u00edmen contra su marido, pero debido a que no se brind\u00f3 el testimonio ante la autoridad competente para el caso, fue desestimado. De igual manera, pudieron continuar con las pesquisas y encontrar la cabeza desmembrada en un bote de cemento.<\/p>\n<p id=\"p680343-m913-11-914\" class=\"contenido\">La mujer confes\u00f3 que asesin\u00f3 a su esposo a golpes, descuartiz\u00f3 el cuerpo y posteriormente lanz\u00f3 sus restos en las Lomas de Zamora.\u00a0Gracias a esa informaci\u00f3n, la polic\u00eda pudo encontrar otras partes del cad\u00e1ver y aprehendieron a Campos y sus dos hijos, por ser sospechosos de c\u00f3mplices en el crimen.<\/p>\n<p>&nbsp;<\/p>\n","protected":false},"excerpt":{"rendered":"<p>&nbsp; Los restos de Daniel Silvero fueron hallados gracias a la confesi\u00f3n de su esposa. &#8211; El hombre estaba siendo investigado por abuso sexual contra&hellip;<\/p>\n","protected":false},"author":99,"featured_media":503764,"comment_status":"open","ping_status":"open","sticky":false,"template":"","format":"standard","meta":{"footnotes":""},"categories":[23],"tags":[],"class_list":["post-503763","post","type-post","status-publish","format-standard","has-post-thumbnail","hentry","category-latinoamerica"],"_links":{"self":[{"href":"https:\/\/diarioelpopular.com\/index.php\/wp-json\/wp\/v2\/posts\/503763","targetHints":{"allow":["GET"]}}],"collection":[{"href":"https:\/\/diarioelpopular.com\/index.php\/wp-json\/wp\/v2\/posts"}],"about":[{"href":"https:\/\/diarioelpopular.com\/index.php\/wp-json\/wp\/v2\/types\/post"}],"author":[{"embeddable":true,"href":"https:\/\/diarioelpopular.com\/index.php\/wp-json\/wp\/v2\/users\/99"}],"replies":[{"embeddable":true,"href":"https:\/\/diarioelpopular.com\/index.php\/wp-json\/wp\/v2\/comments?post=503763"}],"version-history":[{"count":1,"href":"https:\/\/diarioelpopular.com\/index.php\/wp-json\/wp\/v2\/posts\/503763\/revisions"}],"predecessor-version":[{"id":503765,"href":"https:\/\/diarioelpopular.com\/index.php\/wp-json\/wp\/v2\/posts\/503763\/revisions\/503765"}],"wp:featuredmedia":[{"embeddable":true,"href":"https:\/\/diarioelpopular.com\/index.php\/wp-json\/wp\/v2\/media\/503764"}],"wp:attachment":[{"href":"https:\/\/diarioelpopular.com\/index.php\/wp-json\/wp\/v2\/media?parent=503763"}],"wp:term":[{"taxonomy":"category","embeddable":true,"href":"https:\/\/diarioelpopular.com\/index.php\/wp-json\/wp\/v2\/categories?post=503763"},{"taxonomy":"post_tag","embeddable":true,"href":"https:\/\/diarioelpopular.com\/index.php\/wp-json\/wp\/v2\/tags?post=503763"}],"curies":[{"name":"wp","href":"https:\/\/api.w.org\/{rel}","templated":true}]}}