{"id":503805,"date":"2022-06-16T09:39:54","date_gmt":"2022-06-16T13:39:54","guid":{"rendered":"https:\/\/diarioelpopular.com\/?p=503805"},"modified":"2022-06-16T09:39:54","modified_gmt":"2022-06-16T13:39:54","slug":"las-bambas-jovenes-frenan-planes-de-expansion-de-una-gran-minera-china","status":"publish","type":"post","link":"https:\/\/diarioelpopular.com\/index.php\/2022\/06\/16\/las-bambas-jovenes-frenan-planes-de-expansion-de-una-gran-minera-china\/","title":{"rendered":"Las Bambas:  j\u00f3venes frenan planes de expansi\u00f3n de una gran minera china"},"content":{"rendered":"<p>&nbsp;<\/p>\n<p><img loading=\"lazy\" decoding=\"async\" class=\"alignnone size-custom-full-size wp-image-503806\" src=\"https:\/\/diarioelpopular.com\/wp-content\/uploads\/2022\/06\/62a9cc2097e10-636x318.jpg\" alt=\"\" width=\"636\" height=\"318\" srcset=\"https:\/\/diarioelpopular.com\/wp-content\/uploads\/2022\/06\/62a9cc2097e10-636x318.jpg 636w, https:\/\/diarioelpopular.com\/wp-content\/uploads\/2022\/06\/62a9cc2097e10-300x150.jpg 300w, https:\/\/diarioelpopular.com\/wp-content\/uploads\/2022\/06\/62a9cc2097e10-768x384.jpg 768w, https:\/\/diarioelpopular.com\/wp-content\/uploads\/2022\/06\/62a9cc2097e10-146x73.jpg 146w, https:\/\/diarioelpopular.com\/wp-content\/uploads\/2022\/06\/62a9cc2097e10.jpg 950w\" sizes=\"auto, (max-width: 636px) 100vw, 636px\" \/><\/p>\n<div class=\"titulo-foto-bk credito-image-bk\">\n<p class=\"titulo\"><em>Romualdo Ochoa, en la cima desde la que vigilan la mina Las Bambas, a lo lejos.<\/em><\/p>\n<\/div>\n<div class=\"credito-apertura-strong-bk\"><em><strong>FOTO:<\/strong>\u00a0<a class=\"page-link\" href=\"https:\/\/www.eltiempo.com\/mundo\/latinoamerica\/las-bambas-jovenes-frenan-planes-de-expansion-de-una-gran-minera-china-680334\">FLOR RUIZ<\/a><\/em><\/div>\n<div class=\"epigraph-container lead\"><\/div>\n<p><em><strong>&#8211; MMG, propietaria de Las Bambas, una de las mayores minas de cobre del mundo, quiere ampliarla.<\/strong><\/em><\/p>\n<p id=\"p680334-m1260-1259-1261\" class=\"contenido\">Sentado en el cerro Chalcobamba, a casi 4.700 metros de altura en los Andes peruanos, Romualdo Ochoa, l\u00edder de la comunidad ind\u00edgena de Huancuire, proclama: &#8220;Hemos venido con nuestros animales para recuperar nuestras tierras&#8221;.<\/p>\n<p id=\"p680334-m1266-1-1267\" class=\"contenido\">Desde aqu\u00ed arriba, donde los pocos forasteros que llegan suelen sucumbir al mal de altura, Ochoa divisa el estrecho valle en la regi\u00f3n Apur\u00edmac en que su comunidad ha vivido durante siglos dedicada a las tareas del campo.<\/p>\n<p id=\"p680334-m1272-2-1273\" class=\"contenido\">El l\u00edder ind\u00edgena, como otros hombres del lugar, pasa \u00faltimamente m\u00e1s tiempo subido a las alturas de Chalcobamba que en los campos donde se recogen las papas y pastan las ovejas.<\/p>\n<p id=\"p680334-m1278-3-1279\" class=\"contenido\">Le cuesta expresarse en espa\u00f1ol, idioma que aprendi\u00f3 con 21 a\u00f1os, pero su mensaje est\u00e1 claro. Chalcobamba les pertenece a los ind\u00edgenas de Huancuire. Es &#8220;el legado de sus ancestros&#8221;.<\/p>\n<p id=\"p680334-m1284-4-1285\" class=\"contenido\">El problema es que\u00a0una gigantesca multinacional china de la miner\u00eda, MMG, tambi\u00e9n dice que Chalcobamba es suyo.<\/p>\n<p id=\"p680334-m1290-5-1291\" class=\"contenido\">Pero ni los documentos que esgrime la minera, ni el permiso que le concedi\u00f3 el Ministerio de Energ\u00eda y Minas para empezar a explotar las riquezas minerales que esconde esta monta\u00f1a rocosa son argumentos suficientes para los ind\u00edgenas de Huancuire, que permanecen acampados aqu\u00ed, combatiendo las g\u00e9lidas temperaturas de la noche en las alturas andinas a base de mucho abrigo y caldo de cordero.<\/p>\n<p id=\"p680334-m1296-6-1297\" class=\"contenido\">Armados con sus warakas, la tradicional honda ind\u00edgena, se dicen resueltos a repeler cualquier intento de arrebatarles una monta\u00f1a que consideran suya desde tiempo inmemorial.<\/p>\n<p id=\"p680334-m1302-7-1303\" class=\"contenido\">Han colocado en la cima una bandera de Per\u00fa y desde ah\u00ed hacen guardia d\u00eda y noche.<\/p>\n<p id=\"p680334-m1308-8-1309\" class=\"contenido\">El litigio comenz\u00f3 en 2013, cuando la compa\u00f1\u00eda china y los l\u00edderes de la comunidad huancuire firmaron un contrato por el que MMG adquiri\u00f3 los terrenos de Chalcobamba, pero las nuevas generaciones de ind\u00edgenas aseguran que la compa\u00f1\u00eda enga\u00f1\u00f3 a sus mayores en las negociaciones aprovech\u00e1ndose de su ignorancia.<\/p>\n<p id=\"p680334-m1314-9-1315\" class=\"contenido\">&#8220;No sab\u00edan leer y escribir, no sab\u00edan castellano, y fueron enga\u00f1ados para apropiarse de nuestras tierras&#8221;, dice su l\u00edder actual.<\/p>\n<p id=\"p680334-m1320-10-1321\" class=\"contenido\">A cientos de kil\u00f3metros de all\u00ed, en Lima, donde se ubica la sede de MMG en Per\u00fa, su gerente de asuntos legales, Claudio C\u00e1ceres, le dio a BBC Mundo una versi\u00f3n diferente.<\/p>\n<p id=\"p680334-m1326-11-1327\" class=\"contenido\">&#8220;Pagamos por la compraventa 122 millones de soles (unos US$ 32,2 millones al cambio actual) en 2013. En 2017 la comunidad pretendi\u00f3 desconocer esa compraventa y firmamos una transacci\u00f3n judicial para cerrar cualquier controversia por la que pagamos 100 millones (de soles)&#8221;.<\/p>\n<p id=\"p680334-m1332-12-1333\" class=\"contenido\">Los ind\u00edgenas niegan haber recibido estas cantidades.<\/p>\n<p id=\"p680334-m1338-13-1339\" class=\"contenido\">Las diferencias se mantienen y ya ha habido enfrentamientos.<\/p>\n<p id=\"p680334-m1344-14-1345\" class=\"contenido\">El \u00faltimo el pasado 31 de mayo, cuando personal de la compa\u00f1\u00eda trat\u00f3 de acceder a Chalcobamba escoltado por la polic\u00eda. Seg\u00fan los comuneros, uno de ellos result\u00f3 herido por un perdig\u00f3n lanzado por la polic\u00eda. La minera habl\u00f3 en un comunicado de &#8220;algunos heridos y contusos en los efectivos de la PNP (Polic\u00eda Nacional de Per\u00fa) y personal de mantenimiento&#8221;.<\/p>\n<p id=\"p680334-m1350-15-1351\" class=\"contenido\">No era la primera vez que se produc\u00edan episodios de violencia en la zona, en la que el gobierno de Pedro Castillo decret\u00f3 el estado de emergencia el pasado abril para encauzar la situaci\u00f3n.<\/p>\n<p id=\"p680334-m1356-16-1357\" class=\"contenido\"><em><strong>Pero, \u00bfpor qu\u00e9 es tan importante este paraje monta\u00f1oso y aislado?<\/strong><\/em><\/p>\n<p><img loading=\"lazy\" decoding=\"async\" class=\"alignnone size-custom-full-size wp-image-503807\" src=\"https:\/\/diarioelpopular.com\/wp-content\/uploads\/2022\/06\/7b12594d-9a30-4aa4-8953-ad8283c0395c-636x636.png\" alt=\"\" width=\"636\" height=\"636\" srcset=\"https:\/\/diarioelpopular.com\/wp-content\/uploads\/2022\/06\/7b12594d-9a30-4aa4-8953-ad8283c0395c-636x636.png 636w, https:\/\/diarioelpopular.com\/wp-content\/uploads\/2022\/06\/7b12594d-9a30-4aa4-8953-ad8283c0395c-150x150.png 150w, https:\/\/diarioelpopular.com\/wp-content\/uploads\/2022\/06\/7b12594d-9a30-4aa4-8953-ad8283c0395c-300x300.png 300w, https:\/\/diarioelpopular.com\/wp-content\/uploads\/2022\/06\/7b12594d-9a30-4aa4-8953-ad8283c0395c-768x768.png 768w, https:\/\/diarioelpopular.com\/wp-content\/uploads\/2022\/06\/7b12594d-9a30-4aa4-8953-ad8283c0395c-73x73.png 73w, https:\/\/diarioelpopular.com\/wp-content\/uploads\/2022\/06\/7b12594d-9a30-4aa4-8953-ad8283c0395c.png 920w\" sizes=\"auto, (max-width: 636px) 100vw, 636px\" \/><\/p>\n<p id=\"p680334-m1362-17-1363\" class=\"contenido\">La respuesta est\u00e1 al otro lado de la monta\u00f1a, en la gigantesca mina Las Bambas, propiedad de MMG, un descomunal mordisco a la cordillera andina cuya vista domina el paisaje.<\/p>\n<p id=\"p680334-m1368-18-1369\" class=\"contenido\">Los datos dan una idea de la magnitud de Las Bambas.<\/p>\n<p id=\"p680334-m1374-19-1375\" class=\"contenido\">Es una de las minas de cobre m\u00e1s grandes del mundo y seg\u00fan MMG, cuyo principal accionista es el Estado chino, se trata de la mayor inversi\u00f3n que Pek\u00edn ha hecho nunca en una mina en el extranjero.<\/p>\n<p id=\"p680334-m1380-20-1381\" class=\"contenido\">Solo el a\u00f1o pasado produjo 290.000 toneladas de cobre y en sus primero cinco a\u00f1os de actividad sum\u00f3 dos millones de toneladas. Las reservas se calculan en unos 5.630 millones de toneladas, a explotar durante los 18 a\u00f1os de vida \u00fatil de la mina.<\/p>\n<p id=\"p680334-m1386-21-1387\" class=\"contenido\">&#8220;Las Bambas es la segunda empresa minera m\u00e1s importante de Am\u00e9rica Latina y est\u00e1 llegando al 2% del Producto Interno Bruto de Per\u00fa&#8221;, explic\u00f3 Roberto S\u00e1nchez Palomino, ministro de Comercio Exterior de Per\u00fa.<\/p>\n<p id=\"p680334-m1392-22-1393\" class=\"contenido\">Pero la producci\u00f3n en los \u00faltimos a\u00f1os ha comenzado a decaer. Por eso MMG quiere abrir cuanto antes un segundo tajo de explotaci\u00f3n en Chalcobamba.<\/p>\n<p id=\"p680334-m1398-23-1399\" class=\"contenido\">Troy Hey, gerente general de MMG, le dijo a BBC Mundo que &#8220;Chalcobamba es cr\u00edtico para mantener los niveles de producci\u00f3n de Las Bambas&#8221;.<\/p>\n<p id=\"p680334-m1404-24-1405\" class=\"contenido\">El directivo lamenta que el proyecto se ha visto retrasado por la demora en la concesi\u00f3n de los permisos necesarios. Ahora que todo est\u00e1 listo y que el precio del cobre alcanza niveles r\u00e9cord en los mercados internacionales, solo la resistencia de los alrededor de 400 ind\u00edgenas de Huancuire impide llevarlo a cabo.<\/p>\n<p id=\"p680334-m1410-25-1411\" class=\"contenido\">&#8220;Si no obtenemos acceso a esa mina y no podemos desarrollar las operaciones, perdemos dinero cada d\u00eda&#8221;, se queja Hey.<\/p>\n<p id=\"p680334-m1416-26-1417\" class=\"contenido\">El potencial de Chalcobamba se percibe a simple vista. El tono rojizo del cobre se aprecia en las rocas y los ind\u00edgenas ya han comenzado a hacer all\u00ed a escala artesanal lo que MMG lleva a\u00f1os haciendo a escala industrial en Las Bambas: sacarlo y venderlo.<\/p>\n<p id=\"p680334-m1422-27-1423\" class=\"contenido\">En un mundo cada vez m\u00e1s dependiente de los dispositivos electr\u00f3nicos y al que el calentamiento global empuja hacia alternativas a los combustibles f\u00f3siles, el cobre se ha convertido en uno de los art\u00edculos m\u00e1s demandados.<\/p>\n<p id=\"p680334-m1428-28-1429\" class=\"contenido\">El shock en los mercados energ\u00e9ticos provocado por la guerra de Ucrania no ha hecho sino acentuar la tendencia.<\/p>\n<p id=\"p680334-m1434-29-1435\" class=\"contenido\">Y Per\u00fa, segundo productor mundial del mineral despu\u00e9s de Chile, se ha convertido en el escenario de cada vez m\u00e1s conflictos entre las multinacionales que lo extraen y comunidades locales que creen que el trato recibido no es justo, en medio de reproches al presidente Pedro Castillo y su aparente incapacidad para encauzar un problema cuyo precio ya paga la econom\u00eda nacional.<\/p>\n<p id=\"p680334-m1440-30-1441\" class=\"contenido\">Un informe de la Defensor\u00eda del Pueblo publicado el 7 de junio se\u00f1ala que 86 de los 130 conflictos sociales en curso en Per\u00fa est\u00e1n relacionados con la acci\u00f3n de compa\u00f1\u00edas mineras y otro estudio del Banco de Cr\u00e9dito del Per\u00fa arroj\u00f3 que la producci\u00f3n minera nacional cay\u00f3 un 0,5% el pasado marzo.<\/p>\n<p id=\"p680334-m1446-31-1447\" class=\"contenido\">Para el ministro S\u00e1nchez Palomina, &#8220;el pa\u00eds est\u00e1 perdiendo una oportunidad&#8221; al no beneficiarse todo lo que podr\u00eda de los altos precios de las materias primas.<\/p>\n<p id=\"p680334-m1452-32-1453\" class=\"contenido\">Pero las divergencias en torno a Las Bambas no son nada nuevo.<\/p>\n<p id=\"p680334-m1458-33-1459\" class=\"contenido\">La mina ha visto paralizada su producci\u00f3n cerca de 400 d\u00edas desde que comenz\u00f3 a operar en 2016. En 2015 tres personas murieron en enfrentamientos con la polic\u00eda en una protesta contra su entrada en funcionamiento.<\/p>\n<p id=\"p680334-m1470-35-1471\" class=\"contenido\">Adem\u00e1s de Huancuire, otras comunidades vecinas como Chila, Fuerabamba, Choaquere, Pumamarca y Chuicuni est\u00e1n en pie de lucha contra Las Bambas y han bloqueado los accesos a la mina para impedirle producir. Cada una tiene su propia lista de quejas, en la que destacan el incumplimiento de la promesa de darles trabajo en la instalaci\u00f3n y supuestos da\u00f1os al medio ambiente.<\/p>\n<p id=\"p680334-m1476-36-1477\" class=\"contenido\">El pulso en torno a Las Bambas y la negativa de la comunidad de Huancuire a cumplir el contrato que sus mayores firmaron sobre Chalcobamba se ha convertido en un problema nacional y el env\u00edo de sucesivas comitivas de ministros y cada vez m\u00e1s agentes de polic\u00eda a la zona no han servido hasta ahora para solucionarlo.<\/p>\n<p id=\"p680334-m1482-37-1483\" class=\"contenido\">Cuando el pasado 19 de mayo el primer Ministro, An\u00edbal Torres, viaj\u00f3 a la zona para reunirse con los comuneros, fue recibido con gritos de protesta y se march\u00f3 sin que se llegara a ning\u00fan acuerdo, como pudo presenciar BBC Mundo.<\/p>\n<p id=\"p680334-m1488-38-1489\" class=\"contenido\">Se trata de un asunto inc\u00f3modo para Castillo, que prometi\u00f3 en la campa\u00f1a una nueva relaci\u00f3n con las compa\u00f1\u00edas extranjeras para que su actividad redunde en beneficio de los peruanos y que fue candidato de un partido, Per\u00fa Libre, que aboga por la nacionalizaci\u00f3n de los recursos naturales.<\/p>\n<p id=\"p680334-m1494-39-1495\" class=\"contenido\">Baltazar Lantar\u00f3n, gobernador de Apur\u00edmac, tiene claro que la mina parada no es un buen negocio. Seg\u00fan sus c\u00e1lculos, Las Bambas aporta un 70% del PIB de la regi\u00f3n. &#8220;Aparte de generar ingresos, genera trabajos tambi\u00e9n&#8221;, indica en conversaci\u00f3n con BBC Mundo.<\/p>\n<p id=\"p680334-m1500-40-1501\" class=\"contenido\">Los m\u00e1s preocupados son quienes dependen de la mina para comer. Seg\u00fan c\u00e1lculos sindicales son aproximadamente 9.000 los empleos directos e indirectos en peligro por la paralizaci\u00f3n de la mina. Uno de los que se ha quedado de momento sin trabajo es Eyner Arredondo.<\/p>\n<p id=\"p680334-m1506-41-1507\" class=\"contenido\">&#8220;Sin poder trabajar nos sentimos en la calle, en la nada. En Apur\u00edmac pr\u00e1cticamente todo el pueblo apoy\u00f3 a este gobierno. Pero nos hemos sentido defraudados&#8221;.<\/p>\n<p id=\"p680334-m1512-42-1513\" class=\"contenido\">El ministro S\u00e1nchez Palomino, que ha viajado varias veces a la zona para desbloquear el conflicto, recuerda que Castillo lleva menos de un a\u00f1o en el gobierno y para un problema tan complejo, no existen &#8220;soluciones de un d\u00eda a otro&#8221;.<\/p>\n<p id=\"p680334-m1530-45-1531\" class=\"contenido\">En la mina la tensi\u00f3n se palpa. Un fuerte dispositivo de seguridad custodia unas instalaciones, en las que impera una extra\u00f1a calma lejos de la febril actividad de otras \u00e9pocas.<\/p>\n<p id=\"p680334-m1536-46-1537\" class=\"contenido\">Un nutrido contingente de polic\u00edas equipados con material antidisturbios recibe a los reporteros, sobre los que vuela alguna pedrada intimidatoria del grupo de comuneros apostados a la entrada.<\/p>\n<p id=\"p680334-m1542-47-1543\" class=\"contenido\">Al otro lado de la valla de acceso, media docena de autos carbonizados. Seg\u00fan el personal de seguridad de la compa\u00f1\u00eda, los comuneros los quemaron en sus ataques a las instalaciones.<\/p>\n<p id=\"p680334-m1548-48-1549\" class=\"contenido\">En un alto sobre el tajo principal, los veh\u00edculos de acarreo, gigantescos camiones encargados de transportar el mineral en bruto, llevan semanas estacionados. La \u00fanica maquinaria en funcionamiento son las que se encargan de asegurar su mantenimiento.<\/p>\n<p id=\"p680334-m1554-49-1555\" class=\"contenido\">Pero, mientras los trabajadores de la mina se manifiestan en Lima en busca de soluciones y la compa\u00f1\u00eda asegura que la situaci\u00f3n es &#8220;extrema e insostenible&#8221;, en Huancuire las cosas se ven de manera radicalmente diferente.<\/p>\n<p id=\"p680334-m1560-50-1561\" class=\"contenido\">Familias enteras pasan el d\u00eda dedicadas a recolectar papas. Monta\u00f1as de ellas se agrupan junto a los sembrados. Al mediod\u00eda, hacen una pausa y cocinan algunas bajo la tierra para comerlas con algo de queso casero mientras conversan animadamente en quechua.<\/p>\n<p><em><strong><span id=\"p680334-m1566-51-1567\" class=\"articulo-subtitulo\">&#8220;El Estado nunca pis\u00f3 aqu\u00ed&#8221;<\/span><\/strong><\/em><\/p>\n<p id=\"p680334-m1572-52-1573\" class=\"contenido\">Una de las m\u00e1s j\u00f3venes es Ruth Candia Ochoa. A sus 25 a\u00f1os, el suyo es un caso poco frecuente en la comunidad. March\u00f3 a Arequipa a formarse y ahora de vuelta es una de sus dirigentes y completa sus estudios de Administraci\u00f3n de Empresas.<\/p>\n<p id=\"p680334-m1578-53-1579\" class=\"contenido\">Pese a su juventud, dice recordar la \u00e9poca en la que sus mayores rend\u00edan ofrendas rituales a Chalcobamba y otros cerros, a los que ve\u00edan como monta\u00f1as sagradas. Por eso lamenta especialmente la cesi\u00f3n de Chalcobamba.<\/p>\n<p id=\"p680334-m1584-54-1585\" class=\"contenido\">&#8220;A medida que han pasado los a\u00f1os, la gente se ha dado cuenta de que no hubo ning\u00fan progreso en la comunidad&#8221;, afirma.<\/p>\n<p id=\"p680334-m1590-55-1591\" class=\"contenido\">&#8220;Nosotros necesitamos espacio para la ganader\u00eda y para la agricultura, y los ancianos se dan cuenta de que cedieron la mitad del territorio a cambio de nada. Por eso los j\u00f3venes estamos en pie de lucha&#8221;.<\/p>\n<p id=\"p680334-m1596-56-1597\" class=\"contenido\">Candia asegura que tienen la lecci\u00f3n aprendida y esta vez no ceder\u00e1n ni ante la compa\u00f1\u00eda ni ante el Estado, que seg\u00fan ella nunca antes se interes\u00f3 por ellos.<\/p>\n<p id=\"p680334-m1602-57-1603\" class=\"contenido\">&#8220;Ni un alcalde pis\u00f3 nunca aqu\u00ed antes de que apareciera la miner\u00eda&#8221;.<\/p>\n<p id=\"p680334-m1608-58-1609\" class=\"contenido\">Ruth, como otros j\u00f3venes de la comunidad, se siente dolida por c\u00f3mo se ve el conflicto desde otros lugares de Per\u00fa. &#8220;Nos critican en las redes sociales, diciendo que queremos plata y m\u00e1s plata, que no somos capaces de pensar en otras personas. En nosotros nunca ha pensado nadie&#8221;.<\/p>\n<p id=\"p680334-m1614-59-1615\" class=\"contenido\">&#8220;Si la empresa se va despu\u00e9s de explotar todos estos recursos, \u00bfqui\u00e9n se acordar\u00e1 de nosotros?&#8221;<\/p>\n","protected":false},"excerpt":{"rendered":"<p>&nbsp; Romualdo Ochoa, en la cima desde la que vigilan la mina Las Bambas, a lo lejos. FOTO:\u00a0FLOR RUIZ &#8211; MMG, propietaria de Las Bambas,&hellip;<\/p>\n","protected":false},"author":99,"featured_media":503806,"comment_status":"open","ping_status":"open","sticky":false,"template":"","format":"standard","meta":{"footnotes":""},"categories":[11358,23],"tags":[],"class_list":["post-503805","post","type-post","status-publish","format-standard","has-post-thumbnail","hentry","category-especiales","category-latinoamerica"],"_links":{"self":[{"href":"https:\/\/diarioelpopular.com\/index.php\/wp-json\/wp\/v2\/posts\/503805","targetHints":{"allow":["GET"]}}],"collection":[{"href":"https:\/\/diarioelpopular.com\/index.php\/wp-json\/wp\/v2\/posts"}],"about":[{"href":"https:\/\/diarioelpopular.com\/index.php\/wp-json\/wp\/v2\/types\/post"}],"author":[{"embeddable":true,"href":"https:\/\/diarioelpopular.com\/index.php\/wp-json\/wp\/v2\/users\/99"}],"replies":[{"embeddable":true,"href":"https:\/\/diarioelpopular.com\/index.php\/wp-json\/wp\/v2\/comments?post=503805"}],"version-history":[{"count":1,"href":"https:\/\/diarioelpopular.com\/index.php\/wp-json\/wp\/v2\/posts\/503805\/revisions"}],"predecessor-version":[{"id":503808,"href":"https:\/\/diarioelpopular.com\/index.php\/wp-json\/wp\/v2\/posts\/503805\/revisions\/503808"}],"wp:featuredmedia":[{"embeddable":true,"href":"https:\/\/diarioelpopular.com\/index.php\/wp-json\/wp\/v2\/media\/503806"}],"wp:attachment":[{"href":"https:\/\/diarioelpopular.com\/index.php\/wp-json\/wp\/v2\/media?parent=503805"}],"wp:term":[{"taxonomy":"category","embeddable":true,"href":"https:\/\/diarioelpopular.com\/index.php\/wp-json\/wp\/v2\/categories?post=503805"},{"taxonomy":"post_tag","embeddable":true,"href":"https:\/\/diarioelpopular.com\/index.php\/wp-json\/wp\/v2\/tags?post=503805"}],"curies":[{"name":"wp","href":"https:\/\/api.w.org\/{rel}","templated":true}]}}