{"id":503864,"date":"2022-06-18T10:53:32","date_gmt":"2022-06-18T14:53:32","guid":{"rendered":"https:\/\/diarioelpopular.com\/?p=503864"},"modified":"2022-06-18T10:53:32","modified_gmt":"2022-06-18T14:53:32","slug":"colombia-un-balotaje-pleno-de-incertidumbre","status":"publish","type":"post","link":"https:\/\/diarioelpopular.com\/index.php\/2022\/06\/18\/colombia-un-balotaje-pleno-de-incertidumbre\/","title":{"rendered":"Colombia: Un balotaje pleno de incertidumbre"},"content":{"rendered":"<p>&nbsp;<\/p>\n<p><img loading=\"lazy\" decoding=\"async\" class=\"alignnone size-custom-full-size wp-image-503865\" src=\"https:\/\/diarioelpopular.com\/wp-content\/uploads\/2022\/06\/555690b8e4855c6de8ae4746ac87c40d.jpg\" alt=\"\" width=\"476\" height=\"321\" srcset=\"https:\/\/diarioelpopular.com\/wp-content\/uploads\/2022\/06\/555690b8e4855c6de8ae4746ac87c40d.jpg 476w, https:\/\/diarioelpopular.com\/wp-content\/uploads\/2022\/06\/555690b8e4855c6de8ae4746ac87c40d-300x202.jpg 300w, https:\/\/diarioelpopular.com\/wp-content\/uploads\/2022\/06\/555690b8e4855c6de8ae4746ac87c40d-80x55.jpg 80w, https:\/\/diarioelpopular.com\/wp-content\/uploads\/2022\/06\/555690b8e4855c6de8ae4746ac87c40d-108x73.jpg 108w\" sizes=\"auto, (max-width: 476px) 100vw, 476px\" \/><\/p>\n<p><em>Clima electoral en Colombia. El eslogan de la izquierda: &#8220;vamos a vivir saboro&#8221;&#8230;<\/em><\/p>\n<p>&nbsp;<\/p>\n<h4><em><strong>&#8211; El candidato ex-guerrillero de la izquierda que despierta temores en crearse otra Venezuela<\/strong><\/em><\/h4>\n<p><em><strong>BOGOTA 18 JUN &#8211;<\/strong><\/em> Este domingo el izquierdista Gustavo Petro (62 a\u00f1os) tendr\u00e1 su tercer intento de convertirse en Presidente de Colombia, cuando enfrente en el balotaje al independiente Rodolfo Hern\u00e1ndez.<br \/>\nEl aspirante del Pacto Hist\u00f3rico, que agrupa a movimientos de izquierda, fue el ganador de la primera vuelta presidencial con el 40,32% de la votaci\u00f3n (8.527.768 sufragios), un cifra que pese a ser alta parecer\u00eda insuficiente para vencer a Hern\u00e1ndez, que ha recibido las adhesiones de los partidos de derecha, centro derecha y parte del centro.<br \/>\nLa misma noche que cant\u00f3 su victoria en la primera vuelta, Petro reconoci\u00f3 que deb\u00eda conseguir cuando menos 1,5 millones m\u00e1s de votos de los 8,5 que obtuvo el pasado 27 de mayo para ser elegido presidente.<br \/>\nDesde ese momento hasta hoy, el senador de izquierda afin\u00f3 su estrategia de llamado a las urnas a los abstencionistas y j\u00f3venes para obtener los votos que le faltan, en un escenario donde su rival avis\u00f3 desde temprano que no acudir\u00eda a debates, el terreno donde Petro se mueve mejor.<br \/>\nPetro, le propone al pa\u00eds una suerte de alto en el camino para pensar el modelo democracia actual.<br \/>\nAunque sus propuestas no son un dec\u00e1logo escrito con letras de molde de la desaparecida &#8220;cortina de hierro&#8221;, ni dictado desde La Habana o Caracas, s\u00ed propone una serie de acciones desafiantes para un pa\u00eds conservador, amante del orden y que aviva a su empresariado.<br \/>\nEl ex-guerrillero del M-19 propone, a partir de su eventual gobierno, frenar las concesiones para la explotaci\u00f3n de petr\u00f3leo y carb\u00f3n, y girar hac\u00eda energ\u00edas limpias.<br \/>\nEsa sola posibilidad pone bajo estado de alarma a economista ortodoxos y pol\u00edticos de derecha que estiman que una decisi\u00f3n en ese sentido dejar\u00eda al pa\u00eds sin reservas propias, expuesta a compras de combustibles en el mercado externo y le pondr\u00eda fin a una fuente rentable de dinero para el Estado.<br \/>\nEn un pa\u00eds de latifundistas, el candidato de izquierda propone un reforma agraria al estilo chavista, revisar la tenencia de tierras improductivas y empoderar a los campesinos sin tierra para convertirlos en una masa de productores agr\u00edcolas, bajo la idea de un pa\u00eds que ser\u00eda potencia en la producci\u00f3n de alimentos.<br \/>\nEn materia laboral, el aspirante propone una formalizaci\u00f3n de lo que ha dado en llamar la &#8220;econom\u00eda popular&#8221;, a la que pertenecen millones de trabajadores informales, a quienes espera llevar al siguiente nivel en la escala empresarial, mediante acuerdos, democratizaci\u00f3n del cr\u00e9dito y apoyo educativo, entre otras.<br \/>\nEn materia tributaria, Petro propone aumentar en 5% del PIB el actual recaudo tributario, estimado en el 19,7%, para equipararlo con el resto de la regi\u00f3n, para lo cual sugiere desmontar los beneficios tributarios del que gozan algunos sectores y retomar un impuesto a la riqueza, entre otras.<br \/>\nTambi\u00e9n se compromete a retomar las relaciones diplom\u00e1ticas con sus naciones amigas que comparten la misma ideolog\u00eda como son Venezuela y Nicaragua, respetar e implementar el acuerdo de paz con la organizaci\u00f3n terrorista y narcotraficante FARC, retomar los di\u00e1logos de paz con el otro grupo guerrillero ELN, y ratificar pactos medioambientales como Escaz\u00fa.<br \/>\nSus propuestas giran alrededor del slogan &#8220;Colombia, potencia mundial de la vida&#8221;, que junto a la frase &#8220;vivir sabroso&#8221; de su f\u00f3rmula vicepresidencial, Francia M\u00e1rquez, revelan el cariz de lo que pretenden transformar.<br \/>\nPetro es un candidato que desde siempre ha despertado amores y odios, en raz\u00f3n a su pasado en el desaparecido\u00a0 sanguinario grupo guerrillero Movimiento 19 de abril (M-19) y sus denuncias de los pactos entre pol\u00edticos de partido oficialista con paramilitares, entre otras razones.<br \/>\nFue alcalde de Bogot\u00e1, el segundo cargo m\u00e1s importante del pa\u00eds despu\u00e9s de la Presidencia, entre 2012 y 2015, pero su mandato estuvo salpicado de innumerables controversias y disputas legales para mantenerse en el poder, luego de ser destituido por orden de la Procuradur\u00eda.<br \/>\nAl estilo del dictador Fidel Castro, el candidato es due\u00f1o de una oratoria descomunal y grandilocuente que suele ser cr\u00edtica del modelo pol\u00edtico del pa\u00eds, en una naci\u00f3n atravesada por la desigualdad social, el descontento y la fractura pol\u00edtica.<\/p>\n","protected":false},"excerpt":{"rendered":"<p>&nbsp; Clima electoral en Colombia. El eslogan de la izquierda: &#8220;vamos a vivir saboro&#8221;&#8230; &nbsp; &#8211; El candidato ex-guerrillero de la izquierda que despierta temores&hellip;<\/p>\n","protected":false},"author":99,"featured_media":503865,"comment_status":"open","ping_status":"open","sticky":false,"template":"","format":"standard","meta":{"footnotes":""},"categories":[23],"tags":[],"class_list":["post-503864","post","type-post","status-publish","format-standard","has-post-thumbnail","hentry","category-latinoamerica"],"_links":{"self":[{"href":"https:\/\/diarioelpopular.com\/index.php\/wp-json\/wp\/v2\/posts\/503864","targetHints":{"allow":["GET"]}}],"collection":[{"href":"https:\/\/diarioelpopular.com\/index.php\/wp-json\/wp\/v2\/posts"}],"about":[{"href":"https:\/\/diarioelpopular.com\/index.php\/wp-json\/wp\/v2\/types\/post"}],"author":[{"embeddable":true,"href":"https:\/\/diarioelpopular.com\/index.php\/wp-json\/wp\/v2\/users\/99"}],"replies":[{"embeddable":true,"href":"https:\/\/diarioelpopular.com\/index.php\/wp-json\/wp\/v2\/comments?post=503864"}],"version-history":[{"count":1,"href":"https:\/\/diarioelpopular.com\/index.php\/wp-json\/wp\/v2\/posts\/503864\/revisions"}],"predecessor-version":[{"id":503866,"href":"https:\/\/diarioelpopular.com\/index.php\/wp-json\/wp\/v2\/posts\/503864\/revisions\/503866"}],"wp:featuredmedia":[{"embeddable":true,"href":"https:\/\/diarioelpopular.com\/index.php\/wp-json\/wp\/v2\/media\/503865"}],"wp:attachment":[{"href":"https:\/\/diarioelpopular.com\/index.php\/wp-json\/wp\/v2\/media?parent=503864"}],"wp:term":[{"taxonomy":"category","embeddable":true,"href":"https:\/\/diarioelpopular.com\/index.php\/wp-json\/wp\/v2\/categories?post=503864"},{"taxonomy":"post_tag","embeddable":true,"href":"https:\/\/diarioelpopular.com\/index.php\/wp-json\/wp\/v2\/tags?post=503864"}],"curies":[{"name":"wp","href":"https:\/\/api.w.org\/{rel}","templated":true}]}}