{"id":503870,"date":"2022-06-18T11:07:18","date_gmt":"2022-06-18T15:07:18","guid":{"rendered":"https:\/\/diarioelpopular.com\/?p=503870"},"modified":"2022-06-18T11:07:18","modified_gmt":"2022-06-18T15:07:18","slug":"presidente-de-ecuador-se-reunio-con-indigenas-para-tratar-de-desactivar-las-protestas","status":"publish","type":"post","link":"https:\/\/diarioelpopular.com\/index.php\/2022\/06\/18\/presidente-de-ecuador-se-reunio-con-indigenas-para-tratar-de-desactivar-las-protestas\/","title":{"rendered":"Presidente de Ecuador se reuni\u00f3 con ind\u00edgenas para tratar de desactivar las protestas"},"content":{"rendered":"<p><img loading=\"lazy\" decoding=\"async\" class=\"alignnone size-custom-full-size wp-image-503871\" src=\"https:\/\/diarioelpopular.com\/wp-content\/uploads\/2022\/06\/guillermo-lasso_40163136_20220617145034-636x461.jpg\" alt=\"\" width=\"636\" height=\"461\" srcset=\"https:\/\/diarioelpopular.com\/wp-content\/uploads\/2022\/06\/guillermo-lasso_40163136_20220617145034-636x461.jpg 636w, https:\/\/diarioelpopular.com\/wp-content\/uploads\/2022\/06\/guillermo-lasso_40163136_20220617145034-300x217.jpg 300w, https:\/\/diarioelpopular.com\/wp-content\/uploads\/2022\/06\/guillermo-lasso_40163136_20220617145034-768x556.jpg 768w, https:\/\/diarioelpopular.com\/wp-content\/uploads\/2022\/06\/guillermo-lasso_40163136_20220617145034-101x73.jpg 101w, https:\/\/diarioelpopular.com\/wp-content\/uploads\/2022\/06\/guillermo-lasso_40163136_20220617145034.jpg 780w\" sizes=\"auto, (max-width: 636px) 100vw, 636px\" \/><\/p>\n<p><em>Guillermo Lasso se reuni\u00f3 con un grupo de ind\u00edgenas este viernes. FOTO AFP<\/em><\/p>\n<h4 class=\"headline\"><em><strong><span class=\"priority-content\">&#8211; Presidente de Ecuador se reuni\u00f3 con ind\u00edgenas para tratar de desactivar las protestas<\/span><\/strong><\/em><\/h4>\n<p>El presidente de Ecuador, Guillermo Lasso,recibi\u00f3 el viernes a un peque\u00f1o grupo de ind\u00edgenas en la casa de gobierno para intentar desactivar las protestas que hace cinco d\u00edas cierran los accesos a Quito, en reclamo de una reducci\u00f3n del precio del combustible.<\/p>\n<p>Humaredas negras provocadas por neum\u00e1ticos incendiados por manifestantes se elevaban sobre la \u201cRuta Viva\u201d, una de las v\u00edas hacia el aeropuerto internacional de Quito, que mantiene abiertas sus operaciones.<\/p>\n<p>Lasso, un exbanquero de derecha que asumi\u00f3 hace un a\u00f1o,recibi\u00f3 a un centenar de ind\u00edgenas de la provincia de Cotopaxi (sur) residentes en Quito en el Palacio de Carondelet.<\/p>\n<p>\u201cSin di\u00e1logo no hay camino. Cuente con total respaldo desde las organizaciones que queremos el cambio constructivo\u201d, dijo a la prensa Orlando Tip\u00e1n, titular de la organizaci\u00f3n ind\u00edgena Unoric, luego del encuentro con el mandatario.<\/p>\n<p>\u201cNo queremos derramamiento de sangre, m\u00e1s vandalismo, m\u00e1s violencia. Ecuador es un pa\u00eds de paz\u201d, manifest\u00f3 el secretario de la misma agrupaci\u00f3n, C\u00e9sar P\u00e9rez, tras choques entre manifestantes y polic\u00edas en los \u00faltimos d\u00edas.<\/p>\n<p>La m\u00e1xima organizaci\u00f3n ind\u00edgena, la Conaie, asegura no obstante que continuar\u00e1 las protestas hasta que el gobierno no cumpla con una lista de 10 reclamos\u00a0entre los que figuran tambi\u00e9n la regulaci\u00f3n del precio de productos agr\u00edcolas y la renegociaci\u00f3n de deudas de cuatro millones de familias con la banca.<\/p>\n<p>El mandatario se reunir\u00e1 m\u00e1s tarde con alcaldes y gobernadores provinciales para analizar la situaci\u00f3n.\u00a0La Conaie particip\u00f3 en revueltas que derrocaron a tres mandatarios entre 1997 y 2005. En 2019 tambi\u00e9n encabez\u00f3 violentas protestas antigobierno que dejaron 11 muertos y m\u00e1s de 1.000 heridos.<\/p>\n<p>&nbsp;<\/p>\n","protected":false},"excerpt":{"rendered":"<p>Guillermo Lasso se reuni\u00f3 con un grupo de ind\u00edgenas este viernes. FOTO AFP &#8211; Presidente de Ecuador se reuni\u00f3 con ind\u00edgenas para tratar de desactivar&hellip;<\/p>\n","protected":false},"author":99,"featured_media":503871,"comment_status":"open","ping_status":"open","sticky":false,"template":"","format":"standard","meta":{"footnotes":""},"categories":[23],"tags":[],"class_list":["post-503870","post","type-post","status-publish","format-standard","has-post-thumbnail","hentry","category-latinoamerica"],"_links":{"self":[{"href":"https:\/\/diarioelpopular.com\/index.php\/wp-json\/wp\/v2\/posts\/503870","targetHints":{"allow":["GET"]}}],"collection":[{"href":"https:\/\/diarioelpopular.com\/index.php\/wp-json\/wp\/v2\/posts"}],"about":[{"href":"https:\/\/diarioelpopular.com\/index.php\/wp-json\/wp\/v2\/types\/post"}],"author":[{"embeddable":true,"href":"https:\/\/diarioelpopular.com\/index.php\/wp-json\/wp\/v2\/users\/99"}],"replies":[{"embeddable":true,"href":"https:\/\/diarioelpopular.com\/index.php\/wp-json\/wp\/v2\/comments?post=503870"}],"version-history":[{"count":1,"href":"https:\/\/diarioelpopular.com\/index.php\/wp-json\/wp\/v2\/posts\/503870\/revisions"}],"predecessor-version":[{"id":503872,"href":"https:\/\/diarioelpopular.com\/index.php\/wp-json\/wp\/v2\/posts\/503870\/revisions\/503872"}],"wp:featuredmedia":[{"embeddable":true,"href":"https:\/\/diarioelpopular.com\/index.php\/wp-json\/wp\/v2\/media\/503871"}],"wp:attachment":[{"href":"https:\/\/diarioelpopular.com\/index.php\/wp-json\/wp\/v2\/media?parent=503870"}],"wp:term":[{"taxonomy":"category","embeddable":true,"href":"https:\/\/diarioelpopular.com\/index.php\/wp-json\/wp\/v2\/categories?post=503870"},{"taxonomy":"post_tag","embeddable":true,"href":"https:\/\/diarioelpopular.com\/index.php\/wp-json\/wp\/v2\/tags?post=503870"}],"curies":[{"name":"wp","href":"https:\/\/api.w.org\/{rel}","templated":true}]}}