{"id":503876,"date":"2022-06-19T09:46:01","date_gmt":"2022-06-19T13:46:01","guid":{"rendered":"https:\/\/diarioelpopular.com\/?p=503876"},"modified":"2022-06-19T09:46:01","modified_gmt":"2022-06-19T13:46:01","slug":"codelco-cierra-una-fundicion-por-toxicidad","status":"publish","type":"post","link":"https:\/\/diarioelpopular.com\/index.php\/2022\/06\/19\/codelco-cierra-una-fundicion-por-toxicidad\/","title":{"rendered":"Codelco cierra una fundici\u00f3n por toxicidad"},"content":{"rendered":"<p>&nbsp;<\/p>\n<p><img loading=\"lazy\" decoding=\"async\" class=\"alignnone size-custom-full-size wp-image-503877\" src=\"https:\/\/diarioelpopular.com\/wp-content\/uploads\/2022\/06\/65830bd5137bf3f49ca42ea44bb0c2df.jpg\" alt=\"\" width=\"476\" height=\"317\" srcset=\"https:\/\/diarioelpopular.com\/wp-content\/uploads\/2022\/06\/65830bd5137bf3f49ca42ea44bb0c2df.jpg 476w, https:\/\/diarioelpopular.com\/wp-content\/uploads\/2022\/06\/65830bd5137bf3f49ca42ea44bb0c2df-300x200.jpg 300w, https:\/\/diarioelpopular.com\/wp-content\/uploads\/2022\/06\/65830bd5137bf3f49ca42ea44bb0c2df-110x73.jpg 110w\" sizes=\"auto, (max-width: 476px) 100vw, 476px\" \/><\/p>\n<p><em>In\u00e9dito cierre de una planta de Codelco\u00a0<\/em><\/p>\n<h4><em><strong>Mineros chilenos amenazan con huelga. Boric toma medidas<\/strong><\/em><\/h4>\n<p><strong><em>SANTIAGO DE CHILE, 19 JUN-<\/em><\/strong> En una in\u00e9dita decisi\u00f3n, el directorio de la Corporaci\u00f3n Nacional del Cobre de Chile (Codelco) -la mayor productora mundial de metal rojo- decidi\u00f3 el cierre de la fundici\u00f3n Ventanas tras los graves episodios de contaminaci\u00f3n ocurridos hace dos semanas.<br \/>\nLa divisi\u00f3n Ventanas creada en 1966 se encuentra instalada (160 kil\u00f3metros al noroeste de Santiago) en lo que hoy se denomina &#8216;zona de sacrificio&#8217; por la alta concentraci\u00f3n de industrias contaminantes con graves efectos en la poblaci\u00f3n sobre todo ni\u00f1os y que hace 10 d\u00edas oblig\u00f3 nuevamente a la suspensi\u00f3n de clases.<br \/>\nEn cadena de radio y televisi\u00f3n, el presidente frenteamplista Gabriel Boric, acompa\u00f1ado de las ministras de Miner\u00eda, Medioambiente y el subsecretario de Salud, explic\u00f3 el compromiso del gobierno con la producci\u00f3n sustentable y se comprometi\u00f3 a reubicar a los trabajadores y sus familias en otras divisiones de Codelco.<br \/>\n&#8220;Lo hemos dicho muy claro: no queremos m\u00e1s zonas de sacrificio&#8221;, ratific\u00f3 el mandatario agregando que &#8220;este es un problema que viene desde la creaci\u00f3n del polo industrial en la zona de la d\u00e9cada de los 50 cuando los est\u00e1ndares ambientales y la contaminaci\u00f3n no eran parte de las preocupaciones del desarrollo. Pero hoy d\u00eda eso ya no es as\u00ed y ante esta realidad no seguiremos de brazos cruzados&#8221;.<br \/>\nReivindic\u00f3 que &#8220;el cuidado del medio ambiente es para todos nosotros una obligaci\u00f3n moral y algo que tiene consecuencias directas e inmediatas sobre la vida de las personas&#8221; y defendi\u00f3 que el mandato que tiene &#8220;hacer todo lo que est\u00e9 a nuestro alcance para abordar la crisis clim\u00e1tica con criterio de equidad y de justicia social. Y eso es justamente lo que estamos haciendo&#8221;.<br \/>\nDirigi\u00e9ndose a los trabajadores de Ventanas, les se\u00f1alo &#8220;hoy les damos certeza y un futuro, no los vamos a dejar solos, quiero ser muy enf\u00e1tico, a los trabajadores y sus familias no los vamos a dejar solos. Nuestro Gobierno est\u00e1 tomando todas las medidas necesarias para que esta decisi\u00f3n, que va en directo beneficio de la poblaci\u00f3n, no genere consecuencias negativas sobre los y las trabajadoras de la empresa. Y puedo afirmar con responsabilidad que ning\u00fan trabajador ni trabajadora se quedar\u00e1 sin su empleo en la compa\u00f1\u00eda&#8221;.<br \/>\n&#8220;Sus puestos de trabajo, para ser m\u00e1s espec\u00edfico, est\u00e1n asegurados en otras divisiones de la empresa, en las mismas condiciones que tienen actualmente, sin menoscabo alguno&#8221;, apunt\u00f3 y tambi\u00e9n mencion\u00f3 a los trabajadores tercerizados, &#8220;quiero decirles que durante todo el proceso que implica el cierre definitivo, que va a tomar por lo menos 5 a\u00f1os por el desmantelamiento y cierre definitivo de la fundici\u00f3n, habr\u00e1 trabajo para ellos&#8221;.<br \/>\nPor \u00faltimo, recalc\u00f3 y dej\u00f3 en claro que &#8220;como Presidente de la Rep\u00fablica, creo en Codelco en su car\u00e1cter estatal y en el tremendo aporte que es y ha sido para Chile&#8221;.<br \/>\nEl cese de labores depende de la aprobaci\u00f3n del Congreso a la modificaci\u00f3n de la Ley que obliga a Codelco a procesar los minerales de la Empresa Nacional de Miner\u00eda exclusivamente en Ventanas&#8221;.<br \/>\nPrevio a las palabras de Boric, en las afueras de la sede matriz de la principal estatal de Chile, los dirigentes del sindicato de Ventanas acusaron &#8220;traici\u00f3n al presidente Salvador Allende&#8221; de parte del timonel de Codelco, M\u00e1ximo Pacheco, por la decisi\u00f3n adoptada y no descartaron avanzar a un paro nacional de la cupr\u00edfera.<br \/>\nLa compa\u00f1\u00eda detall\u00f3 que el cierre ser\u00e1 gradual, por lo que se planificar\u00e1 con las 21 empresas proveedoras de bienes y servicios vinculadas al proceso de fundici\u00f3n la adecuaci\u00f3n de los contratos.<br \/>\nCodelco enfatiz\u00f3 que &#8220;somos la empresa m\u00e1s importante de Chile y el productor de cobre n\u00famero uno del mundo. Nuestra categor\u00eda de empresa estatal marca nuestro compromiso con el bien com\u00fan y la protecci\u00f3n del medioambiente y las comunidades, as\u00ed como con la producci\u00f3n responsable que nos exigen nuestros clientes e inversionistas financieros&#8221;.<br \/>\nLa coalici\u00f3n Chao Carb\u00f3n, junto a mujeres en resistencia de Puchincav\u00e9 m\u00e1s 27 organizaciones valoraron y agradecieron &#8220;la responsable decisi\u00f3n del Directorio de CODELCO y del Gobierno del Presidente Gabriel Boric, de cerrar la Fundici\u00f3n de Cobre de Ventanas, dando t\u00e9rmino a lo que por d\u00e9cadas ha sido la principal fuente de contaminaci\u00f3n, da\u00f1o ambiental y vulneraci\u00f3n del derecho humano a la vida de los habitantes de Puchuncav\u00ed y Quintero de vivir en un medio sano y seguro para la vida&#8221;.<\/p>\n","protected":false},"excerpt":{"rendered":"<p>&nbsp; In\u00e9dito cierre de una planta de Codelco\u00a0 Mineros chilenos amenazan con huelga. Boric toma medidas SANTIAGO DE CHILE, 19 JUN- En una in\u00e9dita decisi\u00f3n,&hellip;<\/p>\n","protected":false},"author":99,"featured_media":503877,"comment_status":"open","ping_status":"open","sticky":false,"template":"","format":"standard","meta":{"footnotes":""},"categories":[23],"tags":[],"class_list":["post-503876","post","type-post","status-publish","format-standard","has-post-thumbnail","hentry","category-latinoamerica"],"_links":{"self":[{"href":"https:\/\/diarioelpopular.com\/index.php\/wp-json\/wp\/v2\/posts\/503876","targetHints":{"allow":["GET"]}}],"collection":[{"href":"https:\/\/diarioelpopular.com\/index.php\/wp-json\/wp\/v2\/posts"}],"about":[{"href":"https:\/\/diarioelpopular.com\/index.php\/wp-json\/wp\/v2\/types\/post"}],"author":[{"embeddable":true,"href":"https:\/\/diarioelpopular.com\/index.php\/wp-json\/wp\/v2\/users\/99"}],"replies":[{"embeddable":true,"href":"https:\/\/diarioelpopular.com\/index.php\/wp-json\/wp\/v2\/comments?post=503876"}],"version-history":[{"count":1,"href":"https:\/\/diarioelpopular.com\/index.php\/wp-json\/wp\/v2\/posts\/503876\/revisions"}],"predecessor-version":[{"id":503878,"href":"https:\/\/diarioelpopular.com\/index.php\/wp-json\/wp\/v2\/posts\/503876\/revisions\/503878"}],"wp:featuredmedia":[{"embeddable":true,"href":"https:\/\/diarioelpopular.com\/index.php\/wp-json\/wp\/v2\/media\/503877"}],"wp:attachment":[{"href":"https:\/\/diarioelpopular.com\/index.php\/wp-json\/wp\/v2\/media?parent=503876"}],"wp:term":[{"taxonomy":"category","embeddable":true,"href":"https:\/\/diarioelpopular.com\/index.php\/wp-json\/wp\/v2\/categories?post=503876"},{"taxonomy":"post_tag","embeddable":true,"href":"https:\/\/diarioelpopular.com\/index.php\/wp-json\/wp\/v2\/tags?post=503876"}],"curies":[{"name":"wp","href":"https:\/\/api.w.org\/{rel}","templated":true}]}}