{"id":503886,"date":"2022-06-20T08:34:06","date_gmt":"2022-06-20T12:34:06","guid":{"rendered":"https:\/\/diarioelpopular.com\/?p=503886"},"modified":"2022-06-20T08:34:06","modified_gmt":"2022-06-20T12:34:06","slug":"cronicas-que-sucede-en-ecuador","status":"publish","type":"post","link":"https:\/\/diarioelpopular.com\/index.php\/2022\/06\/20\/cronicas-que-sucede-en-ecuador\/","title":{"rendered":"CRONICAS: \u00bfQu\u00e9 Sucede en Ecuador?"},"content":{"rendered":"<p><img loading=\"lazy\" decoding=\"async\" class=\"alignnone size-custom-full-size wp-image-503814\" src=\"https:\/\/diarioelpopular.com\/wp-content\/uploads\/2022\/06\/20220614-a09fd0fa28255b93c7b9a9bd3eb0de0cc7e9e953_40151163_20220615174218-636x461.jpg\" alt=\"\" width=\"636\" height=\"461\" srcset=\"https:\/\/diarioelpopular.com\/wp-content\/uploads\/2022\/06\/20220614-a09fd0fa28255b93c7b9a9bd3eb0de0cc7e9e953_40151163_20220615174218-636x461.jpg 636w, https:\/\/diarioelpopular.com\/wp-content\/uploads\/2022\/06\/20220614-a09fd0fa28255b93c7b9a9bd3eb0de0cc7e9e953_40151163_20220615174218-300x217.jpg 300w, https:\/\/diarioelpopular.com\/wp-content\/uploads\/2022\/06\/20220614-a09fd0fa28255b93c7b9a9bd3eb0de0cc7e9e953_40151163_20220615174218-768x556.jpg 768w, https:\/\/diarioelpopular.com\/wp-content\/uploads\/2022\/06\/20220614-a09fd0fa28255b93c7b9a9bd3eb0de0cc7e9e953_40151163_20220615174218-101x73.jpg 101w, https:\/\/diarioelpopular.com\/wp-content\/uploads\/2022\/06\/20220614-a09fd0fa28255b93c7b9a9bd3eb0de0cc7e9e953_40151163_20220615174218.jpg 780w\" sizes=\"auto, (max-width: 636px) 100vw, 636px\" \/><\/p>\n<p class=\"p1\"><em>Por: Luc\u00eda P. de Garc\u00eda<\/em><\/p>\n<p class=\"p1\"><em><strong>Toronto.-<\/strong> <\/em>El lunes 13 comenz\u00f3 en Ecuador el paro pac\u00edfico e indefinido convocado por las bases de la Confederaci\u00f3n de Nacionalidades Ind\u00edgenas del Ecuador CONAIE, cuyo l\u00edder es Leonidas Iza. La raz\u00f3n es el incumplimiento del Presidente Guillermo Lasso a lo acordado con la dirigencia ind\u00edgena en los di\u00e1logos de junio, octubre y noviembre 2021. El gobierno reaccion\u00f3 convocando a otro di\u00e1logo. No fue aceptado pues los ind\u00edgenas aducen que no se necesitan m\u00e1s palabras sino cumplir lo ofrecido, que se resume en 10 puntos: no continuar subiendo el precio de los combustibles; convocar a banca y cooperativas de ahorro y cr\u00e9dito para durante un a\u00f1o aliviar las condiciones de pago a los clientes; condonar deudas hasta $3.000 por parte de BanEcuador; establecer un control de precios a los alimentos y los productos de primera necesidad; determinar precios justos y pol\u00edticas de sostenimiento a medianos y peque\u00f1os campesinos; subsidiar la \u00farea en 50 % al mismo grupo; otorgar pr\u00e9stamos agrarios hasta $5.000 a 30 a\u00f1os plazo y al 1% de inter\u00e9s; no privatizar entidades p\u00fablicas ni el Banco del Pac\u00edfico; destinar un mayor presupuesto a salud, educaci\u00f3n, vivienda, empleo; devolver el bono de desarrollo humano que les fue retirado a miles de ancianos. <span class=\"Apple-converted-space\">\u00a0 \u00a0<\/span><\/p>\n<p class=\"p1\">El lunes s\u00f3lo registr\u00f3 escaramuzas y el cierre de sectores de algunas carreteras. Todo cambi\u00f3 la madrugada del martes, cuando se apres\u00f3 a Iza, incomunic\u00e1ndole por casi 24 horas. Un Habeas Corpus permiti\u00f3 saber que estaba acusado penalmente por paralizaci\u00f3n de servicio p\u00fablico y que se le hab\u00eda sometido a eventos que Polic\u00eda y Fiscal\u00eda se contradec\u00edan al narrar. <span class=\"Apple-converted-space\">\u00a0<\/span><\/p>\n<p class=\"p1\">El viernes, el mandatario se reuni\u00f3 con un grupo de ind\u00edgenas residentes en Quito. Uno de los dirigentes del paro dijo que era una estrategia para confundir, pues la cita era para resolver un problema de tierras. Durante el d\u00eda, Iza dio al gobierno un plazo de 48 horas para responder sobre los 10 puntos. A la noche, el mandatario comunic\u00f3 al pa\u00eds que hab\u00eda firmado el Decreto 455, que establece el Estado de Excepci\u00f3n por Conmoci\u00f3n Social en algunas provincias, toque de queda en Quito. El s\u00e1bado, al conocerse que el documento permite el uso de la fuerza letal, detenciones, allanamientos sin orden de juez, la ciudadana pidi\u00f3 a la Asamblea revocar el Decreto. Un art\u00edculo que bloquea el servicio de internet a la prensa digital, suscit\u00f3 el rechazo de los medios, por lo que el gobierno se retract\u00f3 diciendo que lo que circulaba era un borrador, que en el oficial el art\u00edculo no consta. El s\u00e1bado, el carro en el que se desplaza Leonidas Iza fue objeto de tiros que destrozaron las ventanas delanteras.<span class=\"Apple-converted-space\">\u00a0<\/span><\/p>\n<p class=\"p1\">Al terminar esta cr\u00f3nica hoy, domingo 19, la Casa de la Cultura, una de las sedes para alojar a familias ind\u00edgenas que est\u00e1n llegando a Quito, ha sido allanada por polic\u00edas. Una de las personas que plantea la recolecci\u00f3n de firmas para, conforme la Constituci\u00f3n, revocar el mandato presidencial, denuncia amenazas. Igual lo hacen varios medios alternativos. Baja a\u00fan m\u00e1s el apoyo a la gesti\u00f3n del Presidente, antes del paro era 17%. Entidades defensoras de los derechos humanos advierten al mandatario precisamente que los respete.<span class=\"Apple-converted-space\">\u00a0<\/span><\/p>\n<p class=\"p2\"><span class=\"Apple-converted-space\">\u00a0\u00a0<\/span><\/p>\n","protected":false},"excerpt":{"rendered":"<p>Por: Luc\u00eda P. de Garc\u00eda Toronto.- El lunes 13 comenz\u00f3 en Ecuador el paro pac\u00edfico e indefinido convocado por las bases de la Confederaci\u00f3n de&hellip;<\/p>\n","protected":false},"author":99,"featured_media":503814,"comment_status":"open","ping_status":"open","sticky":false,"template":"","format":"standard","meta":{"footnotes":""},"categories":[21,23],"tags":[],"class_list":["post-503886","post","type-post","status-publish","format-standard","has-post-thumbnail","hentry","category-canada","category-latinoamerica"],"_links":{"self":[{"href":"https:\/\/diarioelpopular.com\/index.php\/wp-json\/wp\/v2\/posts\/503886","targetHints":{"allow":["GET"]}}],"collection":[{"href":"https:\/\/diarioelpopular.com\/index.php\/wp-json\/wp\/v2\/posts"}],"about":[{"href":"https:\/\/diarioelpopular.com\/index.php\/wp-json\/wp\/v2\/types\/post"}],"author":[{"embeddable":true,"href":"https:\/\/diarioelpopular.com\/index.php\/wp-json\/wp\/v2\/users\/99"}],"replies":[{"embeddable":true,"href":"https:\/\/diarioelpopular.com\/index.php\/wp-json\/wp\/v2\/comments?post=503886"}],"version-history":[{"count":1,"href":"https:\/\/diarioelpopular.com\/index.php\/wp-json\/wp\/v2\/posts\/503886\/revisions"}],"predecessor-version":[{"id":503887,"href":"https:\/\/diarioelpopular.com\/index.php\/wp-json\/wp\/v2\/posts\/503886\/revisions\/503887"}],"wp:featuredmedia":[{"embeddable":true,"href":"https:\/\/diarioelpopular.com\/index.php\/wp-json\/wp\/v2\/media\/503814"}],"wp:attachment":[{"href":"https:\/\/diarioelpopular.com\/index.php\/wp-json\/wp\/v2\/media?parent=503886"}],"wp:term":[{"taxonomy":"category","embeddable":true,"href":"https:\/\/diarioelpopular.com\/index.php\/wp-json\/wp\/v2\/categories?post=503886"},{"taxonomy":"post_tag","embeddable":true,"href":"https:\/\/diarioelpopular.com\/index.php\/wp-json\/wp\/v2\/tags?post=503886"}],"curies":[{"name":"wp","href":"https:\/\/api.w.org\/{rel}","templated":true}]}}