{"id":503915,"date":"2022-06-21T12:10:20","date_gmt":"2022-06-21T16:10:20","guid":{"rendered":"https:\/\/diarioelpopular.com\/?p=503915"},"modified":"2022-06-21T12:10:20","modified_gmt":"2022-06-21T16:10:20","slug":"chile-inicia-el-desarrollo-ecologico","status":"publish","type":"post","link":"https:\/\/diarioelpopular.com\/index.php\/2022\/06\/21\/chile-inicia-el-desarrollo-ecologico\/","title":{"rendered":"Chile inicia el desarrollo ecol\u00f3gico"},"content":{"rendered":"<p>&nbsp;<\/p>\n<p><img loading=\"lazy\" decoding=\"async\" class=\"alignnone size-custom-full-size wp-image-503916\" src=\"https:\/\/diarioelpopular.com\/wp-content\/uploads\/2022\/06\/18b038748be45811452789c934b7ad1c.jpg\" alt=\"\" width=\"476\" height=\"316\" srcset=\"https:\/\/diarioelpopular.com\/wp-content\/uploads\/2022\/06\/18b038748be45811452789c934b7ad1c.jpg 476w, https:\/\/diarioelpopular.com\/wp-content\/uploads\/2022\/06\/18b038748be45811452789c934b7ad1c-300x199.jpg 300w, https:\/\/diarioelpopular.com\/wp-content\/uploads\/2022\/06\/18b038748be45811452789c934b7ad1c-85x55.jpg 85w, https:\/\/diarioelpopular.com\/wp-content\/uploads\/2022\/06\/18b038748be45811452789c934b7ad1c-110x73.jpg 110w\" sizes=\"auto, (max-width: 476px) 100vw, 476px\" \/><\/p>\n<p><em>La agreste belleza de Arica. Ahora \u00e1rea protegida<\/em><\/p>\n<h4><em><strong>&#8211; Plan manejo de Reservas de Bi\u00f3sferas que parte en Lauca<\/strong><\/em><\/h4>\n<p><strong><em>SANTIAGO DE CHILE, 21 JUN &#8211;<\/em><\/strong> El ministerio de Agricultura inici\u00f3 en el extremo norte chileno la implementaci\u00f3n de una Pol\u00edtica Nacional de Reservas de Bi\u00f3sferas, como un modelo de gobernanza y gesti\u00f3n territorial, que garantice un desarrollo ecol\u00f3gico sostenible en el pa\u00eds.<br \/>\nEl modelo piloto estar\u00e1 en la regi\u00f3n de Arica y Parinacota -fronteriza con Per\u00fa y Bolivia- donde se ubica la Reserva Bi\u00f3sfera Lauca. A partir de ella se buscar\u00e1 la gesti\u00f3n nacional -a trav\u00e9s del Comit\u00e9 de Ministros para la Sustentabilidad- de las diez Reservas de Bi\u00f3sferas que existen en el pa\u00eds, las que en total abarcan 11,4 millones de hect\u00e1reas, de las cuales alrededor de 3 millones corresponden a \u00e1reas marinas.<br \/>\nLa Reserva de Bi\u00f3sfera Lauca comprende zonas de precordillera y altiplano. Administrativamente pertenece a la comuna de Putre, en la provincia de Parinacota. En 1981 fue declarada parte integrante de la Red Mundial de Reservas de la Bi\u00f3sfera.<br \/>\nEl a\u00f1o pasado, la Unesco anunci\u00f3 la ampliaci\u00f3n de esta reserva a todo el territorio del Area de Desarrollo Ind\u00edgena Altoandina (ADI) de Arica y Parinacota. De este modo, el territorio de la reserva pas\u00f3 de tener 358 mil hect\u00e1reas a 1.026.547 hect\u00e1reas, abarcando las comunas de Putre, General Lagos y Camarones.<br \/>\nEl proyecto de posicionamiento tambi\u00e9n engloba el convenio que existe entre Conaf y la Corporaci\u00f3n Nacional de Desarrollo Ind\u00edgena (Conadi) por 205.882 d\u00f3lares para ejecutar acciones de restauraci\u00f3n ecol\u00f3gica.<br \/>\nAdem\u00e1s, considera el proyecto cam\u00e9lido Vicu\u00f1a, ejecutado por la Unesco, cuyo objetivo es garantizar la conservaci\u00f3n de especies, mitigar conflictos entre ganaderos y fauna silvestre, mejorar la sensaci\u00f3n de seguridad de la poblaci\u00f3n y apoyar a las comunidades andinas en la generaci\u00f3n de ingresos econ\u00f3micos complementarios.<br \/>\n&#8220;Esta es una iniciativa muy importante que se enmarca en la protecci\u00f3n del medio ambiente y que da cuenta del trabajo que viene desarrollando hace mucho tiempo la Corporaci\u00f3n Nacional Forestal (Conaf), junto a la Seremi de Agricultura de Arica y Parinacota&#8221;, destac\u00f3 el subsecretario de Agricultura, Jos\u00e9 Guajardo Reyes. Expuso que a trav\u00e9s de estas acciones &#8220;estamos protegiendo nuestro patrimonio cultural, enfatizando en la relaci\u00f3n del ser humano con la tierra, los cultivos ancestrales, nuestra flora y fauna y el valor que le damos a todos estos elementos&#8221;.<br \/>\nLa directora regional de Conaf, Catherine Opazo, describi\u00f3 que &#8220;este es un espacio que mezcla biodiversidad, historia ancestral, cultura y patrimonio y lo debemos cuidar de manera sostenible para que las pr\u00f3ximas generaciones no sean da\u00f1adas por las inclemencias del cambio clim\u00e1tico&#8221;.<br \/>\nAgreg\u00f3 que &#8220;vamos a trabajar para posicionar la Reserva de la Bi\u00f3sfera Lauca como atractivo tur\u00edstico con gobernanzas propias de las comunidades apoyadas por la gesti\u00f3n p\u00fablico-privada&#8221;.<br \/>\nEn la presentaci\u00f3n del proyecto se relev\u00f3 la importancia de asumir con innovaci\u00f3n las solicitudes y demandas hist\u00f3ricas de las comunidades ind\u00edgenas de la regi\u00f3n.<\/p>\n","protected":false},"excerpt":{"rendered":"<p>&nbsp; La agreste belleza de Arica. Ahora \u00e1rea protegida &#8211; Plan manejo de Reservas de Bi\u00f3sferas que parte en Lauca SANTIAGO DE CHILE, 21 JUN&hellip;<\/p>\n","protected":false},"author":99,"featured_media":503916,"comment_status":"open","ping_status":"open","sticky":false,"template":"","format":"standard","meta":{"footnotes":""},"categories":[23],"tags":[],"class_list":["post-503915","post","type-post","status-publish","format-standard","has-post-thumbnail","hentry","category-latinoamerica"],"_links":{"self":[{"href":"https:\/\/diarioelpopular.com\/index.php\/wp-json\/wp\/v2\/posts\/503915","targetHints":{"allow":["GET"]}}],"collection":[{"href":"https:\/\/diarioelpopular.com\/index.php\/wp-json\/wp\/v2\/posts"}],"about":[{"href":"https:\/\/diarioelpopular.com\/index.php\/wp-json\/wp\/v2\/types\/post"}],"author":[{"embeddable":true,"href":"https:\/\/diarioelpopular.com\/index.php\/wp-json\/wp\/v2\/users\/99"}],"replies":[{"embeddable":true,"href":"https:\/\/diarioelpopular.com\/index.php\/wp-json\/wp\/v2\/comments?post=503915"}],"version-history":[{"count":1,"href":"https:\/\/diarioelpopular.com\/index.php\/wp-json\/wp\/v2\/posts\/503915\/revisions"}],"predecessor-version":[{"id":503917,"href":"https:\/\/diarioelpopular.com\/index.php\/wp-json\/wp\/v2\/posts\/503915\/revisions\/503917"}],"wp:featuredmedia":[{"embeddable":true,"href":"https:\/\/diarioelpopular.com\/index.php\/wp-json\/wp\/v2\/media\/503916"}],"wp:attachment":[{"href":"https:\/\/diarioelpopular.com\/index.php\/wp-json\/wp\/v2\/media?parent=503915"}],"wp:term":[{"taxonomy":"category","embeddable":true,"href":"https:\/\/diarioelpopular.com\/index.php\/wp-json\/wp\/v2\/categories?post=503915"},{"taxonomy":"post_tag","embeddable":true,"href":"https:\/\/diarioelpopular.com\/index.php\/wp-json\/wp\/v2\/tags?post=503915"}],"curies":[{"name":"wp","href":"https:\/\/api.w.org\/{rel}","templated":true}]}}