{"id":503935,"date":"2022-06-22T09:03:39","date_gmt":"2022-06-22T13:03:39","guid":{"rendered":"https:\/\/diarioelpopular.com\/?p=503935"},"modified":"2022-06-22T09:03:39","modified_gmt":"2022-06-22T13:03:39","slug":"continuan-los-disturbios-en-quito-manifestantes-atacaron-la-fiscalia-y-la-universidad-catolica-del-ecuador","status":"publish","type":"post","link":"https:\/\/diarioelpopular.com\/index.php\/2022\/06\/22\/continuan-los-disturbios-en-quito-manifestantes-atacaron-la-fiscalia-y-la-universidad-catolica-del-ecuador\/","title":{"rendered":"Contin\u00faan los disturbios en Quito: manifestantes atacaron la Fiscal\u00eda y la Universidad Cat\u00f3lica del Ecuador"},"content":{"rendered":"<p><img loading=\"lazy\" decoding=\"async\" class=\"alignnone size-custom-full-size wp-image-503936\" src=\"https:\/\/diarioelpopular.com\/wp-content\/uploads\/2022\/06\/protestas-en-ecuador_40183168_20220621174924-636x461.jpg\" alt=\"\" width=\"636\" height=\"461\" srcset=\"https:\/\/diarioelpopular.com\/wp-content\/uploads\/2022\/06\/protestas-en-ecuador_40183168_20220621174924-636x461.jpg 636w, https:\/\/diarioelpopular.com\/wp-content\/uploads\/2022\/06\/protestas-en-ecuador_40183168_20220621174924-300x217.jpg 300w, https:\/\/diarioelpopular.com\/wp-content\/uploads\/2022\/06\/protestas-en-ecuador_40183168_20220621174924-768x556.jpg 768w, https:\/\/diarioelpopular.com\/wp-content\/uploads\/2022\/06\/protestas-en-ecuador_40183168_20220621174924-101x73.jpg 101w, https:\/\/diarioelpopular.com\/wp-content\/uploads\/2022\/06\/protestas-en-ecuador_40183168_20220621174924.jpg 780w\" sizes=\"auto, (max-width: 636px) 100vw, 636px\" \/><\/p>\n<p><em>Las protestas en Ecuador completan su noveno d\u00eda. FOTO EFE<\/em><\/p>\n<p>&nbsp;<\/p>\n<h4 class=\"lead cita\"><em><strong>&#8211; Los manifestantes realizaron ataques a las instalaciones de la Fiscal\u00eda General y en la Universidad Cat\u00f3lica del Ecuador. Hasta el momento las protestas dejan un muerto y 61 heridos.<\/strong><\/em><\/h4>\n<div class=\"paragraph\">\n<p>El centro de Quito fue escenario este martes de nuevos disturbios debido a enfrentamientos entre manifestantes y polic\u00edas durante el noveno d\u00eda consecutivo de las protestas en Ecuador contra el Gobierno del presidente Guillermo Lasso por la carest\u00eda de la vida.<\/p>\n<\/div>\n<div class=\"paragraph\">\n<p>Estos altercados ocurrieron cuando grupos de manifestantes trataron de llegar al parque El Arbolito, epicentro de la ola de protestas que paraliz\u00f3 al pa\u00eds durante cerca de diez d\u00edas, en octubre de 2019, y que dej\u00f3 un saldo de una decena de fallecidos y unos 1.500 heridos a nivel nacional.<\/p>\n<p>Desde el domingo por la ma\u00f1ana, las fuerzas de seguridad tomaron la Casa de la Cultura Ecuatoriana, que se encuentra anexa a ese parque, para evitar que, como en 2019,\u00a0albergara a los miles de ind\u00edgenas de otras provincias que llegaban al pa\u00eds para concentrar nuevamente la movilizaci\u00f3n en la capital.<\/p>\n<div class=\"paragraph\">\n<p>Pese a los reiterados llamados del l\u00edder ind\u00edgena Leonidas Iza, principal promotor de las protestas, para que las movilizaciones sean pac\u00edficas y sin violencia ni vandalismo,\u00a0algunos manifestantes realizaron ataques a las instalaciones de la Fiscal\u00eda General del Ecuador, cuya sede se ubica cerca de la zona de los enfrentamientos.<\/p>\n<p>La Fiscal\u00eda denunci\u00f3 que su sede central fue atacada, y que puso \u201ca buen recaudo la informaci\u00f3n sensible de los casos que lleva adelante\u201d, al tiempo que tambi\u00e9n hizo \u201cun llamado p\u00fablico a la paz y el respeto a la ley\u201d.<\/p>\n<\/div>\n<div class=\"paragraph\">\n<p>Tambi\u00e9n hubo incidentes en torno a la Pontificia Universidad Cat\u00f3lica del Ecuador (PUCE), que denunci\u00f3 \u201cactos vand\u00e1licos por parte de manifestantes\u201d contra su sede central, donde adem\u00e1s \u201cmiembros de la Polic\u00eda Nacional han ingresado sin autorizaci\u00f3n\u201d.<\/p>\n<p>La PUCE denunci\u00f3 que ha sufrido \u201cla destrucci\u00f3n de la puerta de ingreso\u201d a su campus, y tambi\u00e9n hizo \u201cun llamado a la paz y al di\u00e1logo con la finalidad de que cesen estos actos de violencia\u201d.<\/p>\n<p><b>TRANSPORTE SUSPENDIDO<\/b><\/p>\n<p>En otros puntos de la ciudad tambi\u00e9n hubo numerosos cortes de v\u00edas que obligaron a la Empresa P\u00fablica Metropolitana de Transporte de Pasajeros de Quito a suspender los servicios \u201chasta que las condiciones en las v\u00edas sean favorables\u201d.<\/p>\n<p>Desde el lunes, las protestas se han concentrado en Quito con la llegada de miles de ind\u00edgenas de las provincias andinas del norte y del centro y sur del pa\u00eds para hacerse sentir con m\u00e1s fuerza y\u00a0desafiar el estado de excepci\u00f3n decretado por el Gobierno en seis provincias, entre ellas Pichincha, donde est\u00e1 la capital nacional.<\/p>\n<p>Hasta ahora, el l\u00edder ind\u00edgena Leonidas Iza, principal promotor de la movilizaci\u00f3n, rechaza las reiteradas invitaciones para sentarse a dialogar con el presidente, Guillermo Lasso, quien el fin de semana aprob\u00f3 parte del dec\u00e1logo de demandas exigidas por la Confederaci\u00f3n de Nacionalidades Ind\u00edgenas del Ecuador (Conaie).<\/p>\n<p>Sin embargo, el movimiento ind\u00edgena encabezado por Iza exige tambi\u00e9n que se aprueben el resto de demandas pendientes, como la congelaci\u00f3n y reducci\u00f3n de los precios de todos los combustibles, el control de precios de los productos esenciales, un mejor pago a productores agr\u00edcolas y frenar la expansi\u00f3n de la miner\u00eda.<\/p>\n<p>Las protestas dejan hasta ahora un fallecido y 61 manifestantes heridos, de ellos 18 graves, as\u00ed como 86 detenidos, seg\u00fan los datos de las organizaciones de derechos humanos, mientras que el Ministerio del Interior reporta 61 polic\u00edas con alg\u00fan tipo de lesi\u00f3n, as\u00ed como una decena de militares.<\/p>\n<\/div>\n<\/div>\n","protected":false},"excerpt":{"rendered":"<p>Las protestas en Ecuador completan su noveno d\u00eda. FOTO EFE &nbsp; &#8211; Los manifestantes realizaron ataques a las instalaciones de la Fiscal\u00eda General y en&hellip;<\/p>\n","protected":false},"author":99,"featured_media":503936,"comment_status":"open","ping_status":"open","sticky":false,"template":"","format":"standard","meta":{"footnotes":""},"categories":[23],"tags":[],"class_list":["post-503935","post","type-post","status-publish","format-standard","has-post-thumbnail","hentry","category-latinoamerica"],"_links":{"self":[{"href":"https:\/\/diarioelpopular.com\/index.php\/wp-json\/wp\/v2\/posts\/503935","targetHints":{"allow":["GET"]}}],"collection":[{"href":"https:\/\/diarioelpopular.com\/index.php\/wp-json\/wp\/v2\/posts"}],"about":[{"href":"https:\/\/diarioelpopular.com\/index.php\/wp-json\/wp\/v2\/types\/post"}],"author":[{"embeddable":true,"href":"https:\/\/diarioelpopular.com\/index.php\/wp-json\/wp\/v2\/users\/99"}],"replies":[{"embeddable":true,"href":"https:\/\/diarioelpopular.com\/index.php\/wp-json\/wp\/v2\/comments?post=503935"}],"version-history":[{"count":1,"href":"https:\/\/diarioelpopular.com\/index.php\/wp-json\/wp\/v2\/posts\/503935\/revisions"}],"predecessor-version":[{"id":503937,"href":"https:\/\/diarioelpopular.com\/index.php\/wp-json\/wp\/v2\/posts\/503935\/revisions\/503937"}],"wp:featuredmedia":[{"embeddable":true,"href":"https:\/\/diarioelpopular.com\/index.php\/wp-json\/wp\/v2\/media\/503936"}],"wp:attachment":[{"href":"https:\/\/diarioelpopular.com\/index.php\/wp-json\/wp\/v2\/media?parent=503935"}],"wp:term":[{"taxonomy":"category","embeddable":true,"href":"https:\/\/diarioelpopular.com\/index.php\/wp-json\/wp\/v2\/categories?post=503935"},{"taxonomy":"post_tag","embeddable":true,"href":"https:\/\/diarioelpopular.com\/index.php\/wp-json\/wp\/v2\/tags?post=503935"}],"curies":[{"name":"wp","href":"https:\/\/api.w.org\/{rel}","templated":true}]}}