{"id":503941,"date":"2022-06-22T09:15:33","date_gmt":"2022-06-22T13:15:33","guid":{"rendered":"https:\/\/diarioelpopular.com\/?p=503941"},"modified":"2022-06-22T09:15:33","modified_gmt":"2022-06-22T13:15:33","slug":"paro-nacional-de-codelco-dirigentes-afirman-que-50-mil-trabajadores-habrian-detenido-sus-faenas-y-todas-las-divisiones-estan-paralizadas","status":"publish","type":"post","link":"https:\/\/diarioelpopular.com\/index.php\/2022\/06\/22\/paro-nacional-de-codelco-dirigentes-afirman-que-50-mil-trabajadores-habrian-detenido-sus-faenas-y-todas-las-divisiones-estan-paralizadas\/","title":{"rendered":"Paro nacional de Codelco: dirigentes afirman que 50 mil trabajadores habr\u00edan detenido sus faenas y todas las divisiones est\u00e1n paralizadas"},"content":{"rendered":"<p>&nbsp;<\/p>\n<p><img loading=\"lazy\" decoding=\"async\" class=\"alignnone size-custom-full-size wp-image-503943\" src=\"https:\/\/diarioelpopular.com\/wp-content\/uploads\/2022\/06\/2DZ66CQDGJDQBJNCYHCW3HLNPA-636x424.jpg\" alt=\"\" width=\"636\" height=\"424\" srcset=\"https:\/\/diarioelpopular.com\/wp-content\/uploads\/2022\/06\/2DZ66CQDGJDQBJNCYHCW3HLNPA-636x424.jpg 636w, https:\/\/diarioelpopular.com\/wp-content\/uploads\/2022\/06\/2DZ66CQDGJDQBJNCYHCW3HLNPA-300x200.jpg 300w, https:\/\/diarioelpopular.com\/wp-content\/uploads\/2022\/06\/2DZ66CQDGJDQBJNCYHCW3HLNPA-768x512.jpg 768w, https:\/\/diarioelpopular.com\/wp-content\/uploads\/2022\/06\/2DZ66CQDGJDQBJNCYHCW3HLNPA-110x73.jpg 110w, https:\/\/diarioelpopular.com\/wp-content\/uploads\/2022\/06\/2DZ66CQDGJDQBJNCYHCW3HLNPA.jpg 900w\" sizes=\"auto, (max-width: 636px) 100vw, 636px\" \/><\/p>\n<p>&nbsp;<\/p>\n<h4><em><strong>&#8211; En diferentes puntos se han registrado manifestaciones por el cierre de la fundici\u00f3n Ventanas. &#8220;Estamos demostrando que cuando los trabajadores asumimos causas que son justas hay compromiso&#8221;, asegur\u00f3 el presidente de la Federaci\u00f3n de Trabajadores del Cobre, Amador Pantoja.<\/strong><\/em><\/h4>\n<p class=\"paragraph  \">Una serie de manifestaciones a nivel nacional se han registrado durante la jornada de este mi\u00e9rcoles tras elinici\u00f3 del paro de trabajadores de Codelco por el cierre de la fundici\u00f3n Ventanas.<\/p>\n<p class=\"paragraph  \">Poco antes de las 9.00 horas desde la planta ubicada en la comuna de Puchuncav\u00ed, Regi\u00f3n de Valpara\u00edso, el presidente de la Federaci\u00f3n de Trabajadores del Cobre, Amador Pantoja, realiz\u00f3 un balance de la movilizaci\u00f3n, se\u00f1alando que todas las divisiones de la minera estatal en el pa\u00eds estaban detenidas y 50 mil operarios participaban del paro.<\/p>\n<p class=\"paragraph  \">\u201cEstamos demostrando que cuando los trabajadores asumimos causas que son justas hay compromiso\u201d, asegur\u00f3.<\/p>\n<p class=\"paragraph  \">El dirigente inform\u00f3 que el gobierno pretende anunciar un plan de inversiones en Codelco y dicen que esperan que se invierta en Ventanas. Asegura que est\u00e1n disponibles a conversaciones<\/p>\n<p class=\"paragraph  \">n el caso de Fundici\u00f3n Ventanas, epicentro del conflicto, se reportaron\u00a0barricadas desde la madrugada de este mi\u00e9rcoles, con cortes intermitentes de tr\u00e1nsito en la Ruta F-30 E.<\/p>\n<p class=\"paragraph  \">Dirigentes de la Federaci\u00f3n de Trabajadores del Cobre (FTC), se\u00f1alaron durante la jornada del martes que\u00a0son 26 los sindicatos que se suman a la manifestaci\u00f3n,\u00a0a la vez que descartaron una reuni\u00f3n con el Gobierno durante la jornada de este mi\u00e9rcoles.<\/p>\n<p class=\"paragraph  \">Otro de los lugares donde se han registrado manifestaciones durante la ma\u00f1ana de este mi\u00e9rcoles, corresponde a\u00a0la divisi\u00f3n El Teniente, donde trabajadores mantienen un bloqueo en el ingreso,\u00a0por lo que los diferentes buses de transporte de trabajadores no han podido pasar.<\/p>\n<p class=\"paragraph  \">Las manifestaciones tambi\u00e9n se est\u00e1n produciendo en\u00a0la Divisi\u00f3n Chuquicamata, donde tambi\u00e9n est\u00e1 siendo bloqueada la entradaal lugar impidiendo el paso de trabajadores.<\/p>\n","protected":false},"excerpt":{"rendered":"<p>&nbsp; &nbsp; &#8211; En diferentes puntos se han registrado manifestaciones por el cierre de la fundici\u00f3n Ventanas. &#8220;Estamos demostrando que cuando los trabajadores asumimos causas&hellip;<\/p>\n","protected":false},"author":99,"featured_media":503943,"comment_status":"open","ping_status":"open","sticky":false,"template":"","format":"standard","meta":{"footnotes":""},"categories":[23],"tags":[],"class_list":["post-503941","post","type-post","status-publish","format-standard","has-post-thumbnail","hentry","category-latinoamerica"],"_links":{"self":[{"href":"https:\/\/diarioelpopular.com\/index.php\/wp-json\/wp\/v2\/posts\/503941","targetHints":{"allow":["GET"]}}],"collection":[{"href":"https:\/\/diarioelpopular.com\/index.php\/wp-json\/wp\/v2\/posts"}],"about":[{"href":"https:\/\/diarioelpopular.com\/index.php\/wp-json\/wp\/v2\/types\/post"}],"author":[{"embeddable":true,"href":"https:\/\/diarioelpopular.com\/index.php\/wp-json\/wp\/v2\/users\/99"}],"replies":[{"embeddable":true,"href":"https:\/\/diarioelpopular.com\/index.php\/wp-json\/wp\/v2\/comments?post=503941"}],"version-history":[{"count":1,"href":"https:\/\/diarioelpopular.com\/index.php\/wp-json\/wp\/v2\/posts\/503941\/revisions"}],"predecessor-version":[{"id":503944,"href":"https:\/\/diarioelpopular.com\/index.php\/wp-json\/wp\/v2\/posts\/503941\/revisions\/503944"}],"wp:featuredmedia":[{"embeddable":true,"href":"https:\/\/diarioelpopular.com\/index.php\/wp-json\/wp\/v2\/media\/503943"}],"wp:attachment":[{"href":"https:\/\/diarioelpopular.com\/index.php\/wp-json\/wp\/v2\/media?parent=503941"}],"wp:term":[{"taxonomy":"category","embeddable":true,"href":"https:\/\/diarioelpopular.com\/index.php\/wp-json\/wp\/v2\/categories?post=503941"},{"taxonomy":"post_tag","embeddable":true,"href":"https:\/\/diarioelpopular.com\/index.php\/wp-json\/wp\/v2\/tags?post=503941"}],"curies":[{"name":"wp","href":"https:\/\/api.w.org\/{rel}","templated":true}]}}