{"id":503965,"date":"2022-06-23T10:10:26","date_gmt":"2022-06-23T14:10:26","guid":{"rendered":"https:\/\/diarioelpopular.com\/?p=503965"},"modified":"2022-06-23T10:10:26","modified_gmt":"2022-06-23T14:10:26","slug":"gobierno-de-ecuador-no-acepta-condiciones-de-indigenas-para-suspender-protestas","status":"publish","type":"post","link":"https:\/\/diarioelpopular.com\/index.php\/2022\/06\/23\/gobierno-de-ecuador-no-acepta-condiciones-de-indigenas-para-suspender-protestas\/","title":{"rendered":"Gobierno de Ecuador no acepta condiciones de ind\u00edgenas para suspender protestas"},"content":{"rendered":"<p><img loading=\"lazy\" decoding=\"async\" class=\"alignnone size-custom-full-size wp-image-503966\" src=\"https:\/\/diarioelpopular.com\/wp-content\/uploads\/2022\/06\/D46TMJZRN2UYWKLPPKHEHWNR2E-636x424.jpg\" alt=\"\" width=\"636\" height=\"424\" srcset=\"https:\/\/diarioelpopular.com\/wp-content\/uploads\/2022\/06\/D46TMJZRN2UYWKLPPKHEHWNR2E-636x424.jpg 636w, https:\/\/diarioelpopular.com\/wp-content\/uploads\/2022\/06\/D46TMJZRN2UYWKLPPKHEHWNR2E-300x200.jpg 300w, https:\/\/diarioelpopular.com\/wp-content\/uploads\/2022\/06\/D46TMJZRN2UYWKLPPKHEHWNR2E-768x512.jpg 768w, https:\/\/diarioelpopular.com\/wp-content\/uploads\/2022\/06\/D46TMJZRN2UYWKLPPKHEHWNR2E-110x73.jpg 110w, https:\/\/diarioelpopular.com\/wp-content\/uploads\/2022\/06\/D46TMJZRN2UYWKLPPKHEHWNR2E.jpg 900w\" sizes=\"auto, (max-width: 636px) 100vw, 636px\" \/><\/p>\n<h4><em><strong>&#8211; El l\u00edder ind\u00edgena Leonidas Iza dijo que \u201csiempre hemos tenido apertura al di\u00e1logo, pero hemos dicho que los di\u00e1logos no pueden ser para burlarse del pueblo ecuatoriano\u201d. <\/strong><\/em><\/h4>\n<p>El presidente Guillermo Lasso, en tanto, expres\u00f3 que est\u00e1 dispuesto a acudir a una eventual negociaci\u00f3n en cualquier fecha, lugar, hora con los mediadores que se designen a fin de llegar a un consenso y terminar las violentas protestas que se prolongan por diez d\u00edas.<\/p>\n<p class=\"paragraph  \">El ministro de Gobierno de Ecuador dijo que las autoridades no aceptaron las condiciones impuestas por el sector ind\u00edgena como requisito parainiciar di\u00e1logos encaminados a buscar una salida pac\u00edfica a las protestas que ya llevan 10 d\u00edas y se han tornado violentas.<\/p>\n<p class=\"paragraph  \">El l\u00edder ind\u00edgena Leonidas Iza, al frente de cientos de manifestantes, dijo que \u201csiempre hemos tenido apertura al di\u00e1logo,\u00a0pero hemos dicho que los di\u00e1logos no pueden ser para burlarse del pueblo ecuatoriano\u201d\u00a0y advirti\u00f3 que \u201cya no tenemos condiciones para seguir sobreviviendo, ni siquiera viviendo, por lo cual nos pareci\u00f3 trasladarnos a Quito, frente a los o\u00eddos sordos del gobierno\u201d.<\/p>\n<p class=\"paragraph  \">Asever\u00f3 que \u201cvenimos por los 10 puntos y regresaremos con esos 10 puntos\u201d en referencia a una demanda que incluye\u00a0la reducci\u00f3n del precio de la gasolina de 2,55 a 2,10 d\u00f3lares por gal\u00f3n, la fijaci\u00f3n de precios de los productos agropecuarios y presupuesto para educaci\u00f3n intercultural, entre otros.<\/p>\n<p class=\"paragraph  \">La noche del martes, Iza exigi\u00f3 al gobierno que previo a un di\u00e1logo\u00a0elimine el estado de excepci\u00f3n en seis provincias\u00a0-donde se han registrado los mayores hechos de violencia-, que desmilitarice y elimine la dotaci\u00f3n policial alrededor de los sitios donde se encuentran en la capital y que les permitan llegar al parque de El Arbolito y la vecina Casa de la Cultura para concentrarse y mantener asambleas.<\/p>\n<p class=\"paragraph  \">\u201cNo es el momento de poner m\u00e1s condiciones, no es el momento de exigir mayores demandas,\u00a0es el momento de sentarse a conversar, estamos en el d\u00e9cimo d\u00eda de paro\u201d, dijo el ministro de Gobierno, Francisco Jim\u00e9nez por la ma\u00f1ana a la red de televisi\u00f3n Teleamazonas. \u201cY no podemos seguir esperando, la capital no puede seguir esperando, el pa\u00eds no puede seguir esperando\u201d.<\/p>\n<p class=\"paragraph  \">\u201cNo podemos levantar el estado de excepci\u00f3n porque eso es dejar indefensa la capital&#8230; primero hay que sentarse a conversar, a hablar, hay que poner los temas sobre la mesa\u201d, se\u00f1al\u00f3.<\/p>\n<div class=\"header | hl\">\n<div><b>Lasso intenta consenso<\/b><\/div>\n<\/div>\n<p class=\"paragraph  \">A\u00f1adi\u00f3 que el gobierno del presidente Guillermo Lasso est\u00e1 dispuesto a acudir a una eventual negociaci\u00f3n\u00a0en cualquier fecha, lugar, hora con los mediadores que se designen a fin de llegar a un consenso.<\/p>\n<p class=\"paragraph  \">M\u00e1s tarde en su cuenta de Twitter, Jim\u00e9nez dijo que recibieron una carta de respuesta de la Confederaci\u00f3n de Nacionalidades Ind\u00edgenas del Ecuador y sus organizaciones afines y que la estaban revisando para\u00a0\u201ciniciar un proceso de di\u00e1logo efectivo\u201d. No dio m\u00e1s detalles.<\/p>\n<p class=\"paragraph  \">Ante la situaci\u00f3n, las embajadas de la Uni\u00f3n Europea, Alemania, Estados Unidos, Gran Breta\u00f1a, Canad\u00e1, Francia, Espa\u00f1a, Italia, Espa\u00f1a y Suiza, en un comunicado p\u00fablico, expresaron \u201cpreocupaci\u00f3n por los continuos disturbios en el pa\u00eds, especialmente porque afectan a los derechos fundamentales de todos los ciudadanos\u201d\u00a0e invitaron a las partes al di\u00e1logo y \u201cla concreci\u00f3n de acuerdos\u201d encaminados a la reconciliaci\u00f3n, pacificaci\u00f3n y progreso.<\/p>\n<p class=\"paragraph  \">Por su parte, el Departamento de Estado de Estados Unidos aument\u00f3 el mi\u00e9rcoles su nivel de alerta para viajar a Ecuador y\u00a0advirti\u00f3 a los estadounidenses que reconsideren ir a ese pa\u00eds debido a los disturbios y la violencia delincuencial.<\/p>\n<p class=\"paragraph  \">La capital se mantuvo virtualmente paralizada, con muy poco tr\u00e1fico y buena parte del comercio cerrado.<\/p>\n","protected":false},"excerpt":{"rendered":"<p>&#8211; El l\u00edder ind\u00edgena Leonidas Iza dijo que \u201csiempre hemos tenido apertura al di\u00e1logo, pero hemos dicho que los di\u00e1logos no pueden ser para burlarse&hellip;<\/p>\n","protected":false},"author":99,"featured_media":503966,"comment_status":"open","ping_status":"open","sticky":false,"template":"","format":"standard","meta":{"footnotes":""},"categories":[23],"tags":[],"class_list":["post-503965","post","type-post","status-publish","format-standard","has-post-thumbnail","hentry","category-latinoamerica"],"_links":{"self":[{"href":"https:\/\/diarioelpopular.com\/index.php\/wp-json\/wp\/v2\/posts\/503965","targetHints":{"allow":["GET"]}}],"collection":[{"href":"https:\/\/diarioelpopular.com\/index.php\/wp-json\/wp\/v2\/posts"}],"about":[{"href":"https:\/\/diarioelpopular.com\/index.php\/wp-json\/wp\/v2\/types\/post"}],"author":[{"embeddable":true,"href":"https:\/\/diarioelpopular.com\/index.php\/wp-json\/wp\/v2\/users\/99"}],"replies":[{"embeddable":true,"href":"https:\/\/diarioelpopular.com\/index.php\/wp-json\/wp\/v2\/comments?post=503965"}],"version-history":[{"count":1,"href":"https:\/\/diarioelpopular.com\/index.php\/wp-json\/wp\/v2\/posts\/503965\/revisions"}],"predecessor-version":[{"id":503967,"href":"https:\/\/diarioelpopular.com\/index.php\/wp-json\/wp\/v2\/posts\/503965\/revisions\/503967"}],"wp:featuredmedia":[{"embeddable":true,"href":"https:\/\/diarioelpopular.com\/index.php\/wp-json\/wp\/v2\/media\/503966"}],"wp:attachment":[{"href":"https:\/\/diarioelpopular.com\/index.php\/wp-json\/wp\/v2\/media?parent=503965"}],"wp:term":[{"taxonomy":"category","embeddable":true,"href":"https:\/\/diarioelpopular.com\/index.php\/wp-json\/wp\/v2\/categories?post=503965"},{"taxonomy":"post_tag","embeddable":true,"href":"https:\/\/diarioelpopular.com\/index.php\/wp-json\/wp\/v2\/tags?post=503965"}],"curies":[{"name":"wp","href":"https:\/\/api.w.org\/{rel}","templated":true}]}}