{"id":503993,"date":"2022-06-24T09:14:59","date_gmt":"2022-06-24T13:14:59","guid":{"rendered":"https:\/\/diarioelpopular.com\/?p=503993"},"modified":"2022-06-24T09:14:59","modified_gmt":"2022-06-24T13:14:59","slug":"mexico-otra-matanza-tras-el-crimen-de-sacerdotes","status":"publish","type":"post","link":"https:\/\/diarioelpopular.com\/index.php\/2022\/06\/24\/mexico-otra-matanza-tras-el-crimen-de-sacerdotes\/","title":{"rendered":"M\u00e9xico: Otra matanza, tras el crimen de sacerdotes"},"content":{"rendered":"<p>&nbsp;<\/p>\n<p><img loading=\"lazy\" decoding=\"async\" class=\"alignnone size-custom-full-size wp-image-503994\" src=\"https:\/\/diarioelpopular.com\/wp-content\/uploads\/2022\/06\/4d7dfa971a9284f7c9e3e3091e59f807.jpg\" alt=\"\" width=\"476\" height=\"317\" srcset=\"https:\/\/diarioelpopular.com\/wp-content\/uploads\/2022\/06\/4d7dfa971a9284f7c9e3e3091e59f807.jpg 476w, https:\/\/diarioelpopular.com\/wp-content\/uploads\/2022\/06\/4d7dfa971a9284f7c9e3e3091e59f807-300x200.jpg 300w, https:\/\/diarioelpopular.com\/wp-content\/uploads\/2022\/06\/4d7dfa971a9284f7c9e3e3091e59f807-110x73.jpg 110w\" sizes=\"auto, (max-width: 476px) 100vw, 476px\" \/><\/p>\n<p><em>Tras el crimen de dos sacerdotes jesuitas, una nueva matanza sacude a M\u00e9xico<\/em><\/p>\n<p>&nbsp;<\/p>\n<h4><em><strong>&#8211; La violencia se agrava y los jesuitas denuncian &#8220;Estado fallido&#8221;<\/strong><\/em><\/h4>\n<p><em><strong>CIUDAD DE MEXICO, 24 JUN &#8211;<\/strong> <\/em>Un nuevo episodio sangriento, en la comunidad de El Salto, estado occidental de Jalisco, que dej\u00f3 al menos 12 muertos, se registr\u00f3 a s\u00f3lo unos d\u00edas del homicidio de dos sacerdotes, el cual desat\u00f3 duras cr\u00edticas, entre ellas la de rectores jesuitas que denunciaron la existencia de un &#8220;Estado fallido&#8221;.<\/p>\n<p>El enfrentamiento ocurrido anoche fuera de la finca Los Minerales, provoc\u00f3 el fallecimiento de cuatro polic\u00edas y ocho civiles, seg\u00fan el m\u00e1s reciente informe de las autoridades. El incidente ocurri\u00f3 cuando la polic\u00eda municipal recibi\u00f3 un reporte de dos personas secuestradas en una vivienda, pero cuando los agentes acudieron fueron recibidos a balazos y de inmediato repelieron la agresi\u00f3n.<\/p>\n<p>Las fuerzas del orden detuvieron a tres personas luego que llegaron refuerzos de la Guardia Nacional, el Ej\u00e9rcito y la polic\u00eda del estado. Este caso y el de los curas jesuitas asesinados el pasado lunes dentro de un templo en una comunidad rural del norte\u00f1o estado de Chihuahua son s\u00f3lo un ejemplo de c\u00f3mo el clima de violencia parece agravarse cada vez m\u00e1s en el pa\u00eds, azotado desde hace m\u00e1s de 15 a\u00f1os y medio por una espiral sangrienta que parece no tener fin.<\/p>\n<p>El pa\u00eds est\u00e1 cada vez m\u00e1s desgarrado por el crimen desde que el gobierno decidi\u00f3 en diciembre de 2006 lanzar una embestida a fondo contra las bandas delincuenciales, con apoyo de las Fuerzas Armadas, dejando hasta ahora m\u00e1s de 418.000 muertos y unos 100.000 desaparecidos.<\/p>\n<p>Tras la muerte de los religiosos, que desat\u00f3 un coro de cr\u00edticas, lamentaciones y condenas de todos los sectores e incluso a nivel internacional, incluido el propio Papa Francisco, rectores y directores del Sistema Universitario Jesuita denunciaron la existencia de un &#8220;Estado fallido&#8221; y dijeron que en el pa\u00eds &#8220;impera la ley de la selva. &#8220;La pol\u00edtica de seguridad no est\u00e1 sirviendo. Todo lo contrario, el narcotr\u00e1fico avanza.<\/p>\n<p>Estamos solos, abandonados, sometidos a la ley del m\u00e1s fuerte&#8221;, se\u00f1al\u00f3 en un comunicado el grupo de decanos de las universidades jesuitas, quienes exigieron &#8220;revisar el modelo de seguridad hasta hoy militarizado&#8221;. &#8220;Hay una institucionalidad d\u00e9bil, corrompida y omisa&#8221;, afirm\u00f3 la declaraci\u00f3n de los rectores, reunidos ayer en un congreso en la ciudad de Le\u00f3n, estado central de Guanajuato.<\/p>\n<p>El presidente Andr\u00e9s Manuel L\u00f3pez Obrador reaccion\u00f3 de inmediato a estas cr\u00edticas y pidi\u00f3 a los miembros de esa orden religiosa &#8220;ayudar para saber toda la verdad del asesinato de dos sacerdotes&#8221;. Al reconocer que los jesuitas &#8220;son misioneros y dedican su vida a ayudar a los d\u00e9biles&#8221;, ofreci\u00f3 &#8220;ir al fondo&#8221; del caso de los sacerdotes, para que &#8220;se conozca toda la verdad&#8221;. &#8220;Es seguro que los propios sacerdotes, los propios jesuitas que viv\u00edan ah\u00ed, las madres, saben todo y con mucho cuidado pueden ayudar, adem\u00e1s, son misioneros, hay gente que dedica su vida a ayudar a los m\u00e1s despose\u00eddos, a los abandonados, a los d\u00e9biles&#8221;, afirm\u00f3.<\/p>\n<p>L\u00f3pez Obrador indic\u00f3 que Jos\u00e9 Portillo Gil, alias &#8220;El Chueco&#8221;, el jefe de una c\u00e9lula del C\u00e1rtel de Jalisco que domina la regi\u00f3n donde fueron asesinados los jesuitas y un gu\u00eda de turistas, &#8220;tiene protecci\u00f3n y arreglos&#8221; con figuras de autoridad. Ayer fueron rescatados los cuerpos de dos sacerdotes jesuitas Javier Campos, de 79 a\u00f1os y Joaqu\u00edn Mora, de 80, y el gu\u00eda de turistas Pedro Palma, asesinados en el templo cat\u00f3lico en el municipio de Urique, donde \u00e9ste \u00faltimo se hab\u00eda refugiado tras ser perseguido por El Chueco.<\/p>\n<p>La Compa\u00f1\u00eda de Jes\u00fas se\u00f1al\u00f3 ayer mismo en un comunicado que &#8220;la Sierra Tarahumara, como muchas otras regiones del pa\u00eds, enfrenta condiciones de violencia y olvido que no han sido revertidas&#8221; y &#8220;todos los d\u00edas hombres y mujeres son privados arbitrariamente de la vida&#8221;. L\u00f3pez Obrador dijo que &#8220;aun cuando aparecen los cuerpos, se va a continuar la b\u00fasqueda de los responsables, y se va a hacer una investigaci\u00f3n a fondo&#8221; del caso, al que calific\u00f3 de &#8220;inaceptable&#8221; y dijo que es &#8220;extra\u00f1o&#8221; que el llamado Chueco gozara de &#8220;impunidad&#8221; e incluso que patrocinara un equipo de b\u00e9isbol.<\/p>\n<p>El mandatario agradeci\u00f3 el mensaje del Papa Francisco lamentando el asesinato de los jesuitas y dijo estar de acuerdo sobre que la situaci\u00f3n en el pa\u00eds es &#8220;muy dif\u00edcil y dolorosa&#8221;, al indicar que &#8220;la violencia no se enfrenta con violencia&#8221;.<\/p>\n","protected":false},"excerpt":{"rendered":"<p>&nbsp; Tras el crimen de dos sacerdotes jesuitas, una nueva matanza sacude a M\u00e9xico &nbsp; &#8211; La violencia se agrava y los jesuitas denuncian &#8220;Estado&hellip;<\/p>\n","protected":false},"author":99,"featured_media":503994,"comment_status":"open","ping_status":"open","sticky":false,"template":"","format":"standard","meta":{"footnotes":""},"categories":[23],"tags":[],"class_list":["post-503993","post","type-post","status-publish","format-standard","has-post-thumbnail","hentry","category-latinoamerica"],"_links":{"self":[{"href":"https:\/\/diarioelpopular.com\/index.php\/wp-json\/wp\/v2\/posts\/503993","targetHints":{"allow":["GET"]}}],"collection":[{"href":"https:\/\/diarioelpopular.com\/index.php\/wp-json\/wp\/v2\/posts"}],"about":[{"href":"https:\/\/diarioelpopular.com\/index.php\/wp-json\/wp\/v2\/types\/post"}],"author":[{"embeddable":true,"href":"https:\/\/diarioelpopular.com\/index.php\/wp-json\/wp\/v2\/users\/99"}],"replies":[{"embeddable":true,"href":"https:\/\/diarioelpopular.com\/index.php\/wp-json\/wp\/v2\/comments?post=503993"}],"version-history":[{"count":1,"href":"https:\/\/diarioelpopular.com\/index.php\/wp-json\/wp\/v2\/posts\/503993\/revisions"}],"predecessor-version":[{"id":503995,"href":"https:\/\/diarioelpopular.com\/index.php\/wp-json\/wp\/v2\/posts\/503993\/revisions\/503995"}],"wp:featuredmedia":[{"embeddable":true,"href":"https:\/\/diarioelpopular.com\/index.php\/wp-json\/wp\/v2\/media\/503994"}],"wp:attachment":[{"href":"https:\/\/diarioelpopular.com\/index.php\/wp-json\/wp\/v2\/media?parent=503993"}],"wp:term":[{"taxonomy":"category","embeddable":true,"href":"https:\/\/diarioelpopular.com\/index.php\/wp-json\/wp\/v2\/categories?post=503993"},{"taxonomy":"post_tag","embeddable":true,"href":"https:\/\/diarioelpopular.com\/index.php\/wp-json\/wp\/v2\/tags?post=503993"}],"curies":[{"name":"wp","href":"https:\/\/api.w.org\/{rel}","templated":true}]}}