{"id":503996,"date":"2022-06-24T09:25:37","date_gmt":"2022-06-24T13:25:37","guid":{"rendered":"https:\/\/diarioelpopular.com\/?p=503996"},"modified":"2022-06-24T09:25:37","modified_gmt":"2022-06-24T13:25:37","slug":"ecuador-frustran-ingreso-de-indigenas-al-congreso","status":"publish","type":"post","link":"https:\/\/diarioelpopular.com\/index.php\/2022\/06\/24\/ecuador-frustran-ingreso-de-indigenas-al-congreso\/","title":{"rendered":"Ecuador: frustran ingreso de ind\u00edgenas al Congreso"},"content":{"rendered":"<p>&nbsp;<\/p>\n<p><img loading=\"lazy\" decoding=\"async\" class=\"alignnone size-custom-full-size wp-image-503997\" src=\"https:\/\/diarioelpopular.com\/wp-content\/uploads\/2022\/06\/ecuador-636x392.jpg\" alt=\"\" width=\"636\" height=\"392\" srcset=\"https:\/\/diarioelpopular.com\/wp-content\/uploads\/2022\/06\/ecuador-636x392.jpg 636w, https:\/\/diarioelpopular.com\/wp-content\/uploads\/2022\/06\/ecuador-300x185.jpg 300w, https:\/\/diarioelpopular.com\/wp-content\/uploads\/2022\/06\/ecuador-768x473.jpg 768w, https:\/\/diarioelpopular.com\/wp-content\/uploads\/2022\/06\/ecuador-1200x739.jpg 1200w, https:\/\/diarioelpopular.com\/wp-content\/uploads\/2022\/06\/ecuador-118x73.jpg 118w, https:\/\/diarioelpopular.com\/wp-content\/uploads\/2022\/06\/ecuador.jpg 1024w\" sizes=\"auto, (max-width: 636px) 100vw, 636px\" \/><\/p>\n<p>&nbsp;<\/p>\n<h4 class=\"h2\"><em><strong>&#8211; Polic\u00eda los dispersa con gas lacrim\u00f3geno en las cercan\u00edas del recinto; presidente Lasso les permite congregarse en la emblem\u00e1tica Casa de la Cultura<\/strong><\/em><\/h4>\n<p><strong><em>QUITO, 24 JUN.-<\/em><\/strong> Miles de ind\u00edgenas intentaron entrar al Congreso de Ecuador ayer, en el und\u00e9cimo d\u00eda de protestas contra el gobierno, pero la polic\u00eda los dispers\u00f3 con bombas de gas lacrim\u00f3geno.<\/p>\n<p>Horas antes, el presidente derechista Guillermo Lasso les hab\u00eda permitido ingresar a la emblem\u00e1tica Casa de la Cultura, un lugar simb\u00f3lico para los pueblos originarios que desde el 13 de junio estuvo requisada por polic\u00edas, pero una nutrida facci\u00f3n de los manifestantes avanz\u00f3 luego hacia la Asamblea Nacional, a pocos metros y custodiada por un cord\u00f3n de militares y polic\u00edas que los ind\u00edgenas intentaron quebrar. Un grupo de mujeres encabezaba la protesta.<\/p>\n<p>Ante la presi\u00f3n, los uniformados reaccionaron con bombas de gas lacrim\u00f3geno y granadas aturdidoras, mientras los manifestantes lanzaban piedras.<\/p>\n<p>La multitud se repleg\u00f3 hacia un parque vecino a la Casa de la Cultura. El l\u00edder de las manifestaciones, Leonidas Iza, se vio sorprendido mientras daba una entrevista que fue interrumpida por las fuertes detonaciones.<\/p>\n<p>\u201cEso es una mala se\u00f1al realmente. Hab\u00edamos pedido a nuestras bases que simplemente podamos hacer una marcha pac\u00edfica\u201d, declar\u00f3 Iza, presidente de la poderosa Confederaci\u00f3n de Nacionalidades Ind\u00edgenas (Conaie).<\/p>\n<p>Iza hab\u00eda manifestado que los desmanes pueden llevar a la c\u00e1rcel a los dirigentes y que el prop\u00f3sito de su llegada a la capital es visibilizar que millones de ecuatorianos \u201cno estamos de acuerdo con las pol\u00edticas del gobierno nacional\u201d.<\/p>\n<p>Unos 14 mil manifestantes se movilizan en varios puntos del pa\u00eds para exigir alivios frente al elevado costo de vida, encarecido por el alza de combustibles.<\/p>\n<p>S\u00f3lo en Quito, unos 10 mil ind\u00edgenas presionan al presidente Lasso, aislado por Covid.<\/p>\n<p>En una econom\u00eda dolarizada, donde los combustibles son subsidiados, el incremento de la gasolina y el diesel encareci\u00f3 los fletes. Los ind\u00edgenas alegan que est\u00e1n cosechando a p\u00e9rdidas.<\/p>\n<p>El gobierno liber\u00f3 la Casa de la Cultura como un gesto de buena voluntad para iniciar conversaciones con los l\u00edderes de las protestas. \u201cEs un triunfo de la lucha\u201d, hab\u00eda celebrado Iza mientras temprano avanzaba hacia el \u00e1gora del centro cultural.<\/p>\n<p>El ministro de Gobierno, Francisco Jim\u00e9nez, dijo en un video difundido por la presidencia que se autoriz\u00f3 que los manifestantes se congreguen en la Casa de la Cultura para que puedan mantener asambleas \u201ccon orden y bajo su responsabilidad\u201d. Se\u00f1al\u00f3 que la decisi\u00f3n se tom\u00f3 \u201cen aras del di\u00e1logo y de la paz y tiene como \u00fanico prop\u00f3sito que cesen los cierres de v\u00edas, las manifestaciones violentas, los ataques en distintos lugares del pa\u00eds y exige como respuesta la libre movilidad de personas y bienes\u201d.<\/p>\n<p>Las ciudades de Ibarra, Cayambe, Otavalo, Latacunga, Ambato y Cuenca, entre las m\u00e1s importantes, casi no cuentan con reservas de gasolina y la provisi\u00f3n de alimentos es m\u00ednima debido a los cortes de carreteras. El edificio de la Fiscal\u00eda General amaneci\u00f3 con un fuerte resguardo policial y militar luego de que los manifestantes lo atacaron durante dos d\u00edas seguidos.<\/p>\n","protected":false},"excerpt":{"rendered":"<p>&nbsp; &nbsp; &#8211; Polic\u00eda los dispersa con gas lacrim\u00f3geno en las cercan\u00edas del recinto; presidente Lasso les permite congregarse en la emblem\u00e1tica Casa de la&hellip;<\/p>\n","protected":false},"author":99,"featured_media":503997,"comment_status":"open","ping_status":"open","sticky":false,"template":"","format":"standard","meta":{"footnotes":""},"categories":[23],"tags":[],"class_list":["post-503996","post","type-post","status-publish","format-standard","has-post-thumbnail","hentry","category-latinoamerica"],"_links":{"self":[{"href":"https:\/\/diarioelpopular.com\/index.php\/wp-json\/wp\/v2\/posts\/503996","targetHints":{"allow":["GET"]}}],"collection":[{"href":"https:\/\/diarioelpopular.com\/index.php\/wp-json\/wp\/v2\/posts"}],"about":[{"href":"https:\/\/diarioelpopular.com\/index.php\/wp-json\/wp\/v2\/types\/post"}],"author":[{"embeddable":true,"href":"https:\/\/diarioelpopular.com\/index.php\/wp-json\/wp\/v2\/users\/99"}],"replies":[{"embeddable":true,"href":"https:\/\/diarioelpopular.com\/index.php\/wp-json\/wp\/v2\/comments?post=503996"}],"version-history":[{"count":1,"href":"https:\/\/diarioelpopular.com\/index.php\/wp-json\/wp\/v2\/posts\/503996\/revisions"}],"predecessor-version":[{"id":503998,"href":"https:\/\/diarioelpopular.com\/index.php\/wp-json\/wp\/v2\/posts\/503996\/revisions\/503998"}],"wp:featuredmedia":[{"embeddable":true,"href":"https:\/\/diarioelpopular.com\/index.php\/wp-json\/wp\/v2\/media\/503997"}],"wp:attachment":[{"href":"https:\/\/diarioelpopular.com\/index.php\/wp-json\/wp\/v2\/media?parent=503996"}],"wp:term":[{"taxonomy":"category","embeddable":true,"href":"https:\/\/diarioelpopular.com\/index.php\/wp-json\/wp\/v2\/categories?post=503996"},{"taxonomy":"post_tag","embeddable":true,"href":"https:\/\/diarioelpopular.com\/index.php\/wp-json\/wp\/v2\/tags?post=503996"}],"curies":[{"name":"wp","href":"https:\/\/api.w.org\/{rel}","templated":true}]}}