{"id":504011,"date":"2022-06-25T12:48:36","date_gmt":"2022-06-25T16:48:36","guid":{"rendered":"https:\/\/diarioelpopular.com\/?p=504011"},"modified":"2022-06-25T12:48:36","modified_gmt":"2022-06-25T16:48:36","slug":"mexico-alta-inflacion-y-dinero-mas-caro","status":"publish","type":"post","link":"https:\/\/diarioelpopular.com\/index.php\/2022\/06\/25\/mexico-alta-inflacion-y-dinero-mas-caro\/","title":{"rendered":"M\u00e9xico: Alta inflaci\u00f3n y dinero m\u00e1s caro"},"content":{"rendered":"<p>&nbsp;<\/p>\n<p><img loading=\"lazy\" decoding=\"async\" class=\"alignnone size-custom-full-size wp-image-504012\" src=\"https:\/\/diarioelpopular.com\/wp-content\/uploads\/2022\/06\/da85db891468db2ba481af163bd7dce0.jpg\" alt=\"\" width=\"476\" height=\"280\" srcset=\"https:\/\/diarioelpopular.com\/wp-content\/uploads\/2022\/06\/da85db891468db2ba481af163bd7dce0.jpg 476w, https:\/\/diarioelpopular.com\/wp-content\/uploads\/2022\/06\/da85db891468db2ba481af163bd7dce0-300x176.jpg 300w, https:\/\/diarioelpopular.com\/wp-content\/uploads\/2022\/06\/da85db891468db2ba481af163bd7dce0-124x73.jpg 124w\" sizes=\"auto, (max-width: 476px) 100vw, 476px\" \/><\/p>\n<p><em>La inflaci\u00f3n oprime en M\u00e9xico<\/em><\/p>\n<h4><em><strong>&#8211; Alza hist\u00f3rica en r\u00e9ditos y el Banco Central amenaza con elevar nuevamente las tasas.<\/strong><\/em><\/h4>\n<p><em><strong>CIUDAD DE MEXICO, 25 JUN &#8211;<\/strong><\/em> La alta inflaci\u00f3n en M\u00e9xico que alcanz\u00f3 su nivel m\u00e1s alto en 21 a\u00f1os en la primera mitad de este mes orill\u00f3 a las autoridades monetarias a encarecer cada vez m\u00e1s el dinero, luego que decretaron un alza hist\u00f3rica en las tasas de inter\u00e9s del 0,75% y advirtieron que podr\u00eda haber m\u00e1s aumentos.<br \/>\nLos precios incontenibles de productos agropecuarios (que registran un encarecimiento de casi el doble del promedio, al llegar al 14%), las bebidas y el tabaco, as\u00ed como de los servicios han sido los impulsores de esta tendencia, derivada de la etapa post pandemia de Covid-19 y de la guerra entre Ucrania y Rusia iniciada el pasado 24 de febrero.<br \/>\n&#8220;En las siguientes decisiones, la Junta de Gobierno tiene la intenci\u00f3n de seguir aumentando la tasa de referencia y valorar\u00e1 actuar con la misma contundencia en caso de que se requiera&#8221;, indic\u00f3 el \u00f3rgano directivo del Banco de M\u00e9xico (Banxico, central), al decretar el incremento in\u00e9dito de los r\u00e9ditos.<br \/>\nLa medida, que eleva las tasas de referencia al 7,75%, el nivel m\u00e1s alto desde 2019, amenaza con tornar inalcanzables para las clases medias y bajas los cr\u00e9ditos al consumo, de autom\u00f3viles y de hipotecas, adem\u00e1s de que podr\u00eda golpear fuertemente sobre todo a los peque\u00f1os negocios y sus planes de expansi\u00f3n.<br \/>\nDesde 2008, cuando comenzaron a aplicarse las tasas de inter\u00e9s de referencia que regulan a todo el sistema financiero mexicano, nunca se hab\u00eda registrado un aumento de esta magnitud, que sigue a la misma medida adoptada recientemente por la autoridad monetaria estadounidense.<br \/>\nLos cinco integrantes de la Junta de Gobierno del Banxico argumentaron que se vieron orillados a adoptar resta resoluci\u00f3n ante el &#8220;detrimento de las condiciones financieras globales, el entorno de una acentuada incertidumbre, las presiones inflacionarias asociadas a la guerra entre Rusia y Ucrania y el resurgimiento del Covid-19&#8221; en China.<br \/>\n&#8220;Algo positivo es la votaci\u00f3n un\u00e1nime&#8221; porque representa una &#8220;se\u00f1al&#8221; de que los responsables del banco central act\u00faan de manera consensuada, tomando &#8220;las decisiones necesarias para combatir la inflaci\u00f3n&#8221;, estim\u00f3 Janneth Quirozk, subdirectora de An\u00e1lisis Econ\u00f3mico de la firma Monex.<br \/>\nLos expertos adelantaron que podr\u00eda ocurrir un aumento de hasta un punto en la pr\u00f3xima reuni\u00f3n de la Junta de Gobierno del Banxico, en agosto pr\u00f3ximo, si la Reserva Federal de Estados Unidos adopta una medida similar.<br \/>\nPara el tercer trimestre del presente a\u00f1o el banco central mexicano contempla que se alcanza el pico m\u00e1ximo de la inflaci\u00f3n, que podr\u00eda llegar al 8,1%.<br \/>\nBanxico se\u00f1al\u00f3 que el alza de las tasas ocurri\u00f3 por las &#8220;presiones inflacionarias&#8221; que fueron &#8220;mayores a las anticipadas&#8221;, por la persistencia de la inflaci\u00f3n subyacente (que excluye los productos vol\u00e1tiles como la energ\u00eda y los alimentos) en niveles elevados y por las presiones inflacionarias externas derivadas de la pandemia.<br \/>\nAdem\u00e1s, la instituci\u00f3n aut\u00f3noma identific\u00f3 la existencia de mayores presiones en los precios agropecuarios y energ\u00e9ticos por la invasi\u00f3n de Rusia en Ucrania.<br \/>\nAl empeorar &#8220;las condiciones financieras globales&#8221; y mantenerse un &#8220;entorno de acentuada incertidumbre&#8221;, que va acompa\u00f1ada de &#8220;presiones inflacionarias&#8221; a nivel mundial, el Banxico busca establecer las bases para alcanzar la meta de inflaci\u00f3n del 3% en 2024.<br \/>\nEl presidente Andr\u00e9s Manuel L\u00f3pez Obrador cuestion\u00f3 la decisi\u00f3n del banco central de encarecer el dinero acus\u00f3 a los expertos en econom\u00eda de esa entidad de no buscar &#8220;otras medidas u opciones para combatir la inflaci\u00f3n en el pa\u00eds&#8221;.<br \/>\nMuchos de los t\u00e9cnicos &#8220;se creen cient\u00edficos&#8221;, sin haber indagado m\u00e1s, afirm\u00f3 aunque dijo respetar la autonom\u00eda del Banco de M\u00e9xico.<br \/>\nSin embargo, dijo que &#8220;ya deber\u00edan de pensar los t\u00e9cnicos&#8221; no s\u00f3lo de la autoridad monetaria del pa\u00eds sino de otros bancos centrales, sin pensar en el impacto que tiene esta medida en la econom\u00eda.<br \/>\nPero los expertos estiman que no hay muchas opciones y &#8220;el \u00fanico recurso que queda es apretar la demanda y ampliar la oferta&#8221; para &#8220;alentar la inversi\u00f3n privada, elevar la productividad, y con ello crear una base firme para la estabilidad en el mediano plazo&#8221;, como se\u00f1al\u00f3 el analista Enrique Quintana.<\/p>\n","protected":false},"excerpt":{"rendered":"<p>&nbsp; La inflaci\u00f3n oprime en M\u00e9xico &#8211; Alza hist\u00f3rica en r\u00e9ditos y el Banco Central amenaza con elevar nuevamente las tasas. CIUDAD DE MEXICO, 25&hellip;<\/p>\n","protected":false},"author":99,"featured_media":504012,"comment_status":"open","ping_status":"open","sticky":false,"template":"","format":"standard","meta":{"footnotes":""},"categories":[23],"tags":[],"class_list":["post-504011","post","type-post","status-publish","format-standard","has-post-thumbnail","hentry","category-latinoamerica"],"_links":{"self":[{"href":"https:\/\/diarioelpopular.com\/index.php\/wp-json\/wp\/v2\/posts\/504011","targetHints":{"allow":["GET"]}}],"collection":[{"href":"https:\/\/diarioelpopular.com\/index.php\/wp-json\/wp\/v2\/posts"}],"about":[{"href":"https:\/\/diarioelpopular.com\/index.php\/wp-json\/wp\/v2\/types\/post"}],"author":[{"embeddable":true,"href":"https:\/\/diarioelpopular.com\/index.php\/wp-json\/wp\/v2\/users\/99"}],"replies":[{"embeddable":true,"href":"https:\/\/diarioelpopular.com\/index.php\/wp-json\/wp\/v2\/comments?post=504011"}],"version-history":[{"count":1,"href":"https:\/\/diarioelpopular.com\/index.php\/wp-json\/wp\/v2\/posts\/504011\/revisions"}],"predecessor-version":[{"id":504013,"href":"https:\/\/diarioelpopular.com\/index.php\/wp-json\/wp\/v2\/posts\/504011\/revisions\/504013"}],"wp:featuredmedia":[{"embeddable":true,"href":"https:\/\/diarioelpopular.com\/index.php\/wp-json\/wp\/v2\/media\/504012"}],"wp:attachment":[{"href":"https:\/\/diarioelpopular.com\/index.php\/wp-json\/wp\/v2\/media?parent=504011"}],"wp:term":[{"taxonomy":"category","embeddable":true,"href":"https:\/\/diarioelpopular.com\/index.php\/wp-json\/wp\/v2\/categories?post=504011"},{"taxonomy":"post_tag","embeddable":true,"href":"https:\/\/diarioelpopular.com\/index.php\/wp-json\/wp\/v2\/tags?post=504011"}],"curies":[{"name":"wp","href":"https:\/\/api.w.org\/{rel}","templated":true}]}}