{"id":504015,"date":"2022-06-26T09:39:51","date_gmt":"2022-06-26T13:39:51","guid":{"rendered":"https:\/\/diarioelpopular.com\/?p=504015"},"modified":"2022-06-26T09:39:51","modified_gmt":"2022-06-26T13:39:51","slug":"ecuador-gobierno-y-conaie-dialogan","status":"publish","type":"post","link":"https:\/\/diarioelpopular.com\/index.php\/2022\/06\/26\/ecuador-gobierno-y-conaie-dialogan\/","title":{"rendered":"Ecuador: Gobierno y CONAIE dialogan"},"content":{"rendered":"<p>&nbsp;<\/p>\n<p><img loading=\"lazy\" decoding=\"async\" class=\"alignnone size-custom-full-size wp-image-504016\" src=\"https:\/\/diarioelpopular.com\/wp-content\/uploads\/2022\/06\/756e7abc5e07f6a653deb90b1d8e4eb5.jpg\" alt=\"\" width=\"476\" height=\"317\" srcset=\"https:\/\/diarioelpopular.com\/wp-content\/uploads\/2022\/06\/756e7abc5e07f6a653deb90b1d8e4eb5.jpg 476w, https:\/\/diarioelpopular.com\/wp-content\/uploads\/2022\/06\/756e7abc5e07f6a653deb90b1d8e4eb5-300x200.jpg 300w, https:\/\/diarioelpopular.com\/wp-content\/uploads\/2022\/06\/756e7abc5e07f6a653deb90b1d8e4eb5-110x73.jpg 110w\" sizes=\"auto, (max-width: 476px) 100vw, 476px\" \/><\/p>\n<p><em>Cientos de personas participan en la Marcha de las Mujeres, en apoyo de la huelga nacional proclamada por la CONAIE. (foto: EPA)<\/em><\/p>\n<p><em><strong>&#8211; Durante el d\u00eda 13 de la huelga por tiempo indeterminado proclamaba por la Confederaci\u00f3n de las Nacionalidades Ind\u00edgenas de Ecuador (CONAIE), una delegaci\u00f3n del gobierno del presidente Guillermo Lasso y otra de los manifestantes se reunieron para verificar la posibilidad de un di\u00e1logo.<\/strong><\/em><\/p>\n<p><em><strong>QUITO, 26 JUN &#8211;<\/strong> <\/em>\u00a0Seg\u00fan el presidente del Parlamento ecuatoriano, Virgilio Saquicela, refiere el portal de noticias Primicias, la CONAIE y otros grupos ind\u00edgenas exploran la factibilidad de designar una comisi\u00f3n para encaminar un di\u00e1logo con el gobierno.<br \/>\nEl clima existente impide pensar por cierto en una suspensi\u00f3n de las protestas, porque hasta ahora los des\u00f3rdenes produjeron un saldo de cinco muertos y no menos de 200 heridos entre los manifestantes y las fuerzas de seguridad, mientras la Fiscal\u00eda abri\u00f3 54 procesos penales por delitos que van desde el robo al terrorismo.<br \/>\nEl viernes por la ma\u00f1ana se tuvo conocimiento de que Saquicela organiz\u00f3 un encuentro entre los representantes de las organizaciones ind\u00edgenas y el gobierno, y el propio presidente del Parlamento sucesivamente confirm\u00f3 que hubo un primer acercamiento entre las dos partes, gracias a la mediaci\u00f3n del \u00f3rgano legislativo y de la Iglesia Cat\u00f3lica.<br \/>\nEn el encuentro, ocurrido en la Bas\u00edlica del Voto Nacional, en Quito, participaron junto al presidente de la CONAIE, Le\u00f3nidas Iza, y los delegados de otras organizaciones ind\u00edgenas, el ministro del Interior, Francisco Jim\u00e9nez, y el de Exteriores, Juan Carlos Holgu\u00edn.<br \/>\nEstaban presentes adem\u00e1s los presidentes del Consejo Electoral Nacional y de la Vigilancia y Transparencia.<\/p>\n","protected":false},"excerpt":{"rendered":"<p>&nbsp; Cientos de personas participan en la Marcha de las Mujeres, en apoyo de la huelga nacional proclamada por la CONAIE. (foto: EPA) &#8211; Durante&hellip;<\/p>\n","protected":false},"author":99,"featured_media":504016,"comment_status":"open","ping_status":"open","sticky":false,"template":"","format":"standard","meta":{"footnotes":""},"categories":[23],"tags":[],"class_list":["post-504015","post","type-post","status-publish","format-standard","has-post-thumbnail","hentry","category-latinoamerica"],"_links":{"self":[{"href":"https:\/\/diarioelpopular.com\/index.php\/wp-json\/wp\/v2\/posts\/504015","targetHints":{"allow":["GET"]}}],"collection":[{"href":"https:\/\/diarioelpopular.com\/index.php\/wp-json\/wp\/v2\/posts"}],"about":[{"href":"https:\/\/diarioelpopular.com\/index.php\/wp-json\/wp\/v2\/types\/post"}],"author":[{"embeddable":true,"href":"https:\/\/diarioelpopular.com\/index.php\/wp-json\/wp\/v2\/users\/99"}],"replies":[{"embeddable":true,"href":"https:\/\/diarioelpopular.com\/index.php\/wp-json\/wp\/v2\/comments?post=504015"}],"version-history":[{"count":1,"href":"https:\/\/diarioelpopular.com\/index.php\/wp-json\/wp\/v2\/posts\/504015\/revisions"}],"predecessor-version":[{"id":504017,"href":"https:\/\/diarioelpopular.com\/index.php\/wp-json\/wp\/v2\/posts\/504015\/revisions\/504017"}],"wp:featuredmedia":[{"embeddable":true,"href":"https:\/\/diarioelpopular.com\/index.php\/wp-json\/wp\/v2\/media\/504016"}],"wp:attachment":[{"href":"https:\/\/diarioelpopular.com\/index.php\/wp-json\/wp\/v2\/media?parent=504015"}],"wp:term":[{"taxonomy":"category","embeddable":true,"href":"https:\/\/diarioelpopular.com\/index.php\/wp-json\/wp\/v2\/categories?post=504015"},{"taxonomy":"post_tag","embeddable":true,"href":"https:\/\/diarioelpopular.com\/index.php\/wp-json\/wp\/v2\/tags?post=504015"}],"curies":[{"name":"wp","href":"https:\/\/api.w.org\/{rel}","templated":true}]}}